{"id":24876,"date":"2025-03-31T13:39:55","date_gmt":"2025-03-31T11:39:55","guid":{"rendered":"https:\/\/plazadetoroslamalagueta.com\/la-malagueta-si-apre-con-le-stelle-della-corrida\/"},"modified":"2025-03-31T13:53:45","modified_gmt":"2025-03-31T11:53:45","slug":"la-malagueta-si-apre-con-le-stelle-della-corrida","status":"publish","type":"post","link":"https:\/\/plazadetoroslamalagueta.com\/it\/la-malagueta-si-apre-con-le-stelle-della-corrida\/","title":{"rendered":"La Malagueta si apre con le stelle della corrida"},"content":{"rendered":"<section class=\"l-section wpb_row height_medium\"><div class=\"l-section-h i-cf\"><div class=\"g-cols vc_row via_grid cols_1 laptops-cols_inherit tablets-cols_inherit mobiles-cols_1 valign_top type_default stacking_default\"><div class=\"wpb_column vc_column_container\"><div class=\"vc_column-inner\"><div class=\"wpb_text_column\"><div class=\"wpb_wrapper\"><h1><strong>La Malagueta si apre con le stelle della corrida<\/strong><\/h1>\n<\/div><\/div><div class=\"w-separator size_medium\"><\/div><div class=\"w-image align_none\"><div class=\"w-image-h\"><img decoding=\"async\" width=\"1024\" height=\"683\" src=\"https:\/\/plazadetoroslamalagueta.com\/wp-content\/uploads\/2025\/03\/juanortegaceit7-1024x683.jpeg\" class=\"attachment-large size-large\" alt=\"\" loading=\"lazy\" srcset=\"https:\/\/plazadetoroslamalagueta.com\/wp-content\/uploads\/2025\/03\/juanortegaceit7-1024x683.jpeg 1024w, https:\/\/plazadetoroslamalagueta.com\/wp-content\/uploads\/2025\/03\/juanortegaceit7-300x200.jpeg 300w, https:\/\/plazadetoroslamalagueta.com\/wp-content\/uploads\/2025\/03\/juanortegaceit7.jpeg 1536w\" sizes=\"auto, (max-width: 1024px) 100vw, 1024px\" \/><\/div><\/div><\/div><\/div><\/div><\/div><\/section><section class=\"l-section wpb_row height_medium\"><div class=\"l-section-h i-cf\"><div class=\"g-cols vc_row via_grid cols_1 laptops-cols_inherit tablets-cols_inherit mobiles-cols_1 valign_top type_default stacking_default\"><div class=\"wpb_column vc_column_container\"><div class=\"vc_column-inner\"><div class=\"wpb_text_column\"><div class=\"wpb_wrapper\"><h3>Tradizione e modernit\u00e0: i toreri Juan Ortega e Roca Rey in tourn\u00e9e al CEIT di Malaga<\/h3>\n<\/div><\/div><div class=\"wpb_text_column\"><div class=\"wpb_wrapper\"><p>Lo scorso <strong>gioved\u00ec 27 marzo<\/strong>, l&#8217;<strong>arena La Malagueta di Malaga<\/strong> \u00e8 stata teatro di un <strong>evento eccezionale nell&#8217;ambito della corrida e della cultura<\/strong>. I famosi matador <strong>Juan Ortega e Roca Rey hanno visitato il Centro de<\/strong><strong style=\"letter-spacing: 0em;\">Experiencias Inmersivas de la Tauromaquia (CEIT)<\/strong><span style=\"letter-spacing: 0em;\">, uno spazio dedicato alla diffusione e alla conservazione della ricca tradizione taurina della regione.<\/span> <\/p>\n<p>Durante la loro visita, i toreri hanno visitato le strutture del CEIT, dove hanno potuto <strong>vedere mostre interattive e contenuti multimediali che raccontano la storia e l&#8217;evoluzione della corrida a Malaga e in Spagna.<\/strong> Questa iniziativa fa parte delle attivit\u00e0 commemorative per il 150\u00b0 anniversario de La Malagueta, un evento che sar\u00e0 celebrato nel 2026 e che ha gi\u00e0 iniziato a essere onorato con vari eventi culturali e corride.\ue206<\/p>\n<p><strong>Uno degli eventi pi\u00f9 attesi in questo contesto \u00e8 la Corrida Picassiana, in programma il 19 aprile.<\/strong><strong style=\"letter-spacing: 0em;\">il 19 aprile<\/strong><span style=\"letter-spacing: 0em;\">. La corrida vedr\u00e0 la partecipazione di Juan Ortega e Roca Rey, oltre al torero di Malaga Sa\u00fal Jim\u00e9nez Fortes. I tre combatteranno contro i tori dell&#8217;arena di \u00c1lvaro N\u00fa\u00f1ez in una corrida che si preannuncia memorabile. L&#8217;arena sar\u00e0 decorata con uno stile speciale, ispirato alle diverse epoche della storia.     <\/span><strong style=\"letter-spacing: 0em;\">Pablo Picasso, un&#8217;opera del pittore Pablo Alonso Herr\u00e1iz,<\/strong><span style=\"letter-spacing: 0em;\">  che ha anche disegnato il poster ufficiale dell&#8217;evento. Questa scenografia includer\u00e0 elementi che richiamano le origini de La Malagueta, come le strisce rosse dell&#8217;arena e la decorazione dei palchi con ghirlande, bandiere e scialli di manila. <\/span><\/p>\n<p>La visita di Juan Ortega e Roca Rey al CEIT sottolinea l&#8217;importanza di fondere tradizione e modernit\u00e0 nella corrida, avvicinando questa manifestazione culturale alle nuove generazioni e riaffermandone la rilevanza nel panorama culturale contemporaneo.<\/p>\n<\/div><\/div><div class=\"w-separator size_medium\"><\/div><div class=\"w-btn-wrapper align_center\"><a class=\"w-btn us-btn-style_1\" href=\"https:\/\/lamalaguetatour.com\/visitas-individuales\/\"><span class=\"w-btn-label\">Acquista i biglietti<\/span><\/a><\/div><\/div><\/div><\/div><\/div><\/section><section class=\"l-section wpb_row height_medium\"><div class=\"l-section-h i-cf\"><div class=\"g-cols vc_row via_grid cols_1 laptops-cols_inherit tablets-cols_inherit mobiles-cols_1 valign_top type_default stacking_default\"><div class=\"wpb_column vc_column_container\"><div class=\"vc_column-inner\"><div class=\"w-gallery fit_cover type_grid ratio_1x1 count_8\" style=\"--columns:4;--items-gap:10px;\"><div class=\"w-gallery-list\"><div class=\"w-gallery-item\"><div class=\"w-gallery-item-img\"><img loading=\"lazy\" decoding=\"async\" width=\"1024\" height=\"682\" src=\"https:\/\/plazadetoroslamalagueta.com\/wp-content\/uploads\/2025\/03\/juanortega-malagueta-1024x682.jpeg\" class=\"attachment-large size-large\" alt=\"\" srcset=\"https:\/\/plazadetoroslamalagueta.com\/wp-content\/uploads\/2025\/03\/juanortega-malagueta-1024x682.jpeg 1024w, https:\/\/plazadetoroslamalagueta.com\/wp-content\/uploads\/2025\/03\/juanortega-malagueta-300x200.jpeg 300w, https:\/\/plazadetoroslamalagueta.com\/wp-content\/uploads\/2025\/03\/juanortega-malagueta.jpeg 1600w\" sizes=\"auto, (max-width: 1024px) 100vw, 1024px\" \/><\/div><\/div><div class=\"w-gallery-item\"><div class=\"w-gallery-item-img\"><img loading=\"lazy\" decoding=\"async\" width=\"1024\" height=\"683\" src=\"https:\/\/plazadetoroslamalagueta.com\/wp-content\/uploads\/2025\/03\/La-Malagueta-Tour-CEIT-11-1024x683.jpeg\" class=\"attachment-large size-large\" alt=\"\" srcset=\"https:\/\/plazadetoroslamalagueta.com\/wp-content\/uploads\/2025\/03\/La-Malagueta-Tour-CEIT-11-1024x683.jpeg 1024w, https:\/\/plazadetoroslamalagueta.com\/wp-content\/uploads\/2025\/03\/La-Malagueta-Tour-CEIT-11-300x200.jpeg 300w, https:\/\/plazadetoroslamalagueta.com\/wp-content\/uploads\/2025\/03\/La-Malagueta-Tour-CEIT-11.jpeg 2048w\" sizes=\"auto, (max-width: 1024px) 100vw, 1024px\" \/><\/div><\/div><div class=\"w-gallery-item\"><div class=\"w-gallery-item-img\"><img loading=\"lazy\" decoding=\"async\" width=\"1024\" height=\"683\" src=\"https:\/\/plazadetoroslamalagueta.com\/wp-content\/uploads\/2025\/03\/La-Malagueta-Tour-CEIT-67-1024x683.jpg\" class=\"attachment-large size-large\" alt=\"\" srcset=\"https:\/\/plazadetoroslamalagueta.com\/wp-content\/uploads\/2025\/03\/La-Malagueta-Tour-CEIT-67-1024x683.jpg 1024w, https:\/\/plazadetoroslamalagueta.com\/wp-content\/uploads\/2025\/03\/La-Malagueta-Tour-CEIT-67-300x200.jpg 300w\" sizes=\"auto, (max-width: 1024px) 100vw, 1024px\" \/><\/div><\/div><div class=\"w-gallery-item\"><div class=\"w-gallery-item-img\"><img loading=\"lazy\" decoding=\"async\" width=\"1024\" height=\"682\" src=\"https:\/\/plazadetoroslamalagueta.com\/wp-content\/uploads\/2025\/03\/La-Malagueta-Tour-CEIT-10-1024x682.jpeg\" class=\"attachment-large size-large\" alt=\"\" srcset=\"https:\/\/plazadetoroslamalagueta.com\/wp-content\/uploads\/2025\/03\/La-Malagueta-Tour-CEIT-10-1024x682.jpeg 1024w, https:\/\/plazadetoroslamalagueta.com\/wp-content\/uploads\/2025\/03\/La-Malagueta-Tour-CEIT-10-300x200.jpeg 300w, https:\/\/plazadetoroslamalagueta.com\/wp-content\/uploads\/2025\/03\/La-Malagueta-Tour-CEIT-10.jpeg 2048w\" sizes=\"auto, (max-width: 1024px) 100vw, 1024px\" \/><\/div><\/div><div class=\"w-gallery-item\"><div class=\"w-gallery-item-img\"><img loading=\"lazy\" decoding=\"async\" width=\"1024\" height=\"682\" src=\"https:\/\/plazadetoroslamalagueta.com\/wp-content\/uploads\/2025\/03\/La-Malagueta-Tour-CEIT-4-1024x682.jpeg\" class=\"attachment-large size-large\" alt=\"\" srcset=\"https:\/\/plazadetoroslamalagueta.com\/wp-content\/uploads\/2025\/03\/La-Malagueta-Tour-CEIT-4-1024x682.jpeg 1024w, https:\/\/plazadetoroslamalagueta.com\/wp-content\/uploads\/2025\/03\/La-Malagueta-Tour-CEIT-4-300x200.jpeg 300w, https:\/\/plazadetoroslamalagueta.com\/wp-content\/uploads\/2025\/03\/La-Malagueta-Tour-CEIT-4.jpeg 2048w\" sizes=\"auto, (max-width: 1024px) 100vw, 1024px\" \/><\/div><\/div><div class=\"w-gallery-item\"><div class=\"w-gallery-item-img\"><img loading=\"lazy\" decoding=\"async\" width=\"1024\" height=\"683\" src=\"https:\/\/plazadetoroslamalagueta.com\/wp-content\/uploads\/2025\/03\/La-Malagueta-Tour-CEIT-7-1024x683.jpeg\" class=\"attachment-large size-large\" alt=\"\" srcset=\"https:\/\/plazadetoroslamalagueta.com\/wp-content\/uploads\/2025\/03\/La-Malagueta-Tour-CEIT-7-1024x683.jpeg 1024w, https:\/\/plazadetoroslamalagueta.com\/wp-content\/uploads\/2025\/03\/La-Malagueta-Tour-CEIT-7-300x200.jpeg 300w, https:\/\/plazadetoroslamalagueta.com\/wp-content\/uploads\/2025\/03\/La-Malagueta-Tour-CEIT-7.jpeg 2048w\" sizes=\"auto, (max-width: 1024px) 100vw, 1024px\" \/><\/div><\/div><div class=\"w-gallery-item\"><div class=\"w-gallery-item-img\"><img loading=\"lazy\" decoding=\"async\" width=\"1024\" height=\"682\" src=\"https:\/\/plazadetoroslamalagueta.com\/wp-content\/uploads\/2025\/03\/apertura-ceit-picassiana--1024x682.webp\" class=\"attachment-large size-large\" alt=\"\" srcset=\"https:\/\/plazadetoroslamalagueta.com\/wp-content\/uploads\/2025\/03\/apertura-ceit-picassiana--1024x682.webp 1024w, https:\/\/plazadetoroslamalagueta.com\/wp-content\/uploads\/2025\/03\/apertura-ceit-picassiana--300x200.webp 300w, https:\/\/plazadetoroslamalagueta.com\/wp-content\/uploads\/2025\/03\/apertura-ceit-picassiana-.webp 1550w\" sizes=\"auto, (max-width: 1024px) 100vw, 1024px\" \/><\/div><\/div><div class=\"w-gallery-item\"><div class=\"w-gallery-item-img\"><img loading=\"lazy\" decoding=\"async\" width=\"683\" height=\"1024\" src=\"https:\/\/plazadetoroslamalagueta.com\/wp-content\/uploads\/2025\/03\/La-Malagueta-Tour-CEIT-62-683x1024.jpg\" class=\"attachment-large size-large\" alt=\"\" srcset=\"https:\/\/plazadetoroslamalagueta.com\/wp-content\/uploads\/2025\/03\/La-Malagueta-Tour-CEIT-62-683x1024.jpg 683w, https:\/\/plazadetoroslamalagueta.com\/wp-content\/uploads\/2025\/03\/La-Malagueta-Tour-CEIT-62-200x300.jpg 200w, https:\/\/plazadetoroslamalagueta.com\/wp-content\/uploads\/2025\/03\/La-Malagueta-Tour-CEIT-62-300x450.jpg 300w, https:\/\/plazadetoroslamalagueta.com\/wp-content\/uploads\/2025\/03\/La-Malagueta-Tour-CEIT-62-scaled.jpg 1707w\" sizes=\"auto, (max-width: 683px) 100vw, 683px\" \/><\/div><\/div><\/div><\/div><\/div><\/div><\/div><\/div><\/section>\n","protected":false},"excerpt":{"rendered":"La Malagueta si apre con le stelle della corrida Tradizione e modernit\u00e0: i toreri Juan Ortega e Roca Rey in tourn\u00e9e al CEIT di Malaga Lo scorso gioved\u00ec 27 marzo, l&#8217;arena La Malagueta di Malaga \u00e8 stata teatro di un evento eccezionale nell&#8217;ambito della corrida e della cultura. I famosi matador Juan Ortega e Roca...","protected":false},"author":4,"featured_media":24816,"comment_status":"open","ping_status":"open","sticky":false,"template":"","format":"standard","meta":{"footnotes":""},"categories":[556],"tags":[],"class_list":["post-24876","post","type-post","status-publish","format-standard","has-post-thumbnail","hentry","category-informazioni-sulla-piazza"],"yoast_head":"<!-- This site is optimized with the Yoast SEO plugin v27.4 - https:\/\/yoast.com\/product\/yoast-seo-wordpress\/ -->\n<title>La Malagueta si apre con le stelle della corrida - Plaza de Toros La Malagueta<\/title>\n<meta name=\"robots\" content=\"index, follow, max-snippet:-1, max-image-preview:large, max-video-preview:-1\" \/>\n<link rel=\"canonical\" href=\"https:\/\/plazadetoroslamalagueta.com\/it\/la-malagueta-si-apre-con-le-stelle-della-corrida\/\" \/>\n<meta property=\"og:locale\" content=\"it_IT\" \/>\n<meta property=\"og:type\" content=\"article\" \/>\n<meta property=\"og:title\" content=\"La Malagueta si apre con le stelle della corrida - Plaza de Toros La Malagueta\" \/>\n<meta property=\"og:url\" content=\"https:\/\/plazadetoroslamalagueta.com\/it\/la-malagueta-si-apre-con-le-stelle-della-corrida\/\" \/>\n<meta property=\"og:site_name\" content=\"Plaza de Toros La Malagueta\" \/>\n<meta property=\"article:published_time\" content=\"2025-03-31T11:39:55+00:00\" \/>\n<meta property=\"article:modified_time\" content=\"2025-03-31T11:53:45+00:00\" \/>\n<meta property=\"og:image\" content=\"https:\/\/plazadetoroslamalagueta.com\/wp-content\/uploads\/2025\/03\/juanortegaceit7.jpeg\" \/>\n\t<meta property=\"og:image:width\" content=\"1536\" \/>\n\t<meta property=\"og:image:height\" content=\"1024\" \/>\n\t<meta property=\"og:image:type\" content=\"image\/jpeg\" \/>\n<meta name=\"author\" content=\"Marketing\" \/>\n<meta name=\"twitter:card\" content=\"summary_large_image\" \/>\n<meta name=\"twitter:label1\" content=\"Scritto da\" \/>\n\t<meta name=\"twitter:data1\" content=\"Marketing\" \/>\n\t<meta name=\"twitter:label2\" content=\"Tempo di lettura stimato\" \/>\n\t<meta name=\"twitter:data2\" content=\"2 minuti\" \/>\n<script type=\"application\/ld+json\" class=\"yoast-schema-graph\">{\"@context\":\"https:\\\/\\\/schema.org\",\"@graph\":[{\"@type\":\"Article\",\"@id\":\"https:\\\/\\\/plazadetoroslamalagueta.com\\\/it\\\/la-malagueta-si-apre-con-le-stelle-della-corrida\\\/#article\",\"isPartOf\":{\"@id\":\"https:\\\/\\\/plazadetoroslamalagueta.com\\\/it\\\/la-malagueta-si-apre-con-le-stelle-della-corrida\\\/\"},\"author\":{\"name\":\"Marketing\",\"@id\":\"https:\\\/\\\/plazadetoroslamalagueta.com\\\/it\\\/#\\\/schema\\\/person\\\/38da8099bb302a43fd2c5eaec4713c5e\"},\"headline\":\"La Malagueta si apre con le stelle della corrida\",\"datePublished\":\"2025-03-31T11:39:55+00:00\",\"dateModified\":\"2025-03-31T11:53:45+00:00\",\"mainEntityOfPage\":{\"@id\":\"https:\\\/\\\/plazadetoroslamalagueta.com\\\/it\\\/la-malagueta-si-apre-con-le-stelle-della-corrida\\\/\"},\"wordCount\":398,\"commentCount\":0,\"publisher\":{\"@id\":\"https:\\\/\\\/plazadetoroslamalagueta.com\\\/it\\\/#organization\"},\"image\":{\"@id\":\"https:\\\/\\\/plazadetoroslamalagueta.com\\\/it\\\/la-malagueta-si-apre-con-le-stelle-della-corrida\\\/#primaryimage\"},\"thumbnailUrl\":\"https:\\\/\\\/plazadetoroslamalagueta.com\\\/wp-content\\\/uploads\\\/2025\\\/03\\\/juanortegaceit7.jpeg\",\"articleSection\":[\"Informazioni sulla piazza\"],\"inLanguage\":\"it-IT\",\"potentialAction\":[{\"@type\":\"CommentAction\",\"name\":\"Comment\",\"target\":[\"https:\\\/\\\/plazadetoroslamalagueta.com\\\/it\\\/la-malagueta-si-apre-con-le-stelle-della-corrida\\\/#respond\"]}]},{\"@type\":\"WebPage\",\"@id\":\"https:\\\/\\\/plazadetoroslamalagueta.com\\\/it\\\/la-malagueta-si-apre-con-le-stelle-della-corrida\\\/\",\"url\":\"https:\\\/\\\/plazadetoroslamalagueta.com\\\/it\\\/la-malagueta-si-apre-con-le-stelle-della-corrida\\\/\",\"name\":\"La Malagueta si apre con le stelle della corrida - Plaza de Toros La Malagueta\",\"isPartOf\":{\"@id\":\"https:\\\/\\\/plazadetoroslamalagueta.com\\\/it\\\/#website\"},\"primaryImageOfPage\":{\"@id\":\"https:\\\/\\\/plazadetoroslamalagueta.com\\\/it\\\/la-malagueta-si-apre-con-le-stelle-della-corrida\\\/#primaryimage\"},\"image\":{\"@id\":\"https:\\\/\\\/plazadetoroslamalagueta.com\\\/it\\\/la-malagueta-si-apre-con-le-stelle-della-corrida\\\/#primaryimage\"},\"thumbnailUrl\":\"https:\\\/\\\/plazadetoroslamalagueta.com\\\/wp-content\\\/uploads\\\/2025\\\/03\\\/juanortegaceit7.jpeg\",\"datePublished\":\"2025-03-31T11:39:55+00:00\",\"dateModified\":\"2025-03-31T11:53:45+00:00\",\"breadcrumb\":{\"@id\":\"https:\\\/\\\/plazadetoroslamalagueta.com\\\/it\\\/la-malagueta-si-apre-con-le-stelle-della-corrida\\\/#breadcrumb\"},\"inLanguage\":\"it-IT\",\"potentialAction\":[{\"@type\":\"ReadAction\",\"target\":[\"https:\\\/\\\/plazadetoroslamalagueta.com\\\/it\\\/la-malagueta-si-apre-con-le-stelle-della-corrida\\\/\"]}]},{\"@type\":\"ImageObject\",\"inLanguage\":\"it-IT\",\"@id\":\"https:\\\/\\\/plazadetoroslamalagueta.com\\\/it\\\/la-malagueta-si-apre-con-le-stelle-della-corrida\\\/#primaryimage\",\"url\":\"https:\\\/\\\/plazadetoroslamalagueta.com\\\/wp-content\\\/uploads\\\/2025\\\/03\\\/juanortegaceit7.jpeg\",\"contentUrl\":\"https:\\\/\\\/plazadetoroslamalagueta.com\\\/wp-content\\\/uploads\\\/2025\\\/03\\\/juanortegaceit7.jpeg\",\"width\":1536,\"height\":1024},{\"@type\":\"BreadcrumbList\",\"@id\":\"https:\\\/\\\/plazadetoroslamalagueta.com\\\/it\\\/la-malagueta-si-apre-con-le-stelle-della-corrida\\\/#breadcrumb\",\"itemListElement\":[{\"@type\":\"ListItem\",\"position\":1,\"name\":\"Inicio\",\"item\":\"https:\\\/\\\/plazadetoroslamalagueta.com\\\/it\\\/\"},{\"@type\":\"ListItem\",\"position\":2,\"name\":\"La Malagueta si apre con le stelle della corrida\"}]},{\"@type\":\"WebSite\",\"@id\":\"https:\\\/\\\/plazadetoroslamalagueta.com\\\/it\\\/#website\",\"url\":\"https:\\\/\\\/plazadetoroslamalagueta.com\\\/it\\\/\",\"name\":\"Plaza de Toros de la Malagueta\",\"description\":\"La Plaza de Toros de M\u00e1laga, de nombre La Malagueta, es un edificio reconocido Bien de Inter\u00e9s Cultural, que ofrece visitas tur\u00edsticas y corridas de toros y otros tipos de espect\u00e1culo durante todo el a\u00f1o.\",\"publisher\":{\"@id\":\"https:\\\/\\\/plazadetoroslamalagueta.com\\\/it\\\/#organization\"},\"alternateName\":\"Plaza de Toros M\u00e1laga\",\"potentialAction\":[{\"@type\":\"SearchAction\",\"target\":{\"@type\":\"EntryPoint\",\"urlTemplate\":\"https:\\\/\\\/plazadetoroslamalagueta.com\\\/it\\\/?s={search_term_string}\"},\"query-input\":{\"@type\":\"PropertyValueSpecification\",\"valueRequired\":true,\"valueName\":\"search_term_string\"}}],\"inLanguage\":\"it-IT\"},{\"@type\":\"Organization\",\"@id\":\"https:\\\/\\\/plazadetoroslamalagueta.com\\\/it\\\/#organization\",\"name\":\"Plaza de Toros la Malagueta\",\"url\":\"https:\\\/\\\/plazadetoroslamalagueta.com\\\/it\\\/\",\"logo\":{\"@type\":\"ImageObject\",\"inLanguage\":\"it-IT\",\"@id\":\"https:\\\/\\\/plazadetoroslamalagueta.com\\\/it\\\/#\\\/schema\\\/logo\\\/image\\\/\",\"url\":\"https:\\\/\\\/plazadetoroslamalagueta.com\\\/wp-content\\\/uploads\\\/2024\\\/02\\\/Logo-plaza-toros.webp\",\"contentUrl\":\"https:\\\/\\\/plazadetoroslamalagueta.com\\\/wp-content\\\/uploads\\\/2024\\\/02\\\/Logo-plaza-toros.webp\",\"width\":100,\"height\":100,\"caption\":\"Plaza de Toros la Malagueta\"},\"image\":{\"@id\":\"https:\\\/\\\/plazadetoroslamalagueta.com\\\/it\\\/#\\\/schema\\\/logo\\\/image\\\/\"}},{\"@type\":\"Person\",\"@id\":\"https:\\\/\\\/plazadetoroslamalagueta.com\\\/it\\\/#\\\/schema\\\/person\\\/38da8099bb302a43fd2c5eaec4713c5e\",\"name\":\"Marketing\",\"image\":{\"@type\":\"ImageObject\",\"inLanguage\":\"it-IT\",\"@id\":\"https:\\\/\\\/secure.gravatar.com\\\/avatar\\\/2c03e1a8691cff42cdbffdaf0b1a4a8d0203aaa61e9a18db2956bd6c8b777fd6?s=96&d=mm&r=g\",\"url\":\"https:\\\/\\\/secure.gravatar.com\\\/avatar\\\/2c03e1a8691cff42cdbffdaf0b1a4a8d0203aaa61e9a18db2956bd6c8b777fd6?s=96&d=mm&r=g\",\"contentUrl\":\"https:\\\/\\\/secure.gravatar.com\\\/avatar\\\/2c03e1a8691cff42cdbffdaf0b1a4a8d0203aaa61e9a18db2956bd6c8b777fd6?s=96&d=mm&r=g\",\"caption\":\"Marketing\"},\"url\":\"https:\\\/\\\/plazadetoroslamalagueta.com\\\/it\\\/author\\\/marketing\\\/\"}]}<\/script>\n<!-- \/ Yoast SEO plugin. -->","yoast_head_json":{"title":"La Malagueta si apre con le stelle della corrida - Plaza de Toros La Malagueta","robots":{"index":"index","follow":"follow","max-snippet":"max-snippet:-1","max-image-preview":"max-image-preview:large","max-video-preview":"max-video-preview:-1"},"canonical":"https:\/\/plazadetoroslamalagueta.com\/it\/la-malagueta-si-apre-con-le-stelle-della-corrida\/","og_locale":"it_IT","og_type":"article","og_title":"La Malagueta si apre con le stelle della corrida - Plaza de Toros La Malagueta","og_url":"https:\/\/plazadetoroslamalagueta.com\/it\/la-malagueta-si-apre-con-le-stelle-della-corrida\/","og_site_name":"Plaza de Toros La Malagueta","article_published_time":"2025-03-31T11:39:55+00:00","article_modified_time":"2025-03-31T11:53:45+00:00","og_image":[{"width":1536,"height":1024,"url":"https:\/\/plazadetoroslamalagueta.com\/wp-content\/uploads\/2025\/03\/juanortegaceit7.jpeg","type":"image\/jpeg"}],"author":"Marketing","twitter_card":"summary_large_image","twitter_misc":{"Scritto da":"Marketing","Tempo di lettura stimato":"2 minuti"},"schema":{"@context":"https:\/\/schema.org","@graph":[{"@type":"Article","@id":"https:\/\/plazadetoroslamalagueta.com\/it\/la-malagueta-si-apre-con-le-stelle-della-corrida\/#article","isPartOf":{"@id":"https:\/\/plazadetoroslamalagueta.com\/it\/la-malagueta-si-apre-con-le-stelle-della-corrida\/"},"author":{"name":"Marketing","@id":"https:\/\/plazadetoroslamalagueta.com\/it\/#\/schema\/person\/38da8099bb302a43fd2c5eaec4713c5e"},"headline":"La Malagueta si apre con le stelle della corrida","datePublished":"2025-03-31T11:39:55+00:00","dateModified":"2025-03-31T11:53:45+00:00","mainEntityOfPage":{"@id":"https:\/\/plazadetoroslamalagueta.com\/it\/la-malagueta-si-apre-con-le-stelle-della-corrida\/"},"wordCount":398,"commentCount":0,"publisher":{"@id":"https:\/\/plazadetoroslamalagueta.com\/it\/#organization"},"image":{"@id":"https:\/\/plazadetoroslamalagueta.com\/it\/la-malagueta-si-apre-con-le-stelle-della-corrida\/#primaryimage"},"thumbnailUrl":"https:\/\/plazadetoroslamalagueta.com\/wp-content\/uploads\/2025\/03\/juanortegaceit7.jpeg","articleSection":["Informazioni sulla piazza"],"inLanguage":"it-IT","potentialAction":[{"@type":"CommentAction","name":"Comment","target":["https:\/\/plazadetoroslamalagueta.com\/it\/la-malagueta-si-apre-con-le-stelle-della-corrida\/#respond"]}]},{"@type":"WebPage","@id":"https:\/\/plazadetoroslamalagueta.com\/it\/la-malagueta-si-apre-con-le-stelle-della-corrida\/","url":"https:\/\/plazadetoroslamalagueta.com\/it\/la-malagueta-si-apre-con-le-stelle-della-corrida\/","name":"La Malagueta si apre con le stelle della corrida - Plaza de Toros La Malagueta","isPartOf":{"@id":"https:\/\/plazadetoroslamalagueta.com\/it\/#website"},"primaryImageOfPage":{"@id":"https:\/\/plazadetoroslamalagueta.com\/it\/la-malagueta-si-apre-con-le-stelle-della-corrida\/#primaryimage"},"image":{"@id":"https:\/\/plazadetoroslamalagueta.com\/it\/la-malagueta-si-apre-con-le-stelle-della-corrida\/#primaryimage"},"thumbnailUrl":"https:\/\/plazadetoroslamalagueta.com\/wp-content\/uploads\/2025\/03\/juanortegaceit7.jpeg","datePublished":"2025-03-31T11:39:55+00:00","dateModified":"2025-03-31T11:53:45+00:00","breadcrumb":{"@id":"https:\/\/plazadetoroslamalagueta.com\/it\/la-malagueta-si-apre-con-le-stelle-della-corrida\/#breadcrumb"},"inLanguage":"it-IT","potentialAction":[{"@type":"ReadAction","target":["https:\/\/plazadetoroslamalagueta.com\/it\/la-malagueta-si-apre-con-le-stelle-della-corrida\/"]}]},{"@type":"ImageObject","inLanguage":"it-IT","@id":"https:\/\/plazadetoroslamalagueta.com\/it\/la-malagueta-si-apre-con-le-stelle-della-corrida\/#primaryimage","url":"https:\/\/plazadetoroslamalagueta.com\/wp-content\/uploads\/2025\/03\/juanortegaceit7.jpeg","contentUrl":"https:\/\/plazadetoroslamalagueta.com\/wp-content\/uploads\/2025\/03\/juanortegaceit7.jpeg","width":1536,"height":1024},{"@type":"BreadcrumbList","@id":"https:\/\/plazadetoroslamalagueta.com\/it\/la-malagueta-si-apre-con-le-stelle-della-corrida\/#breadcrumb","itemListElement":[{"@type":"ListItem","position":1,"name":"Inicio","item":"https:\/\/plazadetoroslamalagueta.com\/it\/"},{"@type":"ListItem","position":2,"name":"La Malagueta si apre con le stelle della corrida"}]},{"@type":"WebSite","@id":"https:\/\/plazadetoroslamalagueta.com\/it\/#website","url":"https:\/\/plazadetoroslamalagueta.com\/it\/","name":"Plaza de Toros de la Malagueta","description":"La Plaza de Toros de M\u00e1laga, de nombre La Malagueta, es un edificio reconocido Bien de Inter\u00e9s Cultural, que ofrece visitas tur\u00edsticas y corridas de toros y otros tipos de espect\u00e1culo durante todo el a\u00f1o.","publisher":{"@id":"https:\/\/plazadetoroslamalagueta.com\/it\/#organization"},"alternateName":"Plaza de Toros M\u00e1laga","potentialAction":[{"@type":"SearchAction","target":{"@type":"EntryPoint","urlTemplate":"https:\/\/plazadetoroslamalagueta.com\/it\/?s={search_term_string}"},"query-input":{"@type":"PropertyValueSpecification","valueRequired":true,"valueName":"search_term_string"}}],"inLanguage":"it-IT"},{"@type":"Organization","@id":"https:\/\/plazadetoroslamalagueta.com\/it\/#organization","name":"Plaza de Toros la Malagueta","url":"https:\/\/plazadetoroslamalagueta.com\/it\/","logo":{"@type":"ImageObject","inLanguage":"it-IT","@id":"https:\/\/plazadetoroslamalagueta.com\/it\/#\/schema\/logo\/image\/","url":"https:\/\/plazadetoroslamalagueta.com\/wp-content\/uploads\/2024\/02\/Logo-plaza-toros.webp","contentUrl":"https:\/\/plazadetoroslamalagueta.com\/wp-content\/uploads\/2024\/02\/Logo-plaza-toros.webp","width":100,"height":100,"caption":"Plaza de Toros la Malagueta"},"image":{"@id":"https:\/\/plazadetoroslamalagueta.com\/it\/#\/schema\/logo\/image\/"}},{"@type":"Person","@id":"https:\/\/plazadetoroslamalagueta.com\/it\/#\/schema\/person\/38da8099bb302a43fd2c5eaec4713c5e","name":"Marketing","image":{"@type":"ImageObject","inLanguage":"it-IT","@id":"https:\/\/secure.gravatar.com\/avatar\/2c03e1a8691cff42cdbffdaf0b1a4a8d0203aaa61e9a18db2956bd6c8b777fd6?s=96&d=mm&r=g","url":"https:\/\/secure.gravatar.com\/avatar\/2c03e1a8691cff42cdbffdaf0b1a4a8d0203aaa61e9a18db2956bd6c8b777fd6?s=96&d=mm&r=g","contentUrl":"https:\/\/secure.gravatar.com\/avatar\/2c03e1a8691cff42cdbffdaf0b1a4a8d0203aaa61e9a18db2956bd6c8b777fd6?s=96&d=mm&r=g","caption":"Marketing"},"url":"https:\/\/plazadetoroslamalagueta.com\/it\/author\/marketing\/"}]}},"_links":{"self":[{"href":"https:\/\/plazadetoroslamalagueta.com\/it\/wp-json\/wp\/v2\/posts\/24876","targetHints":{"allow":["GET"]}}],"collection":[{"href":"https:\/\/plazadetoroslamalagueta.com\/it\/wp-json\/wp\/v2\/posts"}],"about":[{"href":"https:\/\/plazadetoroslamalagueta.com\/it\/wp-json\/wp\/v2\/types\/post"}],"author":[{"embeddable":true,"href":"https:\/\/plazadetoroslamalagueta.com\/it\/wp-json\/wp\/v2\/users\/4"}],"replies":[{"embeddable":true,"href":"https:\/\/plazadetoroslamalagueta.com\/it\/wp-json\/wp\/v2\/comments?post=24876"}],"version-history":[{"count":2,"href":"https:\/\/plazadetoroslamalagueta.com\/it\/wp-json\/wp\/v2\/posts\/24876\/revisions"}],"predecessor-version":[{"id":24878,"href":"https:\/\/plazadetoroslamalagueta.com\/it\/wp-json\/wp\/v2\/posts\/24876\/revisions\/24878"}],"wp:featuredmedia":[{"embeddable":true,"href":"https:\/\/plazadetoroslamalagueta.com\/it\/wp-json\/wp\/v2\/media\/24816"}],"wp:attachment":[{"href":"https:\/\/plazadetoroslamalagueta.com\/it\/wp-json\/wp\/v2\/media?parent=24876"}],"wp:term":[{"taxonomy":"category","embeddable":true,"href":"https:\/\/plazadetoroslamalagueta.com\/it\/wp-json\/wp\/v2\/categories?post=24876"},{"taxonomy":"post_tag","embeddable":true,"href":"https:\/\/plazadetoroslamalagueta.com\/it\/wp-json\/wp\/v2\/tags?post=24876"}],"curies":[{"name":"wp","href":"https:\/\/api.w.org\/{rel}","templated":true}]}}