{"id":23691,"date":"2025-02-17T10:28:49","date_gmt":"2025-02-17T09:28:49","guid":{"rendered":"https:\/\/plazadetoroslamalagueta.com\/poster-di-presentazione-picassiana-2025\/"},"modified":"2025-02-17T10:31:16","modified_gmt":"2025-02-17T09:31:16","slug":"poster-di-presentazione-picassiana-2025","status":"publish","type":"post","link":"https:\/\/plazadetoroslamalagueta.com\/it\/poster-di-presentazione-picassiana-2025\/","title":{"rendered":"Poster di presentazione picassiana 2025"},"content":{"rendered":"<section class=\"l-section wpb_row height_medium\"><div class=\"l-section-h i-cf\"><div class=\"g-cols vc_row via_grid cols_1 laptops-cols_inherit tablets-cols_inherit mobiles-cols_1 valign_top type_default stacking_default\"><div class=\"wpb_column vc_column_container\"><div class=\"vc_column-inner\"><div class=\"wpb_text_column\"><div class=\"wpb_wrapper\"><h1 class=\"elementor-heading-title elementor-size-default\">La Diputaci\u00f3n de M\u00e1laga presenta la scenografia artistica della corrida Picassiana, opera di Pablo Alonso Herr\u00e1iz<\/h1>\n<\/div><\/div><div class=\"w-separator size_medium\"><\/div><div class=\"w-image align_none\"><div class=\"w-image-h\"><img decoding=\"async\" width=\"1024\" height=\"767\" src=\"https:\/\/plazadetoroslamalagueta.com\/wp-content\/uploads\/2025\/02\/presentacion-del-cartel.webp\" class=\"attachment-large size-large\" alt=\"\" loading=\"lazy\" srcset=\"https:\/\/plazadetoroslamalagueta.com\/wp-content\/uploads\/2025\/02\/presentacion-del-cartel.webp 1024w, https:\/\/plazadetoroslamalagueta.com\/wp-content\/uploads\/2025\/02\/presentacion-del-cartel-300x225.webp 300w\" sizes=\"auto, (max-width: 1024px) 100vw, 1024px\" \/><\/div><\/div><\/div><\/div><\/div><\/div><\/section><section class=\"l-section wpb_row height_medium\"><div class=\"l-section-h i-cf\"><div class=\"g-cols vc_row via_grid cols_1 laptops-cols_inherit tablets-cols_inherit mobiles-cols_1 valign_top type_default stacking_default\"><div class=\"wpb_column vc_column_container\"><div class=\"vc_column-inner\"><div class=\"wpb_text_column\"><div class=\"wpb_wrapper\"><div class=\"flex max-w-full flex-col flex-grow\">\n<div class=\"min-h-8 text-message flex w-full flex-col items-end gap-2 whitespace-normal break-words text-start &#091;.text-message+&amp;&#093;:mt-5\" dir=\"auto\" data-message-author-role=\"assistant\" data-message-id=\"abb759ef-4215-4eea-aeff-cc54a5409bbc\" data-message-model-slug=\"gpt-4o\">\n<div class=\"flex w-full flex-col gap-1 empty:hidden first:pt-&#091;3px&#093;\">\n<div class=\"markdown prose w-full break-words dark:prose-invert light\">\n<p data-start=\"72\" data-end=\"308\">Il pittore <strong data-start=\"82\" data-end=\"106\">Pablo Alonso Herr\u00e1iz<\/strong> ha presentato il manifesto ufficiale della <strong data-start=\"145\" data-end=\"172\">Corrida Picassiana 2025<\/strong>, in cui realizzer\u00e0 un intervento artistico sui tavoli a bordo ring, evocando le diverse fasi del maestro <strong data-start=\"288\" data-end=\"305\">Pablo Picasso<\/strong>.<\/p>\n<p data-start=\"310\" data-end=\"560\">L&#8217;evento, che si terr\u00e0 <strong data-start=\"341\" data-end=\"381\">sabato 19 aprile alle ore 18:00<\/strong>, sar\u00e0 caratterizzato da una formazione di prim&#8217;ordine, tra cui i toreri <strong data-start=\"450\" data-end=\"497\">Sa\u00fal Jim\u00e9nez Fortes, Juan Ortega e Roca Rey<\/strong>, che combatteranno contro i tori dell&#8217;allevamento di <strong data-start=\"541\" data-end=\"557\">\u00c1lvaro N\u00fa\u00f1ez<\/strong>.<\/p>\n<p data-start=\"562\" data-end=\"1020\">La presentazione ha avuto luogo presso la <strong data-start=\"595\" data-end=\"641\">Real Academia de Bellas Artes de San Telmo<\/strong>, alla presenza del presidente della Diputaci\u00f3n de M\u00e1laga, <strong data-start=\"703\" data-end=\"723\">Francisco Salado<\/strong>, dell&#8217;assessore alle Feste, <strong data-start=\"750\" data-end=\"767\">Teresa Porras<\/strong>, dell&#8217;imprenditore di Lances de Futuro, <strong data-start=\"804\" data-end=\"825\">Jos\u00e9 Mar\u00eda Garz\u00f3n<\/strong>, del presidente dell&#8217;Accademia, <strong data-start=\"857\" data-end=\"886\">Jos\u00e9 Manuel Cabra de Luna<\/strong>, e del torero <strong data-start=\"900\" data-end=\"923\">Sa\u00fal Jim\u00e9nez Fortes<\/strong>, che \u00e8 stato premiato con l&#8217;Estoque de Plata per la sua eccezionale performance alla fiera 2024.<\/p>\n<h2 data-start=\"1022\" data-end=\"1060\">Un tributo artistico e culturale<\/h2>\n<p data-start=\"1062\" data-end=\"1459\">Durante l&#8217;evento, <strong data-start=\"1079\" data-end=\"1099\">Francisco Salado<\/strong> ha sottolineato la natura avanguardistica della corrida e il suo crescente fascino tra i giovani, definendola un&#8217;espressione culturale moderna di grande impatto. Ha inoltre evidenziato il rapporto storico di Picasso con l&#8217;Accademia di San Telmo e con la stessa arena di La Malagueta, dove il pittore assisteva alle corride da bambino con suo padre. <\/p>\n<p data-start=\"1461\" data-end=\"1823\">Il manifesto della corrida, opera di <strong data-start=\"1494\" data-end=\"1518\">Pablo Alonso Herr\u00e1iz<\/strong>, riflette uno stile moderno e all&#8217;avanguardia, con influenze della cartellonistica classica e un chiaro richiamo alla tradizione artistica messicana. Herr\u00e1iz, considerato uno dei pittori pi\u00f9 innovativi della scena spagnola, affianca alla sua attivit\u00e0 artistica l&#8217;insegnamento presso l&#8217;Universit\u00e0 di Guadalajara (Messico). <\/p>\n<p data-start=\"1825\" data-end=\"1960\">Nell&#8217;ambito di questa iniziativa, il poster sar\u00e0 donato ed esposto nel futuro <strong data-start=\"1902\" data-end=\"1957\">Centro di Esperienza Immersiva della Corrida<\/strong>.<\/p>\n<h3 data-start=\"1962\" data-end=\"2010\">La Malagueta recupera la sua essenza storica<\/h3>\n<p data-start=\"2012\" data-end=\"2408\">L&#8217;arena di Malaga avr\u00e0 una scenografia speciale per l&#8217;occasione. In collaborazione con <strong data-start=\"2110\" data-end=\"2130\">Lances de Futuro<\/strong>, la <strong data-start=\"2135\" data-end=\"2159\">Diputaci\u00f3n de M\u00e1laga<\/strong> ha progettato una scenografia che richiama le origini dell&#8217;arena. L&#8217;arena avr\u00e0 le strisce dipinte di rosso, i palchi del primo piano saranno decorati con ghirlande e quelli del secondo piano con bandiere <strong data-start=\"2363\" data-end=\"2405\">spagnole e andaluse e scialli di manila<\/strong>.  <\/p>\n<p data-start=\"2410\" data-end=\"2546\">Inoltre, verr\u00e0 ripresa una tradizione d&#8217;altri tempi: l&#8217;annuncio delle corride tramite gli altoparlanti, come si faceva a Malaga fino agli anni &#8217;70.<\/p>\n<\/div>\n<\/div>\n<\/div>\n<\/div>\n<\/div><\/div><div class=\"w-separator size_medium\"><\/div><div class=\"w-btn-wrapper align_center\"><a class=\"w-btn us-btn-style_1\" href=\"https:\/\/plazadetoroslamalagueta.com\/it\/biglietti-per-la-corrida-a-malaga\/\"><span class=\"w-btn-label\">Acquista i biglietti<\/span><\/a><\/div><\/div><\/div><\/div><\/div><\/section><section class=\"l-section wpb_row height_medium\"><div class=\"l-section-h i-cf\"><div class=\"g-cols vc_row via_grid cols_1 laptops-cols_inherit tablets-cols_inherit mobiles-cols_1 valign_top type_default stacking_default\"><div class=\"wpb_column vc_column_container\"><div class=\"vc_column-inner\"><div class=\"w-gallery fit_cover type_grid ratio_1x1 count_4\" style=\"--columns:4;--items-gap:10px;\"><div class=\"w-gallery-list\"><div class=\"w-gallery-item\"><div class=\"w-gallery-item-img\"><img loading=\"lazy\" decoding=\"async\" width=\"1024\" height=\"768\" src=\"https:\/\/plazadetoroslamalagueta.com\/wp-content\/uploads\/2025\/02\/presentacion-cartel-malaga.webp\" class=\"attachment-large size-large\" alt=\"\" srcset=\"https:\/\/plazadetoroslamalagueta.com\/wp-content\/uploads\/2025\/02\/presentacion-cartel-malaga.webp 1024w, https:\/\/plazadetoroslamalagueta.com\/wp-content\/uploads\/2025\/02\/presentacion-cartel-malaga-300x225.webp 300w\" sizes=\"auto, (max-width: 1024px) 100vw, 1024px\" \/><\/div><\/div><div class=\"w-gallery-item\"><div class=\"w-gallery-item-img\"><img loading=\"lazy\" decoding=\"async\" width=\"1024\" height=\"767\" src=\"https:\/\/plazadetoroslamalagueta.com\/wp-content\/uploads\/2025\/02\/presentacion-del-cartel.webp\" class=\"attachment-large size-large\" alt=\"\" srcset=\"https:\/\/plazadetoroslamalagueta.com\/wp-content\/uploads\/2025\/02\/presentacion-del-cartel.webp 1024w, https:\/\/plazadetoroslamalagueta.com\/wp-content\/uploads\/2025\/02\/presentacion-del-cartel-300x225.webp 300w\" sizes=\"auto, (max-width: 1024px) 100vw, 1024px\" \/><\/div><\/div><div class=\"w-gallery-item\"><div class=\"w-gallery-item-img\"><img loading=\"lazy\" decoding=\"async\" width=\"1024\" height=\"768\" src=\"https:\/\/plazadetoroslamalagueta.com\/wp-content\/uploads\/2025\/02\/presentacion-cartel.webp\" class=\"attachment-large size-large\" alt=\"\" srcset=\"https:\/\/plazadetoroslamalagueta.com\/wp-content\/uploads\/2025\/02\/presentacion-cartel.webp 1024w, https:\/\/plazadetoroslamalagueta.com\/wp-content\/uploads\/2025\/02\/presentacion-cartel-300x225.webp 300w\" sizes=\"auto, (max-width: 1024px) 100vw, 1024px\" \/><\/div><\/div><div class=\"w-gallery-item\"><div class=\"w-gallery-item-img\"><img loading=\"lazy\" decoding=\"async\" width=\"1024\" height=\"826\" src=\"https:\/\/plazadetoroslamalagueta.com\/wp-content\/uploads\/2025\/02\/Presentacion-cartel-2025-malaga-1024x826.webp\" class=\"attachment-large size-large\" alt=\"\" srcset=\"https:\/\/plazadetoroslamalagueta.com\/wp-content\/uploads\/2025\/02\/Presentacion-cartel-2025-malaga-1024x826.webp 1024w, https:\/\/plazadetoroslamalagueta.com\/wp-content\/uploads\/2025\/02\/Presentacion-cartel-2025-malaga-300x242.webp 300w, https:\/\/plazadetoroslamalagueta.com\/wp-content\/uploads\/2025\/02\/Presentacion-cartel-2025-malaga.webp 1240w\" sizes=\"auto, (max-width: 1024px) 100vw, 1024px\" \/><\/div><\/div><\/div><\/div><\/div><\/div><\/div><\/div><\/section>\n","protected":false},"excerpt":{"rendered":"La Diputaci\u00f3n de M\u00e1laga presenta la scenografia artistica della corrida Picassiana, opera di Pablo Alonso Herr\u00e1iz Il pittore Pablo Alonso Herr\u00e1iz ha presentato il manifesto ufficiale della Corrida Picassiana 2025, in cui realizzer\u00e0 un intervento artistico sui tavoli a bordo ring, evocando le diverse fasi del maestro Pablo Picasso. L&#8217;evento, che si terr\u00e0 sabato 19...","protected":false},"author":4,"featured_media":23687,"comment_status":"open","ping_status":"open","sticky":false,"template":"","format":"standard","meta":{"footnotes":""},"categories":[556],"tags":[],"class_list":["post-23691","post","type-post","status-publish","format-standard","has-post-thumbnail","hentry","category-informazioni-sulla-piazza"],"yoast_head":"<!-- This site is optimized with the Yoast SEO plugin v27.4 - https:\/\/yoast.com\/product\/yoast-seo-wordpress\/ -->\n<title>Presentazione del Poster Picassiana 2025 | Bullring Malaga<\/title>\n<meta name=\"description\" content=\"News | Presentazione del nuovo manifesto della Corrida Picassiana 2025 a Malaga. Scopri il manifesto e acquista i biglietti\" \/>\n<meta name=\"robots\" content=\"index, follow, max-snippet:-1, max-image-preview:large, max-video-preview:-1\" \/>\n<link rel=\"canonical\" href=\"https:\/\/plazadetoroslamalagueta.com\/it\/poster-di-presentazione-picassiana-2025\/\" \/>\n<meta property=\"og:locale\" content=\"it_IT\" \/>\n<meta property=\"og:type\" content=\"article\" \/>\n<meta property=\"og:title\" content=\"Presentazione del Poster Picassiana 2025 | Bullring Malaga\" \/>\n<meta property=\"og:description\" content=\"News | Presentazione del nuovo manifesto della Corrida Picassiana 2025 a Malaga. Scopri il manifesto e acquista i biglietti\" \/>\n<meta property=\"og:url\" content=\"https:\/\/plazadetoroslamalagueta.com\/it\/poster-di-presentazione-picassiana-2025\/\" \/>\n<meta property=\"og:site_name\" content=\"Plaza de Toros La Malagueta\" \/>\n<meta property=\"article:published_time\" content=\"2025-02-17T09:28:49+00:00\" \/>\n<meta property=\"article:modified_time\" content=\"2025-02-17T09:31:16+00:00\" \/>\n<meta property=\"og:image\" content=\"https:\/\/plazadetoroslamalagueta.com\/wp-content\/uploads\/2025\/02\/Presentacion-cartel-2025-malaga.webp\" \/>\n\t<meta property=\"og:image:width\" content=\"1240\" \/>\n\t<meta property=\"og:image:height\" content=\"1000\" \/>\n\t<meta property=\"og:image:type\" content=\"image\/webp\" \/>\n<meta name=\"author\" content=\"Marketing\" \/>\n<meta name=\"twitter:card\" content=\"summary_large_image\" \/>\n<meta name=\"twitter:label1\" content=\"Scritto da\" \/>\n\t<meta name=\"twitter:data1\" content=\"Marketing\" \/>\n\t<meta name=\"twitter:label2\" content=\"Tempo di lettura stimato\" \/>\n\t<meta name=\"twitter:data2\" content=\"2 minuti\" \/>\n<script type=\"application\/ld+json\" class=\"yoast-schema-graph\">{\"@context\":\"https:\\\/\\\/schema.org\",\"@graph\":[{\"@type\":\"Article\",\"@id\":\"https:\\\/\\\/plazadetoroslamalagueta.com\\\/it\\\/poster-di-presentazione-picassiana-2025\\\/#article\",\"isPartOf\":{\"@id\":\"https:\\\/\\\/plazadetoroslamalagueta.com\\\/it\\\/poster-di-presentazione-picassiana-2025\\\/\"},\"author\":{\"name\":\"Marketing\",\"@id\":\"https:\\\/\\\/plazadetoroslamalagueta.com\\\/it\\\/#\\\/schema\\\/person\\\/38da8099bb302a43fd2c5eaec4713c5e\"},\"headline\":\"Poster di presentazione picassiana 2025\",\"datePublished\":\"2025-02-17T09:28:49+00:00\",\"dateModified\":\"2025-02-17T09:31:16+00:00\",\"mainEntityOfPage\":{\"@id\":\"https:\\\/\\\/plazadetoroslamalagueta.com\\\/it\\\/poster-di-presentazione-picassiana-2025\\\/\"},\"wordCount\":487,\"commentCount\":0,\"publisher\":{\"@id\":\"https:\\\/\\\/plazadetoroslamalagueta.com\\\/it\\\/#organization\"},\"image\":{\"@id\":\"https:\\\/\\\/plazadetoroslamalagueta.com\\\/it\\\/poster-di-presentazione-picassiana-2025\\\/#primaryimage\"},\"thumbnailUrl\":\"https:\\\/\\\/plazadetoroslamalagueta.com\\\/wp-content\\\/uploads\\\/2025\\\/02\\\/Presentacion-cartel-2025-malaga.webp\",\"articleSection\":[\"Informazioni sulla piazza\"],\"inLanguage\":\"it-IT\",\"potentialAction\":[{\"@type\":\"CommentAction\",\"name\":\"Comment\",\"target\":[\"https:\\\/\\\/plazadetoroslamalagueta.com\\\/it\\\/poster-di-presentazione-picassiana-2025\\\/#respond\"]}]},{\"@type\":\"WebPage\",\"@id\":\"https:\\\/\\\/plazadetoroslamalagueta.com\\\/it\\\/poster-di-presentazione-picassiana-2025\\\/\",\"url\":\"https:\\\/\\\/plazadetoroslamalagueta.com\\\/it\\\/poster-di-presentazione-picassiana-2025\\\/\",\"name\":\"Presentazione del Poster Picassiana 2025 | Bullring Malaga\",\"isPartOf\":{\"@id\":\"https:\\\/\\\/plazadetoroslamalagueta.com\\\/it\\\/#website\"},\"primaryImageOfPage\":{\"@id\":\"https:\\\/\\\/plazadetoroslamalagueta.com\\\/it\\\/poster-di-presentazione-picassiana-2025\\\/#primaryimage\"},\"image\":{\"@id\":\"https:\\\/\\\/plazadetoroslamalagueta.com\\\/it\\\/poster-di-presentazione-picassiana-2025\\\/#primaryimage\"},\"thumbnailUrl\":\"https:\\\/\\\/plazadetoroslamalagueta.com\\\/wp-content\\\/uploads\\\/2025\\\/02\\\/Presentacion-cartel-2025-malaga.webp\",\"datePublished\":\"2025-02-17T09:28:49+00:00\",\"dateModified\":\"2025-02-17T09:31:16+00:00\",\"description\":\"News | Presentazione del nuovo manifesto della Corrida Picassiana 2025 a Malaga. Scopri il manifesto e acquista i biglietti\",\"breadcrumb\":{\"@id\":\"https:\\\/\\\/plazadetoroslamalagueta.com\\\/it\\\/poster-di-presentazione-picassiana-2025\\\/#breadcrumb\"},\"inLanguage\":\"it-IT\",\"potentialAction\":[{\"@type\":\"ReadAction\",\"target\":[\"https:\\\/\\\/plazadetoroslamalagueta.com\\\/it\\\/poster-di-presentazione-picassiana-2025\\\/\"]}]},{\"@type\":\"ImageObject\",\"inLanguage\":\"it-IT\",\"@id\":\"https:\\\/\\\/plazadetoroslamalagueta.com\\\/it\\\/poster-di-presentazione-picassiana-2025\\\/#primaryimage\",\"url\":\"https:\\\/\\\/plazadetoroslamalagueta.com\\\/wp-content\\\/uploads\\\/2025\\\/02\\\/Presentacion-cartel-2025-malaga.webp\",\"contentUrl\":\"https:\\\/\\\/plazadetoroslamalagueta.com\\\/wp-content\\\/uploads\\\/2025\\\/02\\\/Presentacion-cartel-2025-malaga.webp\",\"width\":1240,\"height\":1000},{\"@type\":\"BreadcrumbList\",\"@id\":\"https:\\\/\\\/plazadetoroslamalagueta.com\\\/it\\\/poster-di-presentazione-picassiana-2025\\\/#breadcrumb\",\"itemListElement\":[{\"@type\":\"ListItem\",\"position\":1,\"name\":\"Inicio\",\"item\":\"https:\\\/\\\/plazadetoroslamalagueta.com\\\/it\\\/\"},{\"@type\":\"ListItem\",\"position\":2,\"name\":\"Poster di presentazione picassiana 2025\"}]},{\"@type\":\"WebSite\",\"@id\":\"https:\\\/\\\/plazadetoroslamalagueta.com\\\/it\\\/#website\",\"url\":\"https:\\\/\\\/plazadetoroslamalagueta.com\\\/it\\\/\",\"name\":\"Plaza de Toros de la Malagueta\",\"description\":\"La Plaza de Toros de M\u00e1laga, de nombre La Malagueta, es un edificio reconocido Bien de Inter\u00e9s Cultural, que ofrece visitas tur\u00edsticas y corridas de toros y otros tipos de espect\u00e1culo durante todo el a\u00f1o.\",\"publisher\":{\"@id\":\"https:\\\/\\\/plazadetoroslamalagueta.com\\\/it\\\/#organization\"},\"alternateName\":\"Plaza de Toros M\u00e1laga\",\"potentialAction\":[{\"@type\":\"SearchAction\",\"target\":{\"@type\":\"EntryPoint\",\"urlTemplate\":\"https:\\\/\\\/plazadetoroslamalagueta.com\\\/it\\\/?s={search_term_string}\"},\"query-input\":{\"@type\":\"PropertyValueSpecification\",\"valueRequired\":true,\"valueName\":\"search_term_string\"}}],\"inLanguage\":\"it-IT\"},{\"@type\":\"Organization\",\"@id\":\"https:\\\/\\\/plazadetoroslamalagueta.com\\\/it\\\/#organization\",\"name\":\"Plaza de Toros la Malagueta\",\"url\":\"https:\\\/\\\/plazadetoroslamalagueta.com\\\/it\\\/\",\"logo\":{\"@type\":\"ImageObject\",\"inLanguage\":\"it-IT\",\"@id\":\"https:\\\/\\\/plazadetoroslamalagueta.com\\\/it\\\/#\\\/schema\\\/logo\\\/image\\\/\",\"url\":\"https:\\\/\\\/plazadetoroslamalagueta.com\\\/wp-content\\\/uploads\\\/2024\\\/02\\\/Logo-plaza-toros.webp\",\"contentUrl\":\"https:\\\/\\\/plazadetoroslamalagueta.com\\\/wp-content\\\/uploads\\\/2024\\\/02\\\/Logo-plaza-toros.webp\",\"width\":100,\"height\":100,\"caption\":\"Plaza de Toros la Malagueta\"},\"image\":{\"@id\":\"https:\\\/\\\/plazadetoroslamalagueta.com\\\/it\\\/#\\\/schema\\\/logo\\\/image\\\/\"}},{\"@type\":\"Person\",\"@id\":\"https:\\\/\\\/plazadetoroslamalagueta.com\\\/it\\\/#\\\/schema\\\/person\\\/38da8099bb302a43fd2c5eaec4713c5e\",\"name\":\"Marketing\",\"image\":{\"@type\":\"ImageObject\",\"inLanguage\":\"it-IT\",\"@id\":\"https:\\\/\\\/secure.gravatar.com\\\/avatar\\\/2c03e1a8691cff42cdbffdaf0b1a4a8d0203aaa61e9a18db2956bd6c8b777fd6?s=96&d=mm&r=g\",\"url\":\"https:\\\/\\\/secure.gravatar.com\\\/avatar\\\/2c03e1a8691cff42cdbffdaf0b1a4a8d0203aaa61e9a18db2956bd6c8b777fd6?s=96&d=mm&r=g\",\"contentUrl\":\"https:\\\/\\\/secure.gravatar.com\\\/avatar\\\/2c03e1a8691cff42cdbffdaf0b1a4a8d0203aaa61e9a18db2956bd6c8b777fd6?s=96&d=mm&r=g\",\"caption\":\"Marketing\"},\"url\":\"https:\\\/\\\/plazadetoroslamalagueta.com\\\/it\\\/author\\\/marketing\\\/\"}]}<\/script>\n<!-- \/ Yoast SEO plugin. -->","yoast_head_json":{"title":"Presentazione del Poster Picassiana 2025 | Bullring Malaga","description":"News | Presentazione del nuovo manifesto della Corrida Picassiana 2025 a Malaga. Scopri il manifesto e acquista i biglietti","robots":{"index":"index","follow":"follow","max-snippet":"max-snippet:-1","max-image-preview":"max-image-preview:large","max-video-preview":"max-video-preview:-1"},"canonical":"https:\/\/plazadetoroslamalagueta.com\/it\/poster-di-presentazione-picassiana-2025\/","og_locale":"it_IT","og_type":"article","og_title":"Presentazione del Poster Picassiana 2025 | Bullring Malaga","og_description":"News | Presentazione del nuovo manifesto della Corrida Picassiana 2025 a Malaga. Scopri il manifesto e acquista i biglietti","og_url":"https:\/\/plazadetoroslamalagueta.com\/it\/poster-di-presentazione-picassiana-2025\/","og_site_name":"Plaza de Toros La Malagueta","article_published_time":"2025-02-17T09:28:49+00:00","article_modified_time":"2025-02-17T09:31:16+00:00","og_image":[{"width":1240,"height":1000,"url":"https:\/\/plazadetoroslamalagueta.com\/wp-content\/uploads\/2025\/02\/Presentacion-cartel-2025-malaga.webp","type":"image\/webp"}],"author":"Marketing","twitter_card":"summary_large_image","twitter_misc":{"Scritto da":"Marketing","Tempo di lettura stimato":"2 minuti"},"schema":{"@context":"https:\/\/schema.org","@graph":[{"@type":"Article","@id":"https:\/\/plazadetoroslamalagueta.com\/it\/poster-di-presentazione-picassiana-2025\/#article","isPartOf":{"@id":"https:\/\/plazadetoroslamalagueta.com\/it\/poster-di-presentazione-picassiana-2025\/"},"author":{"name":"Marketing","@id":"https:\/\/plazadetoroslamalagueta.com\/it\/#\/schema\/person\/38da8099bb302a43fd2c5eaec4713c5e"},"headline":"Poster di presentazione picassiana 2025","datePublished":"2025-02-17T09:28:49+00:00","dateModified":"2025-02-17T09:31:16+00:00","mainEntityOfPage":{"@id":"https:\/\/plazadetoroslamalagueta.com\/it\/poster-di-presentazione-picassiana-2025\/"},"wordCount":487,"commentCount":0,"publisher":{"@id":"https:\/\/plazadetoroslamalagueta.com\/it\/#organization"},"image":{"@id":"https:\/\/plazadetoroslamalagueta.com\/it\/poster-di-presentazione-picassiana-2025\/#primaryimage"},"thumbnailUrl":"https:\/\/plazadetoroslamalagueta.com\/wp-content\/uploads\/2025\/02\/Presentacion-cartel-2025-malaga.webp","articleSection":["Informazioni sulla piazza"],"inLanguage":"it-IT","potentialAction":[{"@type":"CommentAction","name":"Comment","target":["https:\/\/plazadetoroslamalagueta.com\/it\/poster-di-presentazione-picassiana-2025\/#respond"]}]},{"@type":"WebPage","@id":"https:\/\/plazadetoroslamalagueta.com\/it\/poster-di-presentazione-picassiana-2025\/","url":"https:\/\/plazadetoroslamalagueta.com\/it\/poster-di-presentazione-picassiana-2025\/","name":"Presentazione del Poster Picassiana 2025 | Bullring Malaga","isPartOf":{"@id":"https:\/\/plazadetoroslamalagueta.com\/it\/#website"},"primaryImageOfPage":{"@id":"https:\/\/plazadetoroslamalagueta.com\/it\/poster-di-presentazione-picassiana-2025\/#primaryimage"},"image":{"@id":"https:\/\/plazadetoroslamalagueta.com\/it\/poster-di-presentazione-picassiana-2025\/#primaryimage"},"thumbnailUrl":"https:\/\/plazadetoroslamalagueta.com\/wp-content\/uploads\/2025\/02\/Presentacion-cartel-2025-malaga.webp","datePublished":"2025-02-17T09:28:49+00:00","dateModified":"2025-02-17T09:31:16+00:00","description":"News | Presentazione del nuovo manifesto della Corrida Picassiana 2025 a Malaga. Scopri il manifesto e acquista i biglietti","breadcrumb":{"@id":"https:\/\/plazadetoroslamalagueta.com\/it\/poster-di-presentazione-picassiana-2025\/#breadcrumb"},"inLanguage":"it-IT","potentialAction":[{"@type":"ReadAction","target":["https:\/\/plazadetoroslamalagueta.com\/it\/poster-di-presentazione-picassiana-2025\/"]}]},{"@type":"ImageObject","inLanguage":"it-IT","@id":"https:\/\/plazadetoroslamalagueta.com\/it\/poster-di-presentazione-picassiana-2025\/#primaryimage","url":"https:\/\/plazadetoroslamalagueta.com\/wp-content\/uploads\/2025\/02\/Presentacion-cartel-2025-malaga.webp","contentUrl":"https:\/\/plazadetoroslamalagueta.com\/wp-content\/uploads\/2025\/02\/Presentacion-cartel-2025-malaga.webp","width":1240,"height":1000},{"@type":"BreadcrumbList","@id":"https:\/\/plazadetoroslamalagueta.com\/it\/poster-di-presentazione-picassiana-2025\/#breadcrumb","itemListElement":[{"@type":"ListItem","position":1,"name":"Inicio","item":"https:\/\/plazadetoroslamalagueta.com\/it\/"},{"@type":"ListItem","position":2,"name":"Poster di presentazione picassiana 2025"}]},{"@type":"WebSite","@id":"https:\/\/plazadetoroslamalagueta.com\/it\/#website","url":"https:\/\/plazadetoroslamalagueta.com\/it\/","name":"Plaza de Toros de la Malagueta","description":"La Plaza de Toros de M\u00e1laga, de nombre La Malagueta, es un edificio reconocido Bien de Inter\u00e9s Cultural, que ofrece visitas tur\u00edsticas y corridas de toros y otros tipos de espect\u00e1culo durante todo el a\u00f1o.","publisher":{"@id":"https:\/\/plazadetoroslamalagueta.com\/it\/#organization"},"alternateName":"Plaza de Toros M\u00e1laga","potentialAction":[{"@type":"SearchAction","target":{"@type":"EntryPoint","urlTemplate":"https:\/\/plazadetoroslamalagueta.com\/it\/?s={search_term_string}"},"query-input":{"@type":"PropertyValueSpecification","valueRequired":true,"valueName":"search_term_string"}}],"inLanguage":"it-IT"},{"@type":"Organization","@id":"https:\/\/plazadetoroslamalagueta.com\/it\/#organization","name":"Plaza de Toros la Malagueta","url":"https:\/\/plazadetoroslamalagueta.com\/it\/","logo":{"@type":"ImageObject","inLanguage":"it-IT","@id":"https:\/\/plazadetoroslamalagueta.com\/it\/#\/schema\/logo\/image\/","url":"https:\/\/plazadetoroslamalagueta.com\/wp-content\/uploads\/2024\/02\/Logo-plaza-toros.webp","contentUrl":"https:\/\/plazadetoroslamalagueta.com\/wp-content\/uploads\/2024\/02\/Logo-plaza-toros.webp","width":100,"height":100,"caption":"Plaza de Toros la Malagueta"},"image":{"@id":"https:\/\/plazadetoroslamalagueta.com\/it\/#\/schema\/logo\/image\/"}},{"@type":"Person","@id":"https:\/\/plazadetoroslamalagueta.com\/it\/#\/schema\/person\/38da8099bb302a43fd2c5eaec4713c5e","name":"Marketing","image":{"@type":"ImageObject","inLanguage":"it-IT","@id":"https:\/\/secure.gravatar.com\/avatar\/2c03e1a8691cff42cdbffdaf0b1a4a8d0203aaa61e9a18db2956bd6c8b777fd6?s=96&d=mm&r=g","url":"https:\/\/secure.gravatar.com\/avatar\/2c03e1a8691cff42cdbffdaf0b1a4a8d0203aaa61e9a18db2956bd6c8b777fd6?s=96&d=mm&r=g","contentUrl":"https:\/\/secure.gravatar.com\/avatar\/2c03e1a8691cff42cdbffdaf0b1a4a8d0203aaa61e9a18db2956bd6c8b777fd6?s=96&d=mm&r=g","caption":"Marketing"},"url":"https:\/\/plazadetoroslamalagueta.com\/it\/author\/marketing\/"}]}},"_links":{"self":[{"href":"https:\/\/plazadetoroslamalagueta.com\/it\/wp-json\/wp\/v2\/posts\/23691","targetHints":{"allow":["GET"]}}],"collection":[{"href":"https:\/\/plazadetoroslamalagueta.com\/it\/wp-json\/wp\/v2\/posts"}],"about":[{"href":"https:\/\/plazadetoroslamalagueta.com\/it\/wp-json\/wp\/v2\/types\/post"}],"author":[{"embeddable":true,"href":"https:\/\/plazadetoroslamalagueta.com\/it\/wp-json\/wp\/v2\/users\/4"}],"replies":[{"embeddable":true,"href":"https:\/\/plazadetoroslamalagueta.com\/it\/wp-json\/wp\/v2\/comments?post=23691"}],"version-history":[{"count":12,"href":"https:\/\/plazadetoroslamalagueta.com\/it\/wp-json\/wp\/v2\/posts\/23691\/revisions"}],"predecessor-version":[{"id":23725,"href":"https:\/\/plazadetoroslamalagueta.com\/it\/wp-json\/wp\/v2\/posts\/23691\/revisions\/23725"}],"wp:featuredmedia":[{"embeddable":true,"href":"https:\/\/plazadetoroslamalagueta.com\/it\/wp-json\/wp\/v2\/media\/23687"}],"wp:attachment":[{"href":"https:\/\/plazadetoroslamalagueta.com\/it\/wp-json\/wp\/v2\/media?parent=23691"}],"wp:term":[{"taxonomy":"category","embeddable":true,"href":"https:\/\/plazadetoroslamalagueta.com\/it\/wp-json\/wp\/v2\/categories?post=23691"},{"taxonomy":"post_tag","embeddable":true,"href":"https:\/\/plazadetoroslamalagueta.com\/it\/wp-json\/wp\/v2\/tags?post=23691"}],"curies":[{"name":"wp","href":"https:\/\/api.w.org\/{rel}","templated":true}]}}