{"id":22420,"date":"2023-05-24T13:53:41","date_gmt":"2023-05-24T11:53:41","guid":{"rendered":"https:\/\/plazadetoroslamalagueta.com\/i-toreri-piu-importanti-che-hanno-lasciato-il-segno-nellarena-di-malaga\/"},"modified":"2025-01-15T13:09:45","modified_gmt":"2025-01-15T12:09:45","slug":"i-toreri-piu-importanti-che-hanno-lasciato-il-segno-nellarena-di-malaga","status":"publish","type":"post","link":"https:\/\/plazadetoroslamalagueta.com\/it\/i-toreri-piu-importanti-che-hanno-lasciato-il-segno-nellarena-di-malaga\/","title":{"rendered":"I toreri pi\u00f9 importanti che hanno lasciato il segno nell&#8217;arena di Malaga"},"content":{"rendered":"<section class=\"l-section wpb_row height_medium\"><div class=\"l-section-h i-cf\"><div class=\"g-cols vc_row via_grid cols_1 laptops-cols_inherit tablets-cols_inherit mobiles-cols_1 valign_top type_default stacking_default\"><div class=\"wpb_column vc_column_container\"><div class=\"vc_column-inner\"><div class=\"wpb_text_column\"><div class=\"wpb_wrapper\"><h1>I toreri pi\u00f9 importanti che hanno lasciato il segno nell&#8217;arena di Malaga<\/h1>\n<p>L&#8217;arena di Malaga \u00e8 stata il palcoscenico dove i grandi toreri hanno lasciato il segno nella storia della corrida. Nel corso degli anni, i pi\u00f9 grandi maestri della corrida hanno brillato in questa emblematica arena, lasciando un&#8217;eredit\u00e0 di coraggio, arte e dedizione. In questo post ti presentiamo alcuni dei toreri pi\u00f9 importanti che sono passati per l&#8217;arena di Malaga.<\/p>\n<\/div><\/div><div class=\"w-image align_none\"><div class=\"w-image-h\"><img decoding=\"async\" width=\"949\" height=\"574\" src=\"https:\/\/plazadetoroslamalagueta.com\/wp-content\/uploads\/2023\/03\/corrida-picasiana-javier-conde.jpeg\" class=\"attachment-full size-full\" alt=\"Corrida de toros\" loading=\"lazy\" srcset=\"https:\/\/plazadetoroslamalagueta.com\/wp-content\/uploads\/2023\/03\/corrida-picasiana-javier-conde.jpeg 949w, https:\/\/plazadetoroslamalagueta.com\/wp-content\/uploads\/2023\/03\/corrida-picasiana-javier-conde-300x181.jpeg 300w, https:\/\/plazadetoroslamalagueta.com\/wp-content\/uploads\/2023\/03\/corrida-picasiana-javier-conde-768x465.jpeg 768w\" sizes=\"auto, (max-width: 949px) 100vw, 949px\" \/><\/div><\/div><div class=\"w-separator size_medium\"><\/div><\/div><\/div><\/div><\/div><\/section><section class=\"l-section wpb_row height_medium\"><div class=\"l-section-h i-cf\"><div class=\"g-cols vc_row via_grid cols_2 laptops-cols_inherit tablets-cols_inherit mobiles-cols_1 valign_top type_default stacking_default\"><div class=\"wpb_column vc_column_container\"><div class=\"vc_column-inner\"><div class=\"wpb_text_column\"><div class=\"wpb_wrapper\"><ol>\n<li><strong>Antonio Ordo\u00f1ez:<\/strong> conosciuto come il &#8220;Leone di Ronda&#8221;, Antonio Ordo\u00f1ez \u00e8 una figura leggendaria nel mondo delle corride. La sua maestria e il suo temperamento sul ring lo hanno reso uno dei toreri pi\u00f9 eccezionali di tutti i tempi. Nell&#8217;arena di Malaga, Ordo\u00f1ez \u00e8 stato protagonista di corride indimenticabili, dimostrando il suo coraggio e la sua eleganza di fronte a tori di grandi dimensioni.  <\/li>\n<\/ol>\n<\/div><\/div><\/div><\/div><div class=\"wpb_column vc_column_container\"><div class=\"vc_column-inner\"><div class=\"w-image align_center\"><div class=\"w-image-h\"><img decoding=\"async\" width=\"564\" height=\"830\" src=\"https:\/\/plazadetoroslamalagueta.com\/wp-content\/uploads\/2023\/05\/Antonio-Ordonez.jpg\" class=\"attachment-large size-large\" alt=\"\" loading=\"lazy\" srcset=\"https:\/\/plazadetoroslamalagueta.com\/wp-content\/uploads\/2023\/05\/Antonio-Ordonez.jpg 564w, https:\/\/plazadetoroslamalagueta.com\/wp-content\/uploads\/2023\/05\/Antonio-Ordonez-300x441.jpg 300w, https:\/\/plazadetoroslamalagueta.com\/wp-content\/uploads\/2023\/05\/Antonio-Ordonez-204x300.jpg 204w\" sizes=\"auto, (max-width: 564px) 100vw, 564px\" \/><\/div><\/div><\/div><\/div><\/div><\/div><\/section><section class=\"l-section wpb_row height_medium\"><div class=\"l-section-h i-cf\"><div class=\"g-cols vc_row via_grid cols_2 laptops-cols_inherit tablets-cols_inherit mobiles-cols_1 valign_top type_default stacking_default\"><div class=\"wpb_column vc_column_container\"><div class=\"vc_column-inner\"><div class=\"w-separator size_medium\"><\/div><div class=\"wpb_text_column\"><div class=\"wpb_wrapper\"><p><strong>Juan Belmonte:<\/strong> Juan Belmonte \u00e8 considerato uno dei toreri pi\u00f9 rivoluzionari della storia della corrida. Il suo stile unico e audace ha rotto le convenzioni consolidate, introducendo nuove tecniche e movimenti nella corrida. Nell&#8217;arena di Malaga, Belmonte ha lasciato il segno con corride piene di intensit\u00e0 e un legame speciale con i tori.<\/p>\n<\/div><\/div><\/div><\/div><div class=\"wpb_column vc_column_container\"><div class=\"vc_column-inner\"><div class=\"w-image align_center\"><div class=\"w-image-h\"><img decoding=\"async\" width=\"333\" height=\"508\" src=\"https:\/\/plazadetoroslamalagueta.com\/wp-content\/uploads\/2023\/05\/Juan-belmonte.jpg\" class=\"attachment-large size-large\" alt=\"\" loading=\"lazy\" srcset=\"https:\/\/plazadetoroslamalagueta.com\/wp-content\/uploads\/2023\/05\/Juan-belmonte.jpg 333w, https:\/\/plazadetoroslamalagueta.com\/wp-content\/uploads\/2023\/05\/Juan-belmonte-300x458.jpg 300w, https:\/\/plazadetoroslamalagueta.com\/wp-content\/uploads\/2023\/05\/Juan-belmonte-197x300.jpg 197w\" sizes=\"auto, (max-width: 333px) 100vw, 333px\" \/><\/div><\/div><\/div><\/div><\/div><\/div><\/section><section class=\"l-section wpb_row height_medium\"><div class=\"l-section-h i-cf\"><div class=\"g-cols vc_row via_grid cols_2 laptops-cols_inherit tablets-cols_inherit mobiles-cols_1 valign_top type_default stacking_default\"><div class=\"wpb_column vc_column_container\"><div class=\"vc_column-inner\"><div class=\"w-separator size_medium\"><\/div><div class=\"wpb_text_column\"><div class=\"wpb_wrapper\"><p><strong>3. Francisco Rivera &#8220;Paquirri&#8221;:<\/strong> Paquirri \u00e8 una figura iconica della corrida, rinomata per il suo coraggio e la sua dedizione sul ring. Nell&#8217;arena di Malaga \u00e8 stato protagonista di momenti memorabili, affrontando tori di grande difficolt\u00e0 con maestria e determinazione. Paquirri ha lasciato un segno indelebile nei fan della corrida di Malaga, diventando uno dei toreri pi\u00f9 ammirati della sua generazione.<\/p>\n<\/div><\/div><\/div><\/div><div class=\"wpb_column vc_column_container\"><div class=\"vc_column-inner\"><div class=\"w-image align_center\"><div class=\"w-image-h\"><img decoding=\"async\" width=\"564\" height=\"564\" src=\"https:\/\/plazadetoroslamalagueta.com\/wp-content\/uploads\/2023\/05\/Francisco-Rivera-Paquirri.jpg\" class=\"attachment-large size-large\" alt=\"\" loading=\"lazy\" srcset=\"https:\/\/plazadetoroslamalagueta.com\/wp-content\/uploads\/2023\/05\/Francisco-Rivera-Paquirri.jpg 564w, https:\/\/plazadetoroslamalagueta.com\/wp-content\/uploads\/2023\/05\/Francisco-Rivera-Paquirri-300x300.jpg 300w, https:\/\/plazadetoroslamalagueta.com\/wp-content\/uploads\/2023\/05\/Francisco-Rivera-Paquirri-150x150.jpg 150w\" sizes=\"auto, (max-width: 564px) 100vw, 564px\" \/><\/div><\/div><\/div><\/div><\/div><\/div><\/section><section class=\"l-section wpb_row height_medium\"><div class=\"l-section-h i-cf\"><div class=\"g-cols vc_row via_grid cols_2 laptops-cols_inherit tablets-cols_inherit mobiles-cols_1 valign_top type_default stacking_default\"><div class=\"wpb_column vc_column_container\"><div class=\"vc_column-inner\"><div class=\"w-separator size_medium\"><\/div><div class=\"wpb_text_column\"><div class=\"wpb_wrapper\"><p>Jos\u00e9 Tom\u00e1s: Jos\u00e9 Tom\u00e1s \u00e8 considerato uno dei toreri pi\u00f9 importanti di oggi. Con il suo stile sereno e profondo, ha conquistato i fan nell&#8217;arena di Malaga e in altri importanti luoghi di corrida in tutto il mondo. Le sue corride sono caratterizzate da un legame unico con il toro e da una tecnica raffinata che trasmette grandi emozioni.<\/p>\n<\/div><\/div><\/div><\/div><div class=\"wpb_column vc_column_container\"><div class=\"vc_column-inner\"><div class=\"w-image align_center\"><div class=\"w-image-h\"><img decoding=\"async\" width=\"564\" height=\"735\" src=\"https:\/\/plazadetoroslamalagueta.com\/wp-content\/uploads\/2023\/05\/Jose-Tomas.jpg\" class=\"attachment-large size-large\" alt=\"\" loading=\"lazy\" srcset=\"https:\/\/plazadetoroslamalagueta.com\/wp-content\/uploads\/2023\/05\/Jose-Tomas.jpg 564w, https:\/\/plazadetoroslamalagueta.com\/wp-content\/uploads\/2023\/05\/Jose-Tomas-300x391.jpg 300w, https:\/\/plazadetoroslamalagueta.com\/wp-content\/uploads\/2023\/05\/Jose-Tomas-230x300.jpg 230w\" sizes=\"auto, (max-width: 564px) 100vw, 564px\" \/><\/div><\/div><\/div><\/div><\/div><\/div><\/section><section class=\"l-section wpb_row height_medium\"><div class=\"l-section-h i-cf\"><div class=\"g-cols vc_row via_grid cols_2 laptops-cols_inherit tablets-cols_inherit mobiles-cols_1 valign_top type_default stacking_default\"><div class=\"wpb_column vc_column_container\"><div class=\"vc_column-inner\"><div class=\"w-separator size_medium\"><\/div><div class=\"wpb_text_column\"><div class=\"wpb_wrapper\"><p>5. Enrique Ponce: Enrique Ponce \u00e8 un torero con una grande carriera e un riconoscimento internazionale. La sua eleganza e precisione nella corrida lo hanno reso un punto di riferimento per molte generazioni di appassionati. Nell&#8217;arena di Malaga, Ponce ha lasciato il segno con esibizioni magistrali, dimostrando la sua padronanza dell&#8217;arte della corrida e la sua capacit\u00e0 di emozionare il pubblico.<\/p>\n<\/div><\/div><\/div><\/div><div class=\"wpb_column vc_column_container\"><div class=\"vc_column-inner\"><div class=\"w-image align_center\"><div class=\"w-image-h\"><img decoding=\"async\" width=\"564\" height=\"616\" src=\"https:\/\/plazadetoroslamalagueta.com\/wp-content\/uploads\/2023\/05\/Enrique-Ponce.jpg\" class=\"attachment-large size-large\" alt=\"\" loading=\"lazy\" srcset=\"https:\/\/plazadetoroslamalagueta.com\/wp-content\/uploads\/2023\/05\/Enrique-Ponce.jpg 564w, https:\/\/plazadetoroslamalagueta.com\/wp-content\/uploads\/2023\/05\/Enrique-Ponce-300x328.jpg 300w, https:\/\/plazadetoroslamalagueta.com\/wp-content\/uploads\/2023\/05\/Enrique-Ponce-275x300.jpg 275w\" sizes=\"auto, (max-width: 564px) 100vw, 564px\" \/><\/div><\/div><\/div><\/div><\/div><\/div><\/section><section class=\"l-section wpb_row height_medium\"><div class=\"l-section-h i-cf\"><div class=\"g-cols vc_row via_grid cols_1 laptops-cols_inherit tablets-cols_inherit mobiles-cols_1 valign_top type_default stacking_default\"><div class=\"wpb_column vc_column_container\"><div class=\"vc_column-inner\"><div class=\"w-separator size_medium\"><\/div><div class=\"wpb_text_column\"><div class=\"wpb_wrapper\"><p>L&#8217;arena di Malaga \u00e8 stata testimone della grandezza di toreri che hanno lasciato un segno indelebile nella storia della corrida. Da figure leggendarie come Antonio Ordo\u00f1ez e Juan Belmonte a toreri contemporanei come Jos\u00e9 Tom\u00e1s ed Enrique Ponce, questi maestri della corrida hanno entusiasmato il pubblico con il loro coraggio, la loro tecnica e la loro arte. L&#8217;arena di Malaga \u00e8 un palcoscenico in cui il<\/p>\n<\/div><\/div><div class=\"w-separator size_medium\"><\/div><div class=\"w-actionbox us_custom_6d16b5af has_text_color color_primary controls_right\"><div class=\"w-actionbox-text\"><h2 class=\"w-actionbox-title\">Vuoi assistere a una corrida?<\/h2><div class=\"w-actionbox-description\"><p>Acquista i biglietti! I biglietti per le corride del 2023 sono in vendita. Acquista i tuoi prima che si esauriscano!<\/p>\n<\/div><\/div><div class=\"w-actionbox-controls\"><a class=\"w-btn us-btn-style_1\" title=\"Biglietti per la corrida a Malaga\" href=\"https:\/\/plazadetoroslamalagueta.com\/entradas-corrida-de-toros-malaga\/\"><span class=\"w-btn-label\">Acquista il biglietto<\/span><\/a><\/div><\/div><\/div><\/div><\/div><\/div><\/section>\n","protected":false},"excerpt":{"rendered":"I toreri pi\u00f9 importanti che hanno lasciato il segno nell&#8217;arena di Malaga L&#8217;arena di Malaga \u00e8 stata il palcoscenico dove i grandi toreri hanno lasciato il segno nella storia della corrida. Nel corso degli anni, i pi\u00f9 grandi maestri della corrida hanno brillato in questa emblematica arena, lasciando un&#8217;eredit\u00e0 di coraggio, arte e dedizione. In...","protected":false},"author":4,"featured_media":22426,"comment_status":"open","ping_status":"open","sticky":false,"template":"","format":"standard","meta":{"footnotes":""},"categories":[556],"tags":[],"class_list":["post-22420","post","type-post","status-publish","format-standard","has-post-thumbnail","hentry","category-informazioni-sulla-piazza"],"yoast_head":"<!-- This site is optimized with the Yoast SEO plugin v27.4 - https:\/\/yoast.com\/product\/yoast-seo-wordpress\/ -->\n<title>\u25b7 I 6 toreri pi\u00f9 importanti della storia di Malaga<\/title>\n<meta name=\"description\" content=\"Scopri i 6 toreri pi\u00f9 importanti che hanno fatto la storia dell&#039;arena di Malaga. Curiosit\u00e0 sui toreri\" \/>\n<meta name=\"robots\" content=\"index, follow, max-snippet:-1, max-image-preview:large, max-video-preview:-1\" \/>\n<link rel=\"canonical\" href=\"https:\/\/plazadetoroslamalagueta.com\/it\/i-toreri-piu-importanti-che-hanno-lasciato-il-segno-nellarena-di-malaga\/\" \/>\n<meta property=\"og:locale\" content=\"it_IT\" \/>\n<meta property=\"og:type\" content=\"article\" \/>\n<meta property=\"og:title\" content=\"\u25b7 I 6 toreri pi\u00f9 importanti della storia di Malaga\" \/>\n<meta property=\"og:description\" content=\"Scopri i 6 toreri pi\u00f9 importanti che hanno fatto la storia dell&#039;arena di Malaga. Curiosit\u00e0 sui toreri\" \/>\n<meta property=\"og:url\" content=\"https:\/\/plazadetoroslamalagueta.com\/it\/i-toreri-piu-importanti-che-hanno-lasciato-il-segno-nellarena-di-malaga\/\" \/>\n<meta property=\"og:site_name\" content=\"Plaza de Toros La Malagueta\" \/>\n<meta property=\"article:published_time\" content=\"2023-05-24T11:53:41+00:00\" \/>\n<meta property=\"article:modified_time\" content=\"2025-01-15T12:09:45+00:00\" \/>\n<meta property=\"og:image\" content=\"https:\/\/plazadetoroslamalagueta.com\/wp-content\/uploads\/2023\/05\/torero.jpg\" \/>\n\t<meta property=\"og:image:width\" content=\"562\" \/>\n\t<meta property=\"og:image:height\" content=\"402\" \/>\n\t<meta property=\"og:image:type\" content=\"image\/jpeg\" \/>\n<meta name=\"author\" content=\"Marketing\" \/>\n<meta name=\"twitter:card\" content=\"summary_large_image\" \/>\n<meta name=\"twitter:label1\" content=\"Scritto da\" \/>\n\t<meta name=\"twitter:data1\" content=\"Marketing\" \/>\n\t<meta name=\"twitter:label2\" content=\"Tempo di lettura stimato\" \/>\n\t<meta name=\"twitter:data2\" content=\"3 minuti\" \/>\n<script type=\"application\/ld+json\" class=\"yoast-schema-graph\">{\"@context\":\"https:\\\/\\\/schema.org\",\"@graph\":[{\"@type\":\"Article\",\"@id\":\"https:\\\/\\\/plazadetoroslamalagueta.com\\\/it\\\/i-toreri-piu-importanti-che-hanno-lasciato-il-segno-nellarena-di-malaga\\\/#article\",\"isPartOf\":{\"@id\":\"https:\\\/\\\/plazadetoroslamalagueta.com\\\/it\\\/i-toreri-piu-importanti-che-hanno-lasciato-il-segno-nellarena-di-malaga\\\/\"},\"author\":{\"name\":\"Marketing\",\"@id\":\"https:\\\/\\\/plazadetoroslamalagueta.com\\\/it\\\/#\\\/schema\\\/person\\\/38da8099bb302a43fd2c5eaec4713c5e\"},\"headline\":\"I toreri pi\u00f9 importanti che hanno lasciato il segno nell&#8217;arena di Malaga\",\"datePublished\":\"2023-05-24T11:53:41+00:00\",\"dateModified\":\"2025-01-15T12:09:45+00:00\",\"mainEntityOfPage\":{\"@id\":\"https:\\\/\\\/plazadetoroslamalagueta.com\\\/it\\\/i-toreri-piu-importanti-che-hanno-lasciato-il-segno-nellarena-di-malaga\\\/\"},\"wordCount\":704,\"commentCount\":0,\"publisher\":{\"@id\":\"https:\\\/\\\/plazadetoroslamalagueta.com\\\/it\\\/#organization\"},\"image\":{\"@id\":\"https:\\\/\\\/plazadetoroslamalagueta.com\\\/it\\\/i-toreri-piu-importanti-che-hanno-lasciato-il-segno-nellarena-di-malaga\\\/#primaryimage\"},\"thumbnailUrl\":\"https:\\\/\\\/plazadetoroslamalagueta.com\\\/wp-content\\\/uploads\\\/2023\\\/05\\\/torero.jpg\",\"articleSection\":[\"Informazioni sulla piazza\"],\"inLanguage\":\"it-IT\",\"potentialAction\":[{\"@type\":\"CommentAction\",\"name\":\"Comment\",\"target\":[\"https:\\\/\\\/plazadetoroslamalagueta.com\\\/it\\\/i-toreri-piu-importanti-che-hanno-lasciato-il-segno-nellarena-di-malaga\\\/#respond\"]}]},{\"@type\":\"WebPage\",\"@id\":\"https:\\\/\\\/plazadetoroslamalagueta.com\\\/it\\\/i-toreri-piu-importanti-che-hanno-lasciato-il-segno-nellarena-di-malaga\\\/\",\"url\":\"https:\\\/\\\/plazadetoroslamalagueta.com\\\/it\\\/i-toreri-piu-importanti-che-hanno-lasciato-il-segno-nellarena-di-malaga\\\/\",\"name\":\"\u25b7 I 6 toreri pi\u00f9 importanti della storia di Malaga\",\"isPartOf\":{\"@id\":\"https:\\\/\\\/plazadetoroslamalagueta.com\\\/it\\\/#website\"},\"primaryImageOfPage\":{\"@id\":\"https:\\\/\\\/plazadetoroslamalagueta.com\\\/it\\\/i-toreri-piu-importanti-che-hanno-lasciato-il-segno-nellarena-di-malaga\\\/#primaryimage\"},\"image\":{\"@id\":\"https:\\\/\\\/plazadetoroslamalagueta.com\\\/it\\\/i-toreri-piu-importanti-che-hanno-lasciato-il-segno-nellarena-di-malaga\\\/#primaryimage\"},\"thumbnailUrl\":\"https:\\\/\\\/plazadetoroslamalagueta.com\\\/wp-content\\\/uploads\\\/2023\\\/05\\\/torero.jpg\",\"datePublished\":\"2023-05-24T11:53:41+00:00\",\"dateModified\":\"2025-01-15T12:09:45+00:00\",\"description\":\"Scopri i 6 toreri pi\u00f9 importanti che hanno fatto la storia dell'arena di Malaga. Curiosit\u00e0 sui toreri\",\"breadcrumb\":{\"@id\":\"https:\\\/\\\/plazadetoroslamalagueta.com\\\/it\\\/i-toreri-piu-importanti-che-hanno-lasciato-il-segno-nellarena-di-malaga\\\/#breadcrumb\"},\"inLanguage\":\"it-IT\",\"potentialAction\":[{\"@type\":\"ReadAction\",\"target\":[\"https:\\\/\\\/plazadetoroslamalagueta.com\\\/it\\\/i-toreri-piu-importanti-che-hanno-lasciato-il-segno-nellarena-di-malaga\\\/\"]}]},{\"@type\":\"ImageObject\",\"inLanguage\":\"it-IT\",\"@id\":\"https:\\\/\\\/plazadetoroslamalagueta.com\\\/it\\\/i-toreri-piu-importanti-che-hanno-lasciato-il-segno-nellarena-di-malaga\\\/#primaryimage\",\"url\":\"https:\\\/\\\/plazadetoroslamalagueta.com\\\/wp-content\\\/uploads\\\/2023\\\/05\\\/torero.jpg\",\"contentUrl\":\"https:\\\/\\\/plazadetoroslamalagueta.com\\\/wp-content\\\/uploads\\\/2023\\\/05\\\/torero.jpg\",\"width\":562,\"height\":402},{\"@type\":\"BreadcrumbList\",\"@id\":\"https:\\\/\\\/plazadetoroslamalagueta.com\\\/it\\\/i-toreri-piu-importanti-che-hanno-lasciato-il-segno-nellarena-di-malaga\\\/#breadcrumb\",\"itemListElement\":[{\"@type\":\"ListItem\",\"position\":1,\"name\":\"Inicio\",\"item\":\"https:\\\/\\\/plazadetoroslamalagueta.com\\\/it\\\/\"},{\"@type\":\"ListItem\",\"position\":2,\"name\":\"I toreri pi\u00f9 importanti che hanno lasciato il segno nell&#8217;arena di Malaga\"}]},{\"@type\":\"WebSite\",\"@id\":\"https:\\\/\\\/plazadetoroslamalagueta.com\\\/it\\\/#website\",\"url\":\"https:\\\/\\\/plazadetoroslamalagueta.com\\\/it\\\/\",\"name\":\"Plaza de Toros de la Malagueta\",\"description\":\"La Plaza de Toros de M\u00e1laga, de nombre La Malagueta, es un edificio reconocido Bien de Inter\u00e9s Cultural, que ofrece visitas tur\u00edsticas y corridas de toros y otros tipos de espect\u00e1culo durante todo el a\u00f1o.\",\"publisher\":{\"@id\":\"https:\\\/\\\/plazadetoroslamalagueta.com\\\/it\\\/#organization\"},\"alternateName\":\"Plaza de Toros M\u00e1laga\",\"potentialAction\":[{\"@type\":\"SearchAction\",\"target\":{\"@type\":\"EntryPoint\",\"urlTemplate\":\"https:\\\/\\\/plazadetoroslamalagueta.com\\\/it\\\/?s={search_term_string}\"},\"query-input\":{\"@type\":\"PropertyValueSpecification\",\"valueRequired\":true,\"valueName\":\"search_term_string\"}}],\"inLanguage\":\"it-IT\"},{\"@type\":\"Organization\",\"@id\":\"https:\\\/\\\/plazadetoroslamalagueta.com\\\/it\\\/#organization\",\"name\":\"Plaza de Toros la Malagueta\",\"url\":\"https:\\\/\\\/plazadetoroslamalagueta.com\\\/it\\\/\",\"logo\":{\"@type\":\"ImageObject\",\"inLanguage\":\"it-IT\",\"@id\":\"https:\\\/\\\/plazadetoroslamalagueta.com\\\/it\\\/#\\\/schema\\\/logo\\\/image\\\/\",\"url\":\"https:\\\/\\\/plazadetoroslamalagueta.com\\\/wp-content\\\/uploads\\\/2024\\\/02\\\/Logo-plaza-toros.webp\",\"contentUrl\":\"https:\\\/\\\/plazadetoroslamalagueta.com\\\/wp-content\\\/uploads\\\/2024\\\/02\\\/Logo-plaza-toros.webp\",\"width\":100,\"height\":100,\"caption\":\"Plaza de Toros la Malagueta\"},\"image\":{\"@id\":\"https:\\\/\\\/plazadetoroslamalagueta.com\\\/it\\\/#\\\/schema\\\/logo\\\/image\\\/\"}},{\"@type\":\"Person\",\"@id\":\"https:\\\/\\\/plazadetoroslamalagueta.com\\\/it\\\/#\\\/schema\\\/person\\\/38da8099bb302a43fd2c5eaec4713c5e\",\"name\":\"Marketing\",\"image\":{\"@type\":\"ImageObject\",\"inLanguage\":\"it-IT\",\"@id\":\"https:\\\/\\\/secure.gravatar.com\\\/avatar\\\/2c03e1a8691cff42cdbffdaf0b1a4a8d0203aaa61e9a18db2956bd6c8b777fd6?s=96&d=mm&r=g\",\"url\":\"https:\\\/\\\/secure.gravatar.com\\\/avatar\\\/2c03e1a8691cff42cdbffdaf0b1a4a8d0203aaa61e9a18db2956bd6c8b777fd6?s=96&d=mm&r=g\",\"contentUrl\":\"https:\\\/\\\/secure.gravatar.com\\\/avatar\\\/2c03e1a8691cff42cdbffdaf0b1a4a8d0203aaa61e9a18db2956bd6c8b777fd6?s=96&d=mm&r=g\",\"caption\":\"Marketing\"},\"url\":\"https:\\\/\\\/plazadetoroslamalagueta.com\\\/it\\\/author\\\/marketing\\\/\"}]}<\/script>\n<!-- \/ Yoast SEO plugin. -->","yoast_head_json":{"title":"\u25b7 I 6 toreri pi\u00f9 importanti della storia di Malaga","description":"Scopri i 6 toreri pi\u00f9 importanti che hanno fatto la storia dell'arena di Malaga. Curiosit\u00e0 sui toreri","robots":{"index":"index","follow":"follow","max-snippet":"max-snippet:-1","max-image-preview":"max-image-preview:large","max-video-preview":"max-video-preview:-1"},"canonical":"https:\/\/plazadetoroslamalagueta.com\/it\/i-toreri-piu-importanti-che-hanno-lasciato-il-segno-nellarena-di-malaga\/","og_locale":"it_IT","og_type":"article","og_title":"\u25b7 I 6 toreri pi\u00f9 importanti della storia di Malaga","og_description":"Scopri i 6 toreri pi\u00f9 importanti che hanno fatto la storia dell'arena di Malaga. Curiosit\u00e0 sui toreri","og_url":"https:\/\/plazadetoroslamalagueta.com\/it\/i-toreri-piu-importanti-che-hanno-lasciato-il-segno-nellarena-di-malaga\/","og_site_name":"Plaza de Toros La Malagueta","article_published_time":"2023-05-24T11:53:41+00:00","article_modified_time":"2025-01-15T12:09:45+00:00","og_image":[{"width":562,"height":402,"url":"https:\/\/plazadetoroslamalagueta.com\/wp-content\/uploads\/2023\/05\/torero.jpg","type":"image\/jpeg"}],"author":"Marketing","twitter_card":"summary_large_image","twitter_misc":{"Scritto da":"Marketing","Tempo di lettura stimato":"3 minuti"},"schema":{"@context":"https:\/\/schema.org","@graph":[{"@type":"Article","@id":"https:\/\/plazadetoroslamalagueta.com\/it\/i-toreri-piu-importanti-che-hanno-lasciato-il-segno-nellarena-di-malaga\/#article","isPartOf":{"@id":"https:\/\/plazadetoroslamalagueta.com\/it\/i-toreri-piu-importanti-che-hanno-lasciato-il-segno-nellarena-di-malaga\/"},"author":{"name":"Marketing","@id":"https:\/\/plazadetoroslamalagueta.com\/it\/#\/schema\/person\/38da8099bb302a43fd2c5eaec4713c5e"},"headline":"I toreri pi\u00f9 importanti che hanno lasciato il segno nell&#8217;arena di Malaga","datePublished":"2023-05-24T11:53:41+00:00","dateModified":"2025-01-15T12:09:45+00:00","mainEntityOfPage":{"@id":"https:\/\/plazadetoroslamalagueta.com\/it\/i-toreri-piu-importanti-che-hanno-lasciato-il-segno-nellarena-di-malaga\/"},"wordCount":704,"commentCount":0,"publisher":{"@id":"https:\/\/plazadetoroslamalagueta.com\/it\/#organization"},"image":{"@id":"https:\/\/plazadetoroslamalagueta.com\/it\/i-toreri-piu-importanti-che-hanno-lasciato-il-segno-nellarena-di-malaga\/#primaryimage"},"thumbnailUrl":"https:\/\/plazadetoroslamalagueta.com\/wp-content\/uploads\/2023\/05\/torero.jpg","articleSection":["Informazioni sulla piazza"],"inLanguage":"it-IT","potentialAction":[{"@type":"CommentAction","name":"Comment","target":["https:\/\/plazadetoroslamalagueta.com\/it\/i-toreri-piu-importanti-che-hanno-lasciato-il-segno-nellarena-di-malaga\/#respond"]}]},{"@type":"WebPage","@id":"https:\/\/plazadetoroslamalagueta.com\/it\/i-toreri-piu-importanti-che-hanno-lasciato-il-segno-nellarena-di-malaga\/","url":"https:\/\/plazadetoroslamalagueta.com\/it\/i-toreri-piu-importanti-che-hanno-lasciato-il-segno-nellarena-di-malaga\/","name":"\u25b7 I 6 toreri pi\u00f9 importanti della storia di Malaga","isPartOf":{"@id":"https:\/\/plazadetoroslamalagueta.com\/it\/#website"},"primaryImageOfPage":{"@id":"https:\/\/plazadetoroslamalagueta.com\/it\/i-toreri-piu-importanti-che-hanno-lasciato-il-segno-nellarena-di-malaga\/#primaryimage"},"image":{"@id":"https:\/\/plazadetoroslamalagueta.com\/it\/i-toreri-piu-importanti-che-hanno-lasciato-il-segno-nellarena-di-malaga\/#primaryimage"},"thumbnailUrl":"https:\/\/plazadetoroslamalagueta.com\/wp-content\/uploads\/2023\/05\/torero.jpg","datePublished":"2023-05-24T11:53:41+00:00","dateModified":"2025-01-15T12:09:45+00:00","description":"Scopri i 6 toreri pi\u00f9 importanti che hanno fatto la storia dell'arena di Malaga. Curiosit\u00e0 sui toreri","breadcrumb":{"@id":"https:\/\/plazadetoroslamalagueta.com\/it\/i-toreri-piu-importanti-che-hanno-lasciato-il-segno-nellarena-di-malaga\/#breadcrumb"},"inLanguage":"it-IT","potentialAction":[{"@type":"ReadAction","target":["https:\/\/plazadetoroslamalagueta.com\/it\/i-toreri-piu-importanti-che-hanno-lasciato-il-segno-nellarena-di-malaga\/"]}]},{"@type":"ImageObject","inLanguage":"it-IT","@id":"https:\/\/plazadetoroslamalagueta.com\/it\/i-toreri-piu-importanti-che-hanno-lasciato-il-segno-nellarena-di-malaga\/#primaryimage","url":"https:\/\/plazadetoroslamalagueta.com\/wp-content\/uploads\/2023\/05\/torero.jpg","contentUrl":"https:\/\/plazadetoroslamalagueta.com\/wp-content\/uploads\/2023\/05\/torero.jpg","width":562,"height":402},{"@type":"BreadcrumbList","@id":"https:\/\/plazadetoroslamalagueta.com\/it\/i-toreri-piu-importanti-che-hanno-lasciato-il-segno-nellarena-di-malaga\/#breadcrumb","itemListElement":[{"@type":"ListItem","position":1,"name":"Inicio","item":"https:\/\/plazadetoroslamalagueta.com\/it\/"},{"@type":"ListItem","position":2,"name":"I toreri pi\u00f9 importanti che hanno lasciato il segno nell&#8217;arena di Malaga"}]},{"@type":"WebSite","@id":"https:\/\/plazadetoroslamalagueta.com\/it\/#website","url":"https:\/\/plazadetoroslamalagueta.com\/it\/","name":"Plaza de Toros de la Malagueta","description":"La Plaza de Toros de M\u00e1laga, de nombre La Malagueta, es un edificio reconocido Bien de Inter\u00e9s Cultural, que ofrece visitas tur\u00edsticas y corridas de toros y otros tipos de espect\u00e1culo durante todo el a\u00f1o.","publisher":{"@id":"https:\/\/plazadetoroslamalagueta.com\/it\/#organization"},"alternateName":"Plaza de Toros M\u00e1laga","potentialAction":[{"@type":"SearchAction","target":{"@type":"EntryPoint","urlTemplate":"https:\/\/plazadetoroslamalagueta.com\/it\/?s={search_term_string}"},"query-input":{"@type":"PropertyValueSpecification","valueRequired":true,"valueName":"search_term_string"}}],"inLanguage":"it-IT"},{"@type":"Organization","@id":"https:\/\/plazadetoroslamalagueta.com\/it\/#organization","name":"Plaza de Toros la Malagueta","url":"https:\/\/plazadetoroslamalagueta.com\/it\/","logo":{"@type":"ImageObject","inLanguage":"it-IT","@id":"https:\/\/plazadetoroslamalagueta.com\/it\/#\/schema\/logo\/image\/","url":"https:\/\/plazadetoroslamalagueta.com\/wp-content\/uploads\/2024\/02\/Logo-plaza-toros.webp","contentUrl":"https:\/\/plazadetoroslamalagueta.com\/wp-content\/uploads\/2024\/02\/Logo-plaza-toros.webp","width":100,"height":100,"caption":"Plaza de Toros la Malagueta"},"image":{"@id":"https:\/\/plazadetoroslamalagueta.com\/it\/#\/schema\/logo\/image\/"}},{"@type":"Person","@id":"https:\/\/plazadetoroslamalagueta.com\/it\/#\/schema\/person\/38da8099bb302a43fd2c5eaec4713c5e","name":"Marketing","image":{"@type":"ImageObject","inLanguage":"it-IT","@id":"https:\/\/secure.gravatar.com\/avatar\/2c03e1a8691cff42cdbffdaf0b1a4a8d0203aaa61e9a18db2956bd6c8b777fd6?s=96&d=mm&r=g","url":"https:\/\/secure.gravatar.com\/avatar\/2c03e1a8691cff42cdbffdaf0b1a4a8d0203aaa61e9a18db2956bd6c8b777fd6?s=96&d=mm&r=g","contentUrl":"https:\/\/secure.gravatar.com\/avatar\/2c03e1a8691cff42cdbffdaf0b1a4a8d0203aaa61e9a18db2956bd6c8b777fd6?s=96&d=mm&r=g","caption":"Marketing"},"url":"https:\/\/plazadetoroslamalagueta.com\/it\/author\/marketing\/"}]}},"_links":{"self":[{"href":"https:\/\/plazadetoroslamalagueta.com\/it\/wp-json\/wp\/v2\/posts\/22420","targetHints":{"allow":["GET"]}}],"collection":[{"href":"https:\/\/plazadetoroslamalagueta.com\/it\/wp-json\/wp\/v2\/posts"}],"about":[{"href":"https:\/\/plazadetoroslamalagueta.com\/it\/wp-json\/wp\/v2\/types\/post"}],"author":[{"embeddable":true,"href":"https:\/\/plazadetoroslamalagueta.com\/it\/wp-json\/wp\/v2\/users\/4"}],"replies":[{"embeddable":true,"href":"https:\/\/plazadetoroslamalagueta.com\/it\/wp-json\/wp\/v2\/comments?post=22420"}],"version-history":[{"count":1,"href":"https:\/\/plazadetoroslamalagueta.com\/it\/wp-json\/wp\/v2\/posts\/22420\/revisions"}],"predecessor-version":[{"id":22435,"href":"https:\/\/plazadetoroslamalagueta.com\/it\/wp-json\/wp\/v2\/posts\/22420\/revisions\/22435"}],"wp:featuredmedia":[{"embeddable":true,"href":"https:\/\/plazadetoroslamalagueta.com\/it\/wp-json\/wp\/v2\/media\/22426"}],"wp:attachment":[{"href":"https:\/\/plazadetoroslamalagueta.com\/it\/wp-json\/wp\/v2\/media?parent=22420"}],"wp:term":[{"taxonomy":"category","embeddable":true,"href":"https:\/\/plazadetoroslamalagueta.com\/it\/wp-json\/wp\/v2\/categories?post=22420"},{"taxonomy":"post_tag","embeddable":true,"href":"https:\/\/plazadetoroslamalagueta.com\/it\/wp-json\/wp\/v2\/tags?post=22420"}],"curies":[{"name":"wp","href":"https:\/\/api.w.org\/{rel}","templated":true}]}}