{"id":22388,"date":"2023-11-15T11:27:00","date_gmt":"2023-11-15T10:27:00","guid":{"rendered":"https:\/\/plazadetoroslamalagueta.com\/il-gala-della-corrida-assegna-7-trofei-per-la-fiera-di-malaga-2023\/"},"modified":"2025-01-15T13:09:44","modified_gmt":"2025-01-15T12:09:44","slug":"il-gala-della-corrida-assegna-7-trofei-per-la-fiera-di-malaga-2023","status":"publish","type":"post","link":"https:\/\/plazadetoroslamalagueta.com\/it\/il-gala-della-corrida-assegna-7-trofei-per-la-fiera-di-malaga-2023\/","title":{"rendered":"Il Gala della Corrida assegna 7 trofei per la Fiera di Malaga 2023"},"content":{"rendered":"<section class=\"l-section wpb_row height_medium\"><div class=\"l-section-h i-cf\"><div class=\"g-cols vc_row via_grid cols_1 laptops-cols_inherit tablets-cols_inherit mobiles-cols_1 valign_top type_default stacking_default\"><div class=\"wpb_column vc_column_container\"><div class=\"vc_column-inner\"><div class=\"wpb_text_column\"><div class=\"wpb_wrapper\"><h1>Il Gala de la Tauromaqu\u00eda assegna il premio per il miglior spettacolo di corrida della Fiera di Malaga 2023.<\/h1>\n<p>Lo scorso marted\u00ec 14 novembre, il torero di Malaga, Sa\u00fal Jim\u00e9nez Fortes, \u00e8 stato premiato con il Silver Estoque Award grazie alla sua grande performance e alla migliore corrida dell&#8217;ultima fiera di Malaga 2023.<\/p>\n<\/div><\/div><div class=\"w-separator size_medium\"><\/div><div class=\"w-image align_none\"><div class=\"w-image-h\"><img decoding=\"async\" width=\"758\" height=\"531\" src=\"https:\/\/plazadetoroslamalagueta.com\/wp-content\/uploads\/2023\/11\/fortes-estoque-de-plata-malaga-2023.webp\" class=\"attachment-large size-large\" alt=\"\" loading=\"lazy\" srcset=\"https:\/\/plazadetoroslamalagueta.com\/wp-content\/uploads\/2023\/11\/fortes-estoque-de-plata-malaga-2023.webp 758w, https:\/\/plazadetoroslamalagueta.com\/wp-content\/uploads\/2023\/11\/fortes-estoque-de-plata-malaga-2023-300x210.webp 300w\" sizes=\"auto, (max-width: 758px) 100vw, 758px\" \/><\/div><\/div><\/div><\/div><\/div><\/div><\/section><section class=\"l-section wpb_row height_medium\"><div class=\"l-section-h i-cf\"><div class=\"g-cols vc_row via_grid cols_1 laptops-cols_inherit tablets-cols_inherit mobiles-cols_1 valign_top type_default stacking_default\"><div class=\"wpb_column vc_column_container\"><div class=\"vc_column-inner\"><div class=\"wpb_text_column\"><div class=\"wpb_wrapper\"><p>Malaga si \u00e8 vestita a festa per assegnare i pi\u00f9 prestigiosi premi di tauromachia della citt\u00e0 ai migliori toreri e novilleros dell&#8217;ultima Feria de Agosto. Il <strong>Centro Culturale Mar\u00eda Victoria Atencia <\/strong>ha ospitato il <strong>Gala della Corrida di Malaga 2023<\/strong>, un&#8217;iniziativa del Consiglio Provinciale di Malaga, organizzata da Borja Ortiz, Direttore del Centro per gli Affari della Corrida, e alla quale hanno partecipato il Presidente del Consiglio Provinciale di Malaga, Francisco Salado, oltre a diverse istituzioni, associazioni e gruppi della citt\u00e0 e della provincia per presentare i trofei dell&#8217;ultima <strong>Fiera della Corrida <\/strong>tenutasi nell&#8217;<strong>arena di La Malagueta<\/strong>. I diversi agenti incaricati di scegliere il vincitore si sono riuniti il 31 agosto, subito dopo la fine della fiera della corrida, per discutere le diverse performance dei toreri partecipanti. <strong>Alla fine Saul Jimenez Fortes si \u00e8 aggiudicato il premio per la migliore Faena della Feria, dopo un consenso a maggioranza assoluta, per la sua performance nell&#8217;<a href=\"https:\/\/plazadetoroslamalagueta.com\/it\/\">arena di Malaga<\/a>.<\/strong> <\/p>\n<p><strong>Chi lo ha concesso?<\/strong><\/p>\n<p>I premi sono stati promossi dall&#8217;istituzione provinciale in collaborazione con il Colegio de Veterinarios, la Pe\u00f1a Taurina de C\u00e1rtama (M\u00e1laga), l&#8217;Uni\u00f3n Taurina de Abonados, la scuola provinciale di tauromachia e l&#8217;Asociaci\u00f3n Juventud Taurina, enti che si sono occupati di assegnare gli altri riconoscimenti.<\/p>\n<h2>Fortes ottiene il suo terzo estoque<\/h2>\n<p>Il Torero di Malaga ha vinto di nuovo il premio principale dopo cinque anni (lo aveva vinto anche nel 2016 e nel 2018) e si aggiunge alla lista dei vincitori. Alcuni dei diestros con cui condivide la gloria sono Curro Romero, Joselito, Jos\u00e9 Tom\u00e1s, Enrique Ponce, Ni\u00f1o de la Capea, Miguel M\u00e1rquez, Javier Conde, Manzanares padre, El Juli, Antonio Ferrera, Salvador Cort\u00e9s, Rivera Ord\u00f3\u00f1ez, Jos\u00e9 Mar\u00eda Manzanares e Roca Rey. In questa occasione si \u00e8 aggiudicato il premio grazie alla <strong>grande performance del 16 agosto davanti al quinto toro dell&#8217;allevamento di Daniel Ruiz.<\/strong> <\/p>\n<h2>Vincitori<\/h2>\n<p>Dopo la consegna del premio Estoque de plata Antonio Ordo\u00f1ez, sono stati consegnati gli altri premi della serata. I giovani della corrida hanno premiato Jorge Molina come miglior novillero. Il sindacato degli abbonati ha premiato il matador Jos\u00e9 Garrido come autore della migliore spinta della fiera e il collegio dei veterinari ha scelto il toro chiamato &#8220;Aislado&#8221; come il toro pi\u00f9 coraggioso. Allo stesso tempo, Guillermo Hermoso e Jorge Fuentes sono stati premiati rispettivamente come i migliori rejoneadores e banderilleros. Infine, la scuola provinciale di tauromachia ha premiato Sim\u00f3n Andreu come vincitore del concorso della scuola di tauromachia.   <\/p>\n<h2>Il Gala<\/h2>\n<p class=\"article-body__text \">L&#8217;evento \u00e8 stato condotto dalla giornalista<strong> Noelia G\u00f3mez <\/strong>e ha visto l&#8217;intervento del direttore degli Affari della Corrida<strong>, Borja Ortiz <\/strong>, e del presidente della Fundaci\u00f3n del Toro de Lidia, <strong>Victorino Mart\u00edn<\/strong>. A livello istituzionale, hanno partecipato il vicesindaco Teresa Porras, il delegato all&#8217;Educazione della Junta de Andaluc\u00eda e il presidente del Consiglio Provinciale <strong>Francisco Salado<\/strong>, il quale ha dichiarato che <em>&#8220;Abbiamo deciso di <strong>parlare di corrida a Malaga durante tutto l&#8217;anno<\/strong>, e per questo motivo promuoveremo diversi eventi e manifestazioni che stimoleranno l&#8217;entusiasmo per la corrida sia nella capitale che nella provincia&#8221;, <\/em>tra cui. <em>&#8230; il Bullfighting Immersive Experience Centre, che sar\u00e0 dotato delle pi\u00f9 moderne tecnologie e offrir\u00e0 all&#8217;arena Malagueta un percorso per addentrarsi nella festa nazionale attraverso esperienze e giochi.<\/em><\/p>\n<\/div><\/div><div class=\"w-separator size_medium\"><\/div><div class=\"w-image align_none\"><div class=\"w-image-h\"><img decoding=\"async\" width=\"1024\" height=\"768\" src=\"https:\/\/plazadetoroslamalagueta.com\/wp-content\/uploads\/2023\/11\/ganadores-premios-malaga-2023.webp\" class=\"attachment-large size-large\" alt=\"\" loading=\"lazy\" srcset=\"https:\/\/plazadetoroslamalagueta.com\/wp-content\/uploads\/2023\/11\/ganadores-premios-malaga-2023.webp 1024w, https:\/\/plazadetoroslamalagueta.com\/wp-content\/uploads\/2023\/11\/ganadores-premios-malaga-2023-300x225.webp 300w\" sizes=\"auto, (max-width: 1024px) 100vw, 1024px\" \/><\/div><\/div><\/div><\/div><\/div><\/div><\/section>\n","protected":false},"excerpt":{"rendered":"Il Gala de la Tauromaqu\u00eda assegna il premio per il miglior spettacolo di corrida della Fiera di Malaga 2023. Lo scorso marted\u00ec 14 novembre, il torero di Malaga, Sa\u00fal Jim\u00e9nez Fortes, \u00e8 stato premiato con il Silver Estoque Award grazie alla sua grande performance e alla migliore corrida dell&#8217;ultima fiera di Malaga 2023. Malaga si...","protected":false},"author":4,"featured_media":22390,"comment_status":"open","ping_status":"open","sticky":false,"template":"","format":"standard","meta":{"footnotes":""},"categories":[556],"tags":[],"class_list":["post-22388","post","type-post","status-publish","format-standard","has-post-thumbnail","hentry","category-informazioni-sulla-piazza"],"yoast_head":"<!-- This site is optimized with the Yoast SEO plugin v27.4 - https:\/\/yoast.com\/product\/yoast-seo-wordpress\/ -->\n<title>Celebrazione del Gala della Corrida di Malaga 2023<\/title>\n<meta name=\"description\" content=\"Cerimonia di premiazione della Fiera della Corrida di Malaga 2023 | Scopri i migliori vincitori nelle diverse categorie - Plaza de Toros M\u00e1laga\" \/>\n<meta name=\"robots\" content=\"index, follow, max-snippet:-1, max-image-preview:large, max-video-preview:-1\" \/>\n<link rel=\"canonical\" href=\"https:\/\/plazadetoroslamalagueta.com\/it\/il-gala-della-corrida-assegna-7-trofei-per-la-fiera-di-malaga-2023\/\" \/>\n<meta property=\"og:locale\" content=\"it_IT\" \/>\n<meta property=\"og:type\" content=\"article\" \/>\n<meta property=\"og:title\" content=\"Celebrazione del Gala della Corrida di Malaga 2023\" \/>\n<meta property=\"og:description\" content=\"Cerimonia di premiazione della Fiera della Corrida di Malaga 2023 | Scopri i migliori vincitori nelle diverse categorie - Plaza de Toros M\u00e1laga\" \/>\n<meta property=\"og:url\" content=\"https:\/\/plazadetoroslamalagueta.com\/it\/il-gala-della-corrida-assegna-7-trofei-per-la-fiera-di-malaga-2023\/\" \/>\n<meta property=\"og:site_name\" content=\"Plaza de Toros La Malagueta\" \/>\n<meta property=\"article:published_time\" content=\"2023-11-15T10:27:00+00:00\" \/>\n<meta property=\"article:modified_time\" content=\"2025-01-15T12:09:44+00:00\" \/>\n<meta property=\"og:image\" content=\"https:\/\/plazadetoroslamalagueta.com\/wp-content\/uploads\/2023\/11\/fortes-estoque-de-plata-malaga-2023.webp\" \/>\n\t<meta property=\"og:image:width\" content=\"758\" \/>\n\t<meta property=\"og:image:height\" content=\"531\" \/>\n\t<meta property=\"og:image:type\" content=\"image\/webp\" \/>\n<meta name=\"author\" content=\"Marketing\" \/>\n<meta name=\"twitter:card\" content=\"summary_large_image\" \/>\n<meta name=\"twitter:label1\" content=\"Scritto da\" \/>\n\t<meta name=\"twitter:data1\" content=\"Marketing\" \/>\n\t<meta name=\"twitter:label2\" content=\"Tempo di lettura stimato\" \/>\n\t<meta name=\"twitter:data2\" content=\"3 minuti\" \/>\n<script type=\"application\/ld+json\" class=\"yoast-schema-graph\">{\"@context\":\"https:\\\/\\\/schema.org\",\"@graph\":[{\"@type\":\"Article\",\"@id\":\"https:\\\/\\\/plazadetoroslamalagueta.com\\\/it\\\/il-gala-della-corrida-assegna-7-trofei-per-la-fiera-di-malaga-2023\\\/#article\",\"isPartOf\":{\"@id\":\"https:\\\/\\\/plazadetoroslamalagueta.com\\\/it\\\/il-gala-della-corrida-assegna-7-trofei-per-la-fiera-di-malaga-2023\\\/\"},\"author\":{\"name\":\"Marketing\",\"@id\":\"https:\\\/\\\/plazadetoroslamalagueta.com\\\/it\\\/#\\\/schema\\\/person\\\/38da8099bb302a43fd2c5eaec4713c5e\"},\"headline\":\"Il Gala della Corrida assegna 7 trofei per la Fiera di Malaga 2023\",\"datePublished\":\"2023-11-15T10:27:00+00:00\",\"dateModified\":\"2025-01-15T12:09:44+00:00\",\"mainEntityOfPage\":{\"@id\":\"https:\\\/\\\/plazadetoroslamalagueta.com\\\/it\\\/il-gala-della-corrida-assegna-7-trofei-per-la-fiera-di-malaga-2023\\\/\"},\"wordCount\":652,\"commentCount\":0,\"publisher\":{\"@id\":\"https:\\\/\\\/plazadetoroslamalagueta.com\\\/it\\\/#organization\"},\"image\":{\"@id\":\"https:\\\/\\\/plazadetoroslamalagueta.com\\\/it\\\/il-gala-della-corrida-assegna-7-trofei-per-la-fiera-di-malaga-2023\\\/#primaryimage\"},\"thumbnailUrl\":\"https:\\\/\\\/plazadetoroslamalagueta.com\\\/wp-content\\\/uploads\\\/2023\\\/11\\\/fortes-estoque-de-plata-malaga-2023.webp\",\"articleSection\":[\"Informazioni sulla piazza\"],\"inLanguage\":\"it-IT\",\"potentialAction\":[{\"@type\":\"CommentAction\",\"name\":\"Comment\",\"target\":[\"https:\\\/\\\/plazadetoroslamalagueta.com\\\/it\\\/il-gala-della-corrida-assegna-7-trofei-per-la-fiera-di-malaga-2023\\\/#respond\"]}]},{\"@type\":\"WebPage\",\"@id\":\"https:\\\/\\\/plazadetoroslamalagueta.com\\\/it\\\/il-gala-della-corrida-assegna-7-trofei-per-la-fiera-di-malaga-2023\\\/\",\"url\":\"https:\\\/\\\/plazadetoroslamalagueta.com\\\/it\\\/il-gala-della-corrida-assegna-7-trofei-per-la-fiera-di-malaga-2023\\\/\",\"name\":\"Celebrazione del Gala della Corrida di Malaga 2023\",\"isPartOf\":{\"@id\":\"https:\\\/\\\/plazadetoroslamalagueta.com\\\/it\\\/#website\"},\"primaryImageOfPage\":{\"@id\":\"https:\\\/\\\/plazadetoroslamalagueta.com\\\/it\\\/il-gala-della-corrida-assegna-7-trofei-per-la-fiera-di-malaga-2023\\\/#primaryimage\"},\"image\":{\"@id\":\"https:\\\/\\\/plazadetoroslamalagueta.com\\\/it\\\/il-gala-della-corrida-assegna-7-trofei-per-la-fiera-di-malaga-2023\\\/#primaryimage\"},\"thumbnailUrl\":\"https:\\\/\\\/plazadetoroslamalagueta.com\\\/wp-content\\\/uploads\\\/2023\\\/11\\\/fortes-estoque-de-plata-malaga-2023.webp\",\"datePublished\":\"2023-11-15T10:27:00+00:00\",\"dateModified\":\"2025-01-15T12:09:44+00:00\",\"description\":\"Cerimonia di premiazione della Fiera della Corrida di Malaga 2023 | Scopri i migliori vincitori nelle diverse categorie - Plaza de Toros M\u00e1laga\",\"breadcrumb\":{\"@id\":\"https:\\\/\\\/plazadetoroslamalagueta.com\\\/it\\\/il-gala-della-corrida-assegna-7-trofei-per-la-fiera-di-malaga-2023\\\/#breadcrumb\"},\"inLanguage\":\"it-IT\",\"potentialAction\":[{\"@type\":\"ReadAction\",\"target\":[\"https:\\\/\\\/plazadetoroslamalagueta.com\\\/it\\\/il-gala-della-corrida-assegna-7-trofei-per-la-fiera-di-malaga-2023\\\/\"]}]},{\"@type\":\"ImageObject\",\"inLanguage\":\"it-IT\",\"@id\":\"https:\\\/\\\/plazadetoroslamalagueta.com\\\/it\\\/il-gala-della-corrida-assegna-7-trofei-per-la-fiera-di-malaga-2023\\\/#primaryimage\",\"url\":\"https:\\\/\\\/plazadetoroslamalagueta.com\\\/wp-content\\\/uploads\\\/2023\\\/11\\\/fortes-estoque-de-plata-malaga-2023.webp\",\"contentUrl\":\"https:\\\/\\\/plazadetoroslamalagueta.com\\\/wp-content\\\/uploads\\\/2023\\\/11\\\/fortes-estoque-de-plata-malaga-2023.webp\",\"width\":758,\"height\":531},{\"@type\":\"BreadcrumbList\",\"@id\":\"https:\\\/\\\/plazadetoroslamalagueta.com\\\/it\\\/il-gala-della-corrida-assegna-7-trofei-per-la-fiera-di-malaga-2023\\\/#breadcrumb\",\"itemListElement\":[{\"@type\":\"ListItem\",\"position\":1,\"name\":\"Inicio\",\"item\":\"https:\\\/\\\/plazadetoroslamalagueta.com\\\/it\\\/\"},{\"@type\":\"ListItem\",\"position\":2,\"name\":\"Il Gala della Corrida assegna 7 trofei per la Fiera di Malaga 2023\"}]},{\"@type\":\"WebSite\",\"@id\":\"https:\\\/\\\/plazadetoroslamalagueta.com\\\/it\\\/#website\",\"url\":\"https:\\\/\\\/plazadetoroslamalagueta.com\\\/it\\\/\",\"name\":\"Plaza de Toros de la Malagueta\",\"description\":\"La Plaza de Toros de M\u00e1laga, de nombre La Malagueta, es un edificio reconocido Bien de Inter\u00e9s Cultural, que ofrece visitas tur\u00edsticas y corridas de toros y otros tipos de espect\u00e1culo durante todo el a\u00f1o.\",\"publisher\":{\"@id\":\"https:\\\/\\\/plazadetoroslamalagueta.com\\\/it\\\/#organization\"},\"alternateName\":\"Plaza de Toros M\u00e1laga\",\"potentialAction\":[{\"@type\":\"SearchAction\",\"target\":{\"@type\":\"EntryPoint\",\"urlTemplate\":\"https:\\\/\\\/plazadetoroslamalagueta.com\\\/it\\\/?s={search_term_string}\"},\"query-input\":{\"@type\":\"PropertyValueSpecification\",\"valueRequired\":true,\"valueName\":\"search_term_string\"}}],\"inLanguage\":\"it-IT\"},{\"@type\":\"Organization\",\"@id\":\"https:\\\/\\\/plazadetoroslamalagueta.com\\\/it\\\/#organization\",\"name\":\"Plaza de Toros la Malagueta\",\"url\":\"https:\\\/\\\/plazadetoroslamalagueta.com\\\/it\\\/\",\"logo\":{\"@type\":\"ImageObject\",\"inLanguage\":\"it-IT\",\"@id\":\"https:\\\/\\\/plazadetoroslamalagueta.com\\\/it\\\/#\\\/schema\\\/logo\\\/image\\\/\",\"url\":\"https:\\\/\\\/plazadetoroslamalagueta.com\\\/wp-content\\\/uploads\\\/2024\\\/02\\\/Logo-plaza-toros.webp\",\"contentUrl\":\"https:\\\/\\\/plazadetoroslamalagueta.com\\\/wp-content\\\/uploads\\\/2024\\\/02\\\/Logo-plaza-toros.webp\",\"width\":100,\"height\":100,\"caption\":\"Plaza de Toros la Malagueta\"},\"image\":{\"@id\":\"https:\\\/\\\/plazadetoroslamalagueta.com\\\/it\\\/#\\\/schema\\\/logo\\\/image\\\/\"}},{\"@type\":\"Person\",\"@id\":\"https:\\\/\\\/plazadetoroslamalagueta.com\\\/it\\\/#\\\/schema\\\/person\\\/38da8099bb302a43fd2c5eaec4713c5e\",\"name\":\"Marketing\",\"image\":{\"@type\":\"ImageObject\",\"inLanguage\":\"it-IT\",\"@id\":\"https:\\\/\\\/secure.gravatar.com\\\/avatar\\\/2c03e1a8691cff42cdbffdaf0b1a4a8d0203aaa61e9a18db2956bd6c8b777fd6?s=96&d=mm&r=g\",\"url\":\"https:\\\/\\\/secure.gravatar.com\\\/avatar\\\/2c03e1a8691cff42cdbffdaf0b1a4a8d0203aaa61e9a18db2956bd6c8b777fd6?s=96&d=mm&r=g\",\"contentUrl\":\"https:\\\/\\\/secure.gravatar.com\\\/avatar\\\/2c03e1a8691cff42cdbffdaf0b1a4a8d0203aaa61e9a18db2956bd6c8b777fd6?s=96&d=mm&r=g\",\"caption\":\"Marketing\"},\"url\":\"https:\\\/\\\/plazadetoroslamalagueta.com\\\/it\\\/author\\\/marketing\\\/\"}]}<\/script>\n<!-- \/ Yoast SEO plugin. -->","yoast_head_json":{"title":"Celebrazione del Gala della Corrida di Malaga 2023","description":"Cerimonia di premiazione della Fiera della Corrida di Malaga 2023 | Scopri i migliori vincitori nelle diverse categorie - Plaza de Toros M\u00e1laga","robots":{"index":"index","follow":"follow","max-snippet":"max-snippet:-1","max-image-preview":"max-image-preview:large","max-video-preview":"max-video-preview:-1"},"canonical":"https:\/\/plazadetoroslamalagueta.com\/it\/il-gala-della-corrida-assegna-7-trofei-per-la-fiera-di-malaga-2023\/","og_locale":"it_IT","og_type":"article","og_title":"Celebrazione del Gala della Corrida di Malaga 2023","og_description":"Cerimonia di premiazione della Fiera della Corrida di Malaga 2023 | Scopri i migliori vincitori nelle diverse categorie - Plaza de Toros M\u00e1laga","og_url":"https:\/\/plazadetoroslamalagueta.com\/it\/il-gala-della-corrida-assegna-7-trofei-per-la-fiera-di-malaga-2023\/","og_site_name":"Plaza de Toros La Malagueta","article_published_time":"2023-11-15T10:27:00+00:00","article_modified_time":"2025-01-15T12:09:44+00:00","og_image":[{"width":758,"height":531,"url":"https:\/\/plazadetoroslamalagueta.com\/wp-content\/uploads\/2023\/11\/fortes-estoque-de-plata-malaga-2023.webp","type":"image\/webp"}],"author":"Marketing","twitter_card":"summary_large_image","twitter_misc":{"Scritto da":"Marketing","Tempo di lettura stimato":"3 minuti"},"schema":{"@context":"https:\/\/schema.org","@graph":[{"@type":"Article","@id":"https:\/\/plazadetoroslamalagueta.com\/it\/il-gala-della-corrida-assegna-7-trofei-per-la-fiera-di-malaga-2023\/#article","isPartOf":{"@id":"https:\/\/plazadetoroslamalagueta.com\/it\/il-gala-della-corrida-assegna-7-trofei-per-la-fiera-di-malaga-2023\/"},"author":{"name":"Marketing","@id":"https:\/\/plazadetoroslamalagueta.com\/it\/#\/schema\/person\/38da8099bb302a43fd2c5eaec4713c5e"},"headline":"Il Gala della Corrida assegna 7 trofei per la Fiera di Malaga 2023","datePublished":"2023-11-15T10:27:00+00:00","dateModified":"2025-01-15T12:09:44+00:00","mainEntityOfPage":{"@id":"https:\/\/plazadetoroslamalagueta.com\/it\/il-gala-della-corrida-assegna-7-trofei-per-la-fiera-di-malaga-2023\/"},"wordCount":652,"commentCount":0,"publisher":{"@id":"https:\/\/plazadetoroslamalagueta.com\/it\/#organization"},"image":{"@id":"https:\/\/plazadetoroslamalagueta.com\/it\/il-gala-della-corrida-assegna-7-trofei-per-la-fiera-di-malaga-2023\/#primaryimage"},"thumbnailUrl":"https:\/\/plazadetoroslamalagueta.com\/wp-content\/uploads\/2023\/11\/fortes-estoque-de-plata-malaga-2023.webp","articleSection":["Informazioni sulla piazza"],"inLanguage":"it-IT","potentialAction":[{"@type":"CommentAction","name":"Comment","target":["https:\/\/plazadetoroslamalagueta.com\/it\/il-gala-della-corrida-assegna-7-trofei-per-la-fiera-di-malaga-2023\/#respond"]}]},{"@type":"WebPage","@id":"https:\/\/plazadetoroslamalagueta.com\/it\/il-gala-della-corrida-assegna-7-trofei-per-la-fiera-di-malaga-2023\/","url":"https:\/\/plazadetoroslamalagueta.com\/it\/il-gala-della-corrida-assegna-7-trofei-per-la-fiera-di-malaga-2023\/","name":"Celebrazione del Gala della Corrida di Malaga 2023","isPartOf":{"@id":"https:\/\/plazadetoroslamalagueta.com\/it\/#website"},"primaryImageOfPage":{"@id":"https:\/\/plazadetoroslamalagueta.com\/it\/il-gala-della-corrida-assegna-7-trofei-per-la-fiera-di-malaga-2023\/#primaryimage"},"image":{"@id":"https:\/\/plazadetoroslamalagueta.com\/it\/il-gala-della-corrida-assegna-7-trofei-per-la-fiera-di-malaga-2023\/#primaryimage"},"thumbnailUrl":"https:\/\/plazadetoroslamalagueta.com\/wp-content\/uploads\/2023\/11\/fortes-estoque-de-plata-malaga-2023.webp","datePublished":"2023-11-15T10:27:00+00:00","dateModified":"2025-01-15T12:09:44+00:00","description":"Cerimonia di premiazione della Fiera della Corrida di Malaga 2023 | Scopri i migliori vincitori nelle diverse categorie - Plaza de Toros M\u00e1laga","breadcrumb":{"@id":"https:\/\/plazadetoroslamalagueta.com\/it\/il-gala-della-corrida-assegna-7-trofei-per-la-fiera-di-malaga-2023\/#breadcrumb"},"inLanguage":"it-IT","potentialAction":[{"@type":"ReadAction","target":["https:\/\/plazadetoroslamalagueta.com\/it\/il-gala-della-corrida-assegna-7-trofei-per-la-fiera-di-malaga-2023\/"]}]},{"@type":"ImageObject","inLanguage":"it-IT","@id":"https:\/\/plazadetoroslamalagueta.com\/it\/il-gala-della-corrida-assegna-7-trofei-per-la-fiera-di-malaga-2023\/#primaryimage","url":"https:\/\/plazadetoroslamalagueta.com\/wp-content\/uploads\/2023\/11\/fortes-estoque-de-plata-malaga-2023.webp","contentUrl":"https:\/\/plazadetoroslamalagueta.com\/wp-content\/uploads\/2023\/11\/fortes-estoque-de-plata-malaga-2023.webp","width":758,"height":531},{"@type":"BreadcrumbList","@id":"https:\/\/plazadetoroslamalagueta.com\/it\/il-gala-della-corrida-assegna-7-trofei-per-la-fiera-di-malaga-2023\/#breadcrumb","itemListElement":[{"@type":"ListItem","position":1,"name":"Inicio","item":"https:\/\/plazadetoroslamalagueta.com\/it\/"},{"@type":"ListItem","position":2,"name":"Il Gala della Corrida assegna 7 trofei per la Fiera di Malaga 2023"}]},{"@type":"WebSite","@id":"https:\/\/plazadetoroslamalagueta.com\/it\/#website","url":"https:\/\/plazadetoroslamalagueta.com\/it\/","name":"Plaza de Toros de la Malagueta","description":"La Plaza de Toros de M\u00e1laga, de nombre La Malagueta, es un edificio reconocido Bien de Inter\u00e9s Cultural, que ofrece visitas tur\u00edsticas y corridas de toros y otros tipos de espect\u00e1culo durante todo el a\u00f1o.","publisher":{"@id":"https:\/\/plazadetoroslamalagueta.com\/it\/#organization"},"alternateName":"Plaza de Toros M\u00e1laga","potentialAction":[{"@type":"SearchAction","target":{"@type":"EntryPoint","urlTemplate":"https:\/\/plazadetoroslamalagueta.com\/it\/?s={search_term_string}"},"query-input":{"@type":"PropertyValueSpecification","valueRequired":true,"valueName":"search_term_string"}}],"inLanguage":"it-IT"},{"@type":"Organization","@id":"https:\/\/plazadetoroslamalagueta.com\/it\/#organization","name":"Plaza de Toros la Malagueta","url":"https:\/\/plazadetoroslamalagueta.com\/it\/","logo":{"@type":"ImageObject","inLanguage":"it-IT","@id":"https:\/\/plazadetoroslamalagueta.com\/it\/#\/schema\/logo\/image\/","url":"https:\/\/plazadetoroslamalagueta.com\/wp-content\/uploads\/2024\/02\/Logo-plaza-toros.webp","contentUrl":"https:\/\/plazadetoroslamalagueta.com\/wp-content\/uploads\/2024\/02\/Logo-plaza-toros.webp","width":100,"height":100,"caption":"Plaza de Toros la Malagueta"},"image":{"@id":"https:\/\/plazadetoroslamalagueta.com\/it\/#\/schema\/logo\/image\/"}},{"@type":"Person","@id":"https:\/\/plazadetoroslamalagueta.com\/it\/#\/schema\/person\/38da8099bb302a43fd2c5eaec4713c5e","name":"Marketing","image":{"@type":"ImageObject","inLanguage":"it-IT","@id":"https:\/\/secure.gravatar.com\/avatar\/2c03e1a8691cff42cdbffdaf0b1a4a8d0203aaa61e9a18db2956bd6c8b777fd6?s=96&d=mm&r=g","url":"https:\/\/secure.gravatar.com\/avatar\/2c03e1a8691cff42cdbffdaf0b1a4a8d0203aaa61e9a18db2956bd6c8b777fd6?s=96&d=mm&r=g","contentUrl":"https:\/\/secure.gravatar.com\/avatar\/2c03e1a8691cff42cdbffdaf0b1a4a8d0203aaa61e9a18db2956bd6c8b777fd6?s=96&d=mm&r=g","caption":"Marketing"},"url":"https:\/\/plazadetoroslamalagueta.com\/it\/author\/marketing\/"}]}},"_links":{"self":[{"href":"https:\/\/plazadetoroslamalagueta.com\/it\/wp-json\/wp\/v2\/posts\/22388","targetHints":{"allow":["GET"]}}],"collection":[{"href":"https:\/\/plazadetoroslamalagueta.com\/it\/wp-json\/wp\/v2\/posts"}],"about":[{"href":"https:\/\/plazadetoroslamalagueta.com\/it\/wp-json\/wp\/v2\/types\/post"}],"author":[{"embeddable":true,"href":"https:\/\/plazadetoroslamalagueta.com\/it\/wp-json\/wp\/v2\/users\/4"}],"replies":[{"embeddable":true,"href":"https:\/\/plazadetoroslamalagueta.com\/it\/wp-json\/wp\/v2\/comments?post=22388"}],"version-history":[{"count":1,"href":"https:\/\/plazadetoroslamalagueta.com\/it\/wp-json\/wp\/v2\/posts\/22388\/revisions"}],"predecessor-version":[{"id":22399,"href":"https:\/\/plazadetoroslamalagueta.com\/it\/wp-json\/wp\/v2\/posts\/22388\/revisions\/22399"}],"wp:featuredmedia":[{"embeddable":true,"href":"https:\/\/plazadetoroslamalagueta.com\/it\/wp-json\/wp\/v2\/media\/22390"}],"wp:attachment":[{"href":"https:\/\/plazadetoroslamalagueta.com\/it\/wp-json\/wp\/v2\/media?parent=22388"}],"wp:term":[{"taxonomy":"category","embeddable":true,"href":"https:\/\/plazadetoroslamalagueta.com\/it\/wp-json\/wp\/v2\/categories?post=22388"},{"taxonomy":"post_tag","embeddable":true,"href":"https:\/\/plazadetoroslamalagueta.com\/it\/wp-json\/wp\/v2\/tags?post=22388"}],"curies":[{"name":"wp","href":"https:\/\/api.w.org\/{rel}","templated":true}]}}