{"id":22359,"date":"2023-05-24T14:05:06","date_gmt":"2023-05-24T12:05:06","guid":{"rendered":"https:\/\/plazadetoroslamalagueta.com\/limpatto-culturale-dellarena-di-malaga-uneredita-che-trascende-la-corrida\/"},"modified":"2025-01-15T13:09:44","modified_gmt":"2025-01-15T12:09:44","slug":"limpatto-culturale-dellarena-di-malaga-uneredita-che-trascende-la-corrida","status":"publish","type":"post","link":"https:\/\/plazadetoroslamalagueta.com\/it\/limpatto-culturale-dellarena-di-malaga-uneredita-che-trascende-la-corrida\/","title":{"rendered":"L&#8217;impatto culturale dell&#8217;arena di Malaga: un&#8217;eredit\u00e0 che trascende la corrida."},"content":{"rendered":"<section class=\"l-section wpb_row height_medium\"><div class=\"l-section-h i-cf\"><div class=\"g-cols vc_row via_grid cols_1 laptops-cols_inherit tablets-cols_inherit mobiles-cols_1 valign_top type_default stacking_default\"><div class=\"wpb_column vc_column_container\"><div class=\"vc_column-inner\"><div class=\"wpb_text_column\"><div class=\"wpb_wrapper\"><h1>L&#8217;impatto culturale dell&#8217;arena di Malaga: un&#8217;eredit\u00e0 che trascende la corrida.<\/h1>\n<p><strong>L&#8217;arena di Malaga non \u00e8 solo un luogo emblematico per la corrida, ma ha anche un notevole impatto culturale sulla citt\u00e0.<\/strong>  Nel corso degli anni, questa arena ha lasciato un&#8217;eredit\u00e0 che va oltre la corrida, diventando un simbolo di tradizione, arte e patrimonio. In questo post esploreremo l&#8217;impatto culturale che l&#8217;arena di Malaga ha avuto sulla citt\u00e0 e sui suoi abitanti.<\/p>\n<\/div><\/div><div class=\"w-image align_none\"><div class=\"w-image-h\"><img decoding=\"async\" width=\"2560\" height=\"1707\" src=\"https:\/\/plazadetoroslamalagueta.com\/wp-content\/uploads\/2023\/02\/IMG_3589-scaled.jpg\" class=\"attachment-full size-full\" alt=\"\" loading=\"lazy\" srcset=\"https:\/\/plazadetoroslamalagueta.com\/wp-content\/uploads\/2023\/02\/IMG_3589-scaled.jpg 2560w, https:\/\/plazadetoroslamalagueta.com\/wp-content\/uploads\/2023\/02\/IMG_3589-300x200.jpg 300w, https:\/\/plazadetoroslamalagueta.com\/wp-content\/uploads\/2023\/02\/IMG_3589-1024x683.jpg 1024w, https:\/\/plazadetoroslamalagueta.com\/wp-content\/uploads\/2023\/02\/IMG_3589-768x512.jpg 768w, https:\/\/plazadetoroslamalagueta.com\/wp-content\/uploads\/2023\/02\/IMG_3589-1536x1024.jpg 1536w, https:\/\/plazadetoroslamalagueta.com\/wp-content\/uploads\/2023\/02\/IMG_3589-2048x1365.jpg 2048w, https:\/\/plazadetoroslamalagueta.com\/wp-content\/uploads\/2023\/02\/IMG_3589-958x639.jpg 958w, https:\/\/plazadetoroslamalagueta.com\/wp-content\/uploads\/2023\/02\/IMG_3589-600x400.jpg 600w, https:\/\/plazadetoroslamalagueta.com\/wp-content\/uploads\/2023\/02\/IMG_3589-272x182.jpg 272w\" sizes=\"auto, (max-width: 2560px) 100vw, 2560px\" \/><\/div><\/div><div class=\"w-separator size_medium\"><\/div><\/div><\/div><\/div><\/div><\/section><section class=\"l-section wpb_row height_medium\"><div class=\"l-section-h i-cf\"><div class=\"g-cols vc_row via_grid cols_1 laptops-cols_inherit tablets-cols_inherit mobiles-cols_1 valign_top type_default stacking_default\"><div class=\"wpb_column vc_column_container\"><div class=\"vc_column-inner\"><div class=\"wpb_text_column\"><div class=\"wpb_wrapper\"><ol>\n<li><strong>Conservazione della tradizione:<\/strong> L&#8217;arena di Malaga svolge un ruolo fondamentale nella conservazione della tradizione della corrida. Attraverso le corride e gli eventi correlati, mantiene viva una forma di espressione culturale radicata nella storia della Spagna. L&#8217;arena diventa uno spazio in cui vengono trasmesse le conoscenze, le tecniche e i valori associati alla corrida, assicurando che questa tradizione venga mantenuta viva per le generazioni future.  <\/li>\n<li><strong>Generazione di occupazione e attivit\u00e0 economica:<\/strong> l&#8217;arena di Malaga ha un impatto economico significativo sulla citt\u00e0. Le corride e gli eventi di tauromachia attirano turisti e appassionati da diverse parti del mondo, dando impulso al turismo e generando reddito per la citt\u00e0. Inoltre, l&#8217;organizzazione di questi eventi crea posti di lavoro diretti e indiretti in settori come l&#8217;ospitalit\u00e0, i trasporti e il commercio, a vantaggio dell&#8217;economia locale.  <\/li>\n<li><strong>Promozione dell&#8217;identit\u00e0 culturale:<\/strong> l&#8217;arena di Malaga \u00e8 diventata un simbolo dell&#8217;identit\u00e0 culturale della citt\u00e0. \u00c8 un luogo in cui gli abitanti di Malaga si riuniscono per celebrare e condividere la loro passione per la corrida. La presenza dell&#8217;arena nel paesaggio urbano e la sua storia si sono radicate nella memoria collettiva della comunit\u00e0, rafforzando il senso di appartenenza e il legame emotivo degli abitanti con la loro citt\u00e0.  <\/li>\n<li><strong>Promozione dell&#8217;arte e dell&#8217;estetica:<\/strong> la corrida \u00e8 considerata un&#8217;arte in s\u00e9 e l&#8217;arena di Malaga \u00e8 il palcoscenico dove quest&#8217;arte si svolge. Le esibizioni dei toreri, la bellezza dei costumi e la maestosit\u00e0 dei tori sono elementi estetici che suscitano ammirazione e fascino. L&#8217;arena diventa uno spazio per apprezzare la bellezza e l&#8217;espressione artistica del movimento, trascendendo la mera competizione sportiva.  <\/li>\n<li><strong>Un luogo di incontro e di convivenza:<\/strong> l&#8217;arena di Malaga \u00e8 un luogo di incontro e di convivenza, dove persone di et\u00e0 e origini diverse si riuniscono per assistere alle corride. Durante le corride si crea un&#8217;atmosfera unica di cameratismo ed emozione, dove si condividono esperienze e si creano legami tra i partecipanti. L&#8217;arena diventa un punto di incontro sociale che genera momenti di interazione.  <\/li>\n<\/ol>\n<\/div><\/div><\/div><\/div><\/div><\/div><\/section><section class=\"l-section wpb_row height_medium\"><div class=\"l-section-h i-cf\"><div class=\"g-cols vc_row via_grid cols_1 laptops-cols_inherit tablets-cols_inherit mobiles-cols_1 valign_top type_default stacking_default\"><div class=\"wpb_column vc_column_container\"><div class=\"vc_column-inner\"><div class=\"w-separator size_medium\"><\/div><div class=\"w-image align_none\"><div class=\"w-image-h\"><img decoding=\"async\" width=\"1900\" height=\"1069\" src=\"https:\/\/plazadetoroslamalagueta.com\/wp-content\/uploads\/2018\/07\/lances-futuro-recuerda-picasso-malagueta-mas-pequenos_98.webp\" class=\"attachment-full size-full\" alt=\"\" loading=\"lazy\" srcset=\"https:\/\/plazadetoroslamalagueta.com\/wp-content\/uploads\/2018\/07\/lances-futuro-recuerda-picasso-malagueta-mas-pequenos_98.webp 1900w, https:\/\/plazadetoroslamalagueta.com\/wp-content\/uploads\/2018\/07\/lances-futuro-recuerda-picasso-malagueta-mas-pequenos_98-300x169.webp 300w, https:\/\/plazadetoroslamalagueta.com\/wp-content\/uploads\/2018\/07\/lances-futuro-recuerda-picasso-malagueta-mas-pequenos_98-1024x576.webp 1024w, https:\/\/plazadetoroslamalagueta.com\/wp-content\/uploads\/2018\/07\/lances-futuro-recuerda-picasso-malagueta-mas-pequenos_98-768x432.webp 768w, https:\/\/plazadetoroslamalagueta.com\/wp-content\/uploads\/2018\/07\/lances-futuro-recuerda-picasso-malagueta-mas-pequenos_98-1536x864.webp 1536w, https:\/\/plazadetoroslamalagueta.com\/wp-content\/uploads\/2018\/07\/lances-futuro-recuerda-picasso-malagueta-mas-pequenos_98-958x539.webp 958w, https:\/\/plazadetoroslamalagueta.com\/wp-content\/uploads\/2018\/07\/lances-futuro-recuerda-picasso-malagueta-mas-pequenos_98-1320x743.webp 1320w\" sizes=\"auto, (max-width: 1900px) 100vw, 1900px\" \/><\/div><\/div><div class=\"w-separator size_medium\"><\/div><div class=\"wpb_text_column\"><div class=\"wpb_wrapper\"><p>L&#8217;arena di Malaga trascende il suo ruolo di palcoscenico per le corride e diventa un vero e proprio simbolo culturale della citt\u00e0. Il suo impatto va oltre la corrida, comprendendo aspetti come la conservazione della tradizione, la generazione di occupazione e attivit\u00e0 economica, la promozione dell&#8217;identit\u00e0 culturale, la promozione dell&#8217;arte e dell&#8217;estetica e la creazione di spazi di incontro e convivenza. Questa emblematica arena \u00e8 una testimonianza vivente della storia e della passione per la corrida. Grazie alla sua presenza, l&#8217;arena di Malaga arricchisce la vita di abitanti e visitatori, offrendo uno spazio in cui tradizione, arte ed emozione si fondono in un unico luogo. Assistere a una corrida nell&#8217;arena di Malaga non \u00e8 solo un&#8217;esperienza di corrida, ma un&#8217;opportunit\u00e0 per immergersi nella cultura e nell&#8217;identit\u00e0 della citt\u00e0. \u00c8 un momento per apprezzare il coraggio dei toreri, la maestosit\u00e0 dei tori e la bellezza dell&#8217;estetica della corrida.<\/p>\n<\/div><\/div><div class=\"w-separator size_medium\"><\/div><div class=\"w-actionbox us_custom_6d16b5af has_text_color color_primary controls_right\"><div class=\"w-actionbox-text\"><h2 class=\"w-actionbox-title\">Vuoi assistere a una corrida?<\/h2><div class=\"w-actionbox-description\"><p>Acquista i biglietti! I biglietti per le corride del 2023 sono in vendita. Acquista i tuoi prima che si esauriscano!<\/p>\n<\/div><\/div><div class=\"w-actionbox-controls\"><a class=\"w-btn us-btn-style_1\" title=\"Biglietti per la corrida a Malaga\" href=\"https:\/\/plazadetoroslamalagueta.com\/it\/biglietti-per-la-corrida-a-malaga\/\"><span class=\"w-btn-label\">Acquista il biglietto<\/span><\/a><\/div><\/div><\/div><\/div><\/div><\/div><\/section>\n","protected":false},"excerpt":{"rendered":"L&#8217;impatto culturale dell&#8217;arena di Malaga: un&#8217;eredit\u00e0 che trascende la corrida. L&#8217;arena di Malaga non \u00e8 solo un luogo emblematico per la corrida, ma ha anche un notevole impatto culturale sulla citt\u00e0. Nel corso degli anni, questa arena ha lasciato un&#8217;eredit\u00e0 che va oltre la corrida, diventando un simbolo di tradizione, arte e patrimonio. In questo...","protected":false},"author":4,"featured_media":22360,"comment_status":"open","ping_status":"open","sticky":false,"template":"","format":"standard","meta":{"footnotes":""},"categories":[556],"tags":[],"class_list":["post-22359","post","type-post","status-publish","format-standard","has-post-thumbnail","hentry","category-informazioni-sulla-piazza"],"yoast_head":"<!-- This site is optimized with the Yoast SEO plugin v27.4 - https:\/\/yoast.com\/product\/yoast-seo-wordpress\/ -->\n<title>\u25b7 L&#039;impatto culturale dell&#039;arena di Malaga<\/title>\n<meta name=\"description\" content=\"Scopri l&#039;impatto culturale che l&#039;arena di Malaga ha avuto sullo sviluppo della citt\u00e0 e dei suoi abitanti. L&#039;arena di Malaga\" \/>\n<meta name=\"robots\" content=\"index, follow, max-snippet:-1, max-image-preview:large, max-video-preview:-1\" \/>\n<link rel=\"canonical\" href=\"https:\/\/plazadetoroslamalagueta.com\/it\/limpatto-culturale-dellarena-di-malaga-uneredita-che-trascende-la-corrida\/\" \/>\n<meta property=\"og:locale\" content=\"it_IT\" \/>\n<meta property=\"og:type\" content=\"article\" \/>\n<meta property=\"og:title\" content=\"\u25b7 L&#039;impatto culturale dell&#039;arena di Malaga\" \/>\n<meta property=\"og:description\" content=\"Scopri l&#039;impatto culturale che l&#039;arena di Malaga ha avuto sullo sviluppo della citt\u00e0 e dei suoi abitanti. L&#039;arena di Malaga\" \/>\n<meta property=\"og:url\" content=\"https:\/\/plazadetoroslamalagueta.com\/it\/limpatto-culturale-dellarena-di-malaga-uneredita-che-trascende-la-corrida\/\" \/>\n<meta property=\"og:site_name\" content=\"Plaza de Toros La Malagueta\" \/>\n<meta property=\"article:published_time\" content=\"2023-05-24T12:05:06+00:00\" \/>\n<meta property=\"article:modified_time\" content=\"2025-01-15T12:09:44+00:00\" \/>\n<meta property=\"og:image\" content=\"https:\/\/plazadetoroslamalagueta.com\/wp-content\/uploads\/2023\/02\/IMG_4105-scaled.jpg\" \/>\n\t<meta property=\"og:image:width\" content=\"2560\" \/>\n\t<meta property=\"og:image:height\" content=\"1707\" \/>\n\t<meta property=\"og:image:type\" content=\"image\/jpeg\" \/>\n<meta name=\"author\" content=\"Marketing\" \/>\n<meta name=\"twitter:card\" content=\"summary_large_image\" \/>\n<meta name=\"twitter:label1\" content=\"Scritto da\" \/>\n\t<meta name=\"twitter:data1\" content=\"Marketing\" \/>\n\t<meta name=\"twitter:label2\" content=\"Tempo di lettura stimato\" \/>\n\t<meta name=\"twitter:data2\" content=\"3 minuti\" \/>\n<script type=\"application\/ld+json\" class=\"yoast-schema-graph\">{\"@context\":\"https:\\\/\\\/schema.org\",\"@graph\":[{\"@type\":\"Article\",\"@id\":\"https:\\\/\\\/plazadetoroslamalagueta.com\\\/it\\\/limpatto-culturale-dellarena-di-malaga-uneredita-che-trascende-la-corrida\\\/#article\",\"isPartOf\":{\"@id\":\"https:\\\/\\\/plazadetoroslamalagueta.com\\\/it\\\/limpatto-culturale-dellarena-di-malaga-uneredita-che-trascende-la-corrida\\\/\"},\"author\":{\"name\":\"Marketing\",\"@id\":\"https:\\\/\\\/plazadetoroslamalagueta.com\\\/it\\\/#\\\/schema\\\/person\\\/38da8099bb302a43fd2c5eaec4713c5e\"},\"headline\":\"L&#8217;impatto culturale dell&#8217;arena di Malaga: un&#8217;eredit\u00e0 che trascende la corrida.\",\"datePublished\":\"2023-05-24T12:05:06+00:00\",\"dateModified\":\"2025-01-15T12:09:44+00:00\",\"mainEntityOfPage\":{\"@id\":\"https:\\\/\\\/plazadetoroslamalagueta.com\\\/it\\\/limpatto-culturale-dellarena-di-malaga-uneredita-che-trascende-la-corrida\\\/\"},\"wordCount\":724,\"commentCount\":0,\"publisher\":{\"@id\":\"https:\\\/\\\/plazadetoroslamalagueta.com\\\/it\\\/#organization\"},\"image\":{\"@id\":\"https:\\\/\\\/plazadetoroslamalagueta.com\\\/it\\\/limpatto-culturale-dellarena-di-malaga-uneredita-che-trascende-la-corrida\\\/#primaryimage\"},\"thumbnailUrl\":\"https:\\\/\\\/plazadetoroslamalagueta.com\\\/wp-content\\\/uploads\\\/2023\\\/02\\\/IMG_4105-scaled.jpg\",\"articleSection\":[\"Informazioni sulla piazza\"],\"inLanguage\":\"it-IT\",\"potentialAction\":[{\"@type\":\"CommentAction\",\"name\":\"Comment\",\"target\":[\"https:\\\/\\\/plazadetoroslamalagueta.com\\\/it\\\/limpatto-culturale-dellarena-di-malaga-uneredita-che-trascende-la-corrida\\\/#respond\"]}]},{\"@type\":\"WebPage\",\"@id\":\"https:\\\/\\\/plazadetoroslamalagueta.com\\\/it\\\/limpatto-culturale-dellarena-di-malaga-uneredita-che-trascende-la-corrida\\\/\",\"url\":\"https:\\\/\\\/plazadetoroslamalagueta.com\\\/it\\\/limpatto-culturale-dellarena-di-malaga-uneredita-che-trascende-la-corrida\\\/\",\"name\":\"\u25b7 L'impatto culturale dell'arena di Malaga\",\"isPartOf\":{\"@id\":\"https:\\\/\\\/plazadetoroslamalagueta.com\\\/it\\\/#website\"},\"primaryImageOfPage\":{\"@id\":\"https:\\\/\\\/plazadetoroslamalagueta.com\\\/it\\\/limpatto-culturale-dellarena-di-malaga-uneredita-che-trascende-la-corrida\\\/#primaryimage\"},\"image\":{\"@id\":\"https:\\\/\\\/plazadetoroslamalagueta.com\\\/it\\\/limpatto-culturale-dellarena-di-malaga-uneredita-che-trascende-la-corrida\\\/#primaryimage\"},\"thumbnailUrl\":\"https:\\\/\\\/plazadetoroslamalagueta.com\\\/wp-content\\\/uploads\\\/2023\\\/02\\\/IMG_4105-scaled.jpg\",\"datePublished\":\"2023-05-24T12:05:06+00:00\",\"dateModified\":\"2025-01-15T12:09:44+00:00\",\"description\":\"Scopri l'impatto culturale che l'arena di Malaga ha avuto sullo sviluppo della citt\u00e0 e dei suoi abitanti. L'arena di Malaga\",\"breadcrumb\":{\"@id\":\"https:\\\/\\\/plazadetoroslamalagueta.com\\\/it\\\/limpatto-culturale-dellarena-di-malaga-uneredita-che-trascende-la-corrida\\\/#breadcrumb\"},\"inLanguage\":\"it-IT\",\"potentialAction\":[{\"@type\":\"ReadAction\",\"target\":[\"https:\\\/\\\/plazadetoroslamalagueta.com\\\/it\\\/limpatto-culturale-dellarena-di-malaga-uneredita-che-trascende-la-corrida\\\/\"]}]},{\"@type\":\"ImageObject\",\"inLanguage\":\"it-IT\",\"@id\":\"https:\\\/\\\/plazadetoroslamalagueta.com\\\/it\\\/limpatto-culturale-dellarena-di-malaga-uneredita-che-trascende-la-corrida\\\/#primaryimage\",\"url\":\"https:\\\/\\\/plazadetoroslamalagueta.com\\\/wp-content\\\/uploads\\\/2023\\\/02\\\/IMG_4105-scaled.jpg\",\"contentUrl\":\"https:\\\/\\\/plazadetoroslamalagueta.com\\\/wp-content\\\/uploads\\\/2023\\\/02\\\/IMG_4105-scaled.jpg\",\"width\":2560,\"height\":1707},{\"@type\":\"BreadcrumbList\",\"@id\":\"https:\\\/\\\/plazadetoroslamalagueta.com\\\/it\\\/limpatto-culturale-dellarena-di-malaga-uneredita-che-trascende-la-corrida\\\/#breadcrumb\",\"itemListElement\":[{\"@type\":\"ListItem\",\"position\":1,\"name\":\"Inicio\",\"item\":\"https:\\\/\\\/plazadetoroslamalagueta.com\\\/it\\\/\"},{\"@type\":\"ListItem\",\"position\":2,\"name\":\"L&#8217;impatto culturale dell&#8217;arena di Malaga: un&#8217;eredit\u00e0 che trascende la corrida.\"}]},{\"@type\":\"WebSite\",\"@id\":\"https:\\\/\\\/plazadetoroslamalagueta.com\\\/it\\\/#website\",\"url\":\"https:\\\/\\\/plazadetoroslamalagueta.com\\\/it\\\/\",\"name\":\"Plaza de Toros de la Malagueta\",\"description\":\"La Plaza de Toros de M\u00e1laga, de nombre La Malagueta, es un edificio reconocido Bien de Inter\u00e9s Cultural, que ofrece visitas tur\u00edsticas y corridas de toros y otros tipos de espect\u00e1culo durante todo el a\u00f1o.\",\"publisher\":{\"@id\":\"https:\\\/\\\/plazadetoroslamalagueta.com\\\/it\\\/#organization\"},\"alternateName\":\"Plaza de Toros M\u00e1laga\",\"potentialAction\":[{\"@type\":\"SearchAction\",\"target\":{\"@type\":\"EntryPoint\",\"urlTemplate\":\"https:\\\/\\\/plazadetoroslamalagueta.com\\\/it\\\/?s={search_term_string}\"},\"query-input\":{\"@type\":\"PropertyValueSpecification\",\"valueRequired\":true,\"valueName\":\"search_term_string\"}}],\"inLanguage\":\"it-IT\"},{\"@type\":\"Organization\",\"@id\":\"https:\\\/\\\/plazadetoroslamalagueta.com\\\/it\\\/#organization\",\"name\":\"Plaza de Toros la Malagueta\",\"url\":\"https:\\\/\\\/plazadetoroslamalagueta.com\\\/it\\\/\",\"logo\":{\"@type\":\"ImageObject\",\"inLanguage\":\"it-IT\",\"@id\":\"https:\\\/\\\/plazadetoroslamalagueta.com\\\/it\\\/#\\\/schema\\\/logo\\\/image\\\/\",\"url\":\"https:\\\/\\\/plazadetoroslamalagueta.com\\\/wp-content\\\/uploads\\\/2024\\\/02\\\/Logo-plaza-toros.webp\",\"contentUrl\":\"https:\\\/\\\/plazadetoroslamalagueta.com\\\/wp-content\\\/uploads\\\/2024\\\/02\\\/Logo-plaza-toros.webp\",\"width\":100,\"height\":100,\"caption\":\"Plaza de Toros la Malagueta\"},\"image\":{\"@id\":\"https:\\\/\\\/plazadetoroslamalagueta.com\\\/it\\\/#\\\/schema\\\/logo\\\/image\\\/\"}},{\"@type\":\"Person\",\"@id\":\"https:\\\/\\\/plazadetoroslamalagueta.com\\\/it\\\/#\\\/schema\\\/person\\\/38da8099bb302a43fd2c5eaec4713c5e\",\"name\":\"Marketing\",\"image\":{\"@type\":\"ImageObject\",\"inLanguage\":\"it-IT\",\"@id\":\"https:\\\/\\\/secure.gravatar.com\\\/avatar\\\/2c03e1a8691cff42cdbffdaf0b1a4a8d0203aaa61e9a18db2956bd6c8b777fd6?s=96&d=mm&r=g\",\"url\":\"https:\\\/\\\/secure.gravatar.com\\\/avatar\\\/2c03e1a8691cff42cdbffdaf0b1a4a8d0203aaa61e9a18db2956bd6c8b777fd6?s=96&d=mm&r=g\",\"contentUrl\":\"https:\\\/\\\/secure.gravatar.com\\\/avatar\\\/2c03e1a8691cff42cdbffdaf0b1a4a8d0203aaa61e9a18db2956bd6c8b777fd6?s=96&d=mm&r=g\",\"caption\":\"Marketing\"},\"url\":\"https:\\\/\\\/plazadetoroslamalagueta.com\\\/it\\\/author\\\/marketing\\\/\"}]}<\/script>\n<!-- \/ Yoast SEO plugin. -->","yoast_head_json":{"title":"\u25b7 L'impatto culturale dell'arena di Malaga","description":"Scopri l'impatto culturale che l'arena di Malaga ha avuto sullo sviluppo della citt\u00e0 e dei suoi abitanti. L'arena di Malaga","robots":{"index":"index","follow":"follow","max-snippet":"max-snippet:-1","max-image-preview":"max-image-preview:large","max-video-preview":"max-video-preview:-1"},"canonical":"https:\/\/plazadetoroslamalagueta.com\/it\/limpatto-culturale-dellarena-di-malaga-uneredita-che-trascende-la-corrida\/","og_locale":"it_IT","og_type":"article","og_title":"\u25b7 L'impatto culturale dell'arena di Malaga","og_description":"Scopri l'impatto culturale che l'arena di Malaga ha avuto sullo sviluppo della citt\u00e0 e dei suoi abitanti. L'arena di Malaga","og_url":"https:\/\/plazadetoroslamalagueta.com\/it\/limpatto-culturale-dellarena-di-malaga-uneredita-che-trascende-la-corrida\/","og_site_name":"Plaza de Toros La Malagueta","article_published_time":"2023-05-24T12:05:06+00:00","article_modified_time":"2025-01-15T12:09:44+00:00","og_image":[{"width":2560,"height":1707,"url":"https:\/\/plazadetoroslamalagueta.com\/wp-content\/uploads\/2023\/02\/IMG_4105-scaled.jpg","type":"image\/jpeg"}],"author":"Marketing","twitter_card":"summary_large_image","twitter_misc":{"Scritto da":"Marketing","Tempo di lettura stimato":"3 minuti"},"schema":{"@context":"https:\/\/schema.org","@graph":[{"@type":"Article","@id":"https:\/\/plazadetoroslamalagueta.com\/it\/limpatto-culturale-dellarena-di-malaga-uneredita-che-trascende-la-corrida\/#article","isPartOf":{"@id":"https:\/\/plazadetoroslamalagueta.com\/it\/limpatto-culturale-dellarena-di-malaga-uneredita-che-trascende-la-corrida\/"},"author":{"name":"Marketing","@id":"https:\/\/plazadetoroslamalagueta.com\/it\/#\/schema\/person\/38da8099bb302a43fd2c5eaec4713c5e"},"headline":"L&#8217;impatto culturale dell&#8217;arena di Malaga: un&#8217;eredit\u00e0 che trascende la corrida.","datePublished":"2023-05-24T12:05:06+00:00","dateModified":"2025-01-15T12:09:44+00:00","mainEntityOfPage":{"@id":"https:\/\/plazadetoroslamalagueta.com\/it\/limpatto-culturale-dellarena-di-malaga-uneredita-che-trascende-la-corrida\/"},"wordCount":724,"commentCount":0,"publisher":{"@id":"https:\/\/plazadetoroslamalagueta.com\/it\/#organization"},"image":{"@id":"https:\/\/plazadetoroslamalagueta.com\/it\/limpatto-culturale-dellarena-di-malaga-uneredita-che-trascende-la-corrida\/#primaryimage"},"thumbnailUrl":"https:\/\/plazadetoroslamalagueta.com\/wp-content\/uploads\/2023\/02\/IMG_4105-scaled.jpg","articleSection":["Informazioni sulla piazza"],"inLanguage":"it-IT","potentialAction":[{"@type":"CommentAction","name":"Comment","target":["https:\/\/plazadetoroslamalagueta.com\/it\/limpatto-culturale-dellarena-di-malaga-uneredita-che-trascende-la-corrida\/#respond"]}]},{"@type":"WebPage","@id":"https:\/\/plazadetoroslamalagueta.com\/it\/limpatto-culturale-dellarena-di-malaga-uneredita-che-trascende-la-corrida\/","url":"https:\/\/plazadetoroslamalagueta.com\/it\/limpatto-culturale-dellarena-di-malaga-uneredita-che-trascende-la-corrida\/","name":"\u25b7 L'impatto culturale dell'arena di Malaga","isPartOf":{"@id":"https:\/\/plazadetoroslamalagueta.com\/it\/#website"},"primaryImageOfPage":{"@id":"https:\/\/plazadetoroslamalagueta.com\/it\/limpatto-culturale-dellarena-di-malaga-uneredita-che-trascende-la-corrida\/#primaryimage"},"image":{"@id":"https:\/\/plazadetoroslamalagueta.com\/it\/limpatto-culturale-dellarena-di-malaga-uneredita-che-trascende-la-corrida\/#primaryimage"},"thumbnailUrl":"https:\/\/plazadetoroslamalagueta.com\/wp-content\/uploads\/2023\/02\/IMG_4105-scaled.jpg","datePublished":"2023-05-24T12:05:06+00:00","dateModified":"2025-01-15T12:09:44+00:00","description":"Scopri l'impatto culturale che l'arena di Malaga ha avuto sullo sviluppo della citt\u00e0 e dei suoi abitanti. L'arena di Malaga","breadcrumb":{"@id":"https:\/\/plazadetoroslamalagueta.com\/it\/limpatto-culturale-dellarena-di-malaga-uneredita-che-trascende-la-corrida\/#breadcrumb"},"inLanguage":"it-IT","potentialAction":[{"@type":"ReadAction","target":["https:\/\/plazadetoroslamalagueta.com\/it\/limpatto-culturale-dellarena-di-malaga-uneredita-che-trascende-la-corrida\/"]}]},{"@type":"ImageObject","inLanguage":"it-IT","@id":"https:\/\/plazadetoroslamalagueta.com\/it\/limpatto-culturale-dellarena-di-malaga-uneredita-che-trascende-la-corrida\/#primaryimage","url":"https:\/\/plazadetoroslamalagueta.com\/wp-content\/uploads\/2023\/02\/IMG_4105-scaled.jpg","contentUrl":"https:\/\/plazadetoroslamalagueta.com\/wp-content\/uploads\/2023\/02\/IMG_4105-scaled.jpg","width":2560,"height":1707},{"@type":"BreadcrumbList","@id":"https:\/\/plazadetoroslamalagueta.com\/it\/limpatto-culturale-dellarena-di-malaga-uneredita-che-trascende-la-corrida\/#breadcrumb","itemListElement":[{"@type":"ListItem","position":1,"name":"Inicio","item":"https:\/\/plazadetoroslamalagueta.com\/it\/"},{"@type":"ListItem","position":2,"name":"L&#8217;impatto culturale dell&#8217;arena di Malaga: un&#8217;eredit\u00e0 che trascende la corrida."}]},{"@type":"WebSite","@id":"https:\/\/plazadetoroslamalagueta.com\/it\/#website","url":"https:\/\/plazadetoroslamalagueta.com\/it\/","name":"Plaza de Toros de la Malagueta","description":"La Plaza de Toros de M\u00e1laga, de nombre La Malagueta, es un edificio reconocido Bien de Inter\u00e9s Cultural, que ofrece visitas tur\u00edsticas y corridas de toros y otros tipos de espect\u00e1culo durante todo el a\u00f1o.","publisher":{"@id":"https:\/\/plazadetoroslamalagueta.com\/it\/#organization"},"alternateName":"Plaza de Toros M\u00e1laga","potentialAction":[{"@type":"SearchAction","target":{"@type":"EntryPoint","urlTemplate":"https:\/\/plazadetoroslamalagueta.com\/it\/?s={search_term_string}"},"query-input":{"@type":"PropertyValueSpecification","valueRequired":true,"valueName":"search_term_string"}}],"inLanguage":"it-IT"},{"@type":"Organization","@id":"https:\/\/plazadetoroslamalagueta.com\/it\/#organization","name":"Plaza de Toros la Malagueta","url":"https:\/\/plazadetoroslamalagueta.com\/it\/","logo":{"@type":"ImageObject","inLanguage":"it-IT","@id":"https:\/\/plazadetoroslamalagueta.com\/it\/#\/schema\/logo\/image\/","url":"https:\/\/plazadetoroslamalagueta.com\/wp-content\/uploads\/2024\/02\/Logo-plaza-toros.webp","contentUrl":"https:\/\/plazadetoroslamalagueta.com\/wp-content\/uploads\/2024\/02\/Logo-plaza-toros.webp","width":100,"height":100,"caption":"Plaza de Toros la Malagueta"},"image":{"@id":"https:\/\/plazadetoroslamalagueta.com\/it\/#\/schema\/logo\/image\/"}},{"@type":"Person","@id":"https:\/\/plazadetoroslamalagueta.com\/it\/#\/schema\/person\/38da8099bb302a43fd2c5eaec4713c5e","name":"Marketing","image":{"@type":"ImageObject","inLanguage":"it-IT","@id":"https:\/\/secure.gravatar.com\/avatar\/2c03e1a8691cff42cdbffdaf0b1a4a8d0203aaa61e9a18db2956bd6c8b777fd6?s=96&d=mm&r=g","url":"https:\/\/secure.gravatar.com\/avatar\/2c03e1a8691cff42cdbffdaf0b1a4a8d0203aaa61e9a18db2956bd6c8b777fd6?s=96&d=mm&r=g","contentUrl":"https:\/\/secure.gravatar.com\/avatar\/2c03e1a8691cff42cdbffdaf0b1a4a8d0203aaa61e9a18db2956bd6c8b777fd6?s=96&d=mm&r=g","caption":"Marketing"},"url":"https:\/\/plazadetoroslamalagueta.com\/it\/author\/marketing\/"}]}},"_links":{"self":[{"href":"https:\/\/plazadetoroslamalagueta.com\/it\/wp-json\/wp\/v2\/posts\/22359","targetHints":{"allow":["GET"]}}],"collection":[{"href":"https:\/\/plazadetoroslamalagueta.com\/it\/wp-json\/wp\/v2\/posts"}],"about":[{"href":"https:\/\/plazadetoroslamalagueta.com\/it\/wp-json\/wp\/v2\/types\/post"}],"author":[{"embeddable":true,"href":"https:\/\/plazadetoroslamalagueta.com\/it\/wp-json\/wp\/v2\/users\/4"}],"replies":[{"embeddable":true,"href":"https:\/\/plazadetoroslamalagueta.com\/it\/wp-json\/wp\/v2\/comments?post=22359"}],"version-history":[{"count":10,"href":"https:\/\/plazadetoroslamalagueta.com\/it\/wp-json\/wp\/v2\/posts\/22359\/revisions"}],"predecessor-version":[{"id":22431,"href":"https:\/\/plazadetoroslamalagueta.com\/it\/wp-json\/wp\/v2\/posts\/22359\/revisions\/22431"}],"wp:featuredmedia":[{"embeddable":true,"href":"https:\/\/plazadetoroslamalagueta.com\/it\/wp-json\/wp\/v2\/media\/22360"}],"wp:attachment":[{"href":"https:\/\/plazadetoroslamalagueta.com\/it\/wp-json\/wp\/v2\/media?parent=22359"}],"wp:term":[{"taxonomy":"category","embeddable":true,"href":"https:\/\/plazadetoroslamalagueta.com\/it\/wp-json\/wp\/v2\/categories?post=22359"},{"taxonomy":"post_tag","embeddable":true,"href":"https:\/\/plazadetoroslamalagueta.com\/it\/wp-json\/wp\/v2\/tags?post=22359"}],"curies":[{"name":"wp","href":"https:\/\/api.w.org\/{rel}","templated":true}]}}