{"id":22351,"date":"2024-06-13T16:53:47","date_gmt":"2024-06-13T14:53:47","guid":{"rendered":"https:\/\/plazadetoroslamalagueta.com\/presentazione-della-fiera-di-agosto-2024\/"},"modified":"2025-01-15T13:09:38","modified_gmt":"2025-01-15T12:09:38","slug":"presentazione-della-fiera-di-agosto-2024","status":"publish","type":"post","link":"https:\/\/plazadetoroslamalagueta.com\/it\/presentazione-della-fiera-di-agosto-2024\/","title":{"rendered":"Presentazione della Fiera di Agosto 2024"},"content":{"rendered":"<section class=\"l-section wpb_row height_medium\"><div class=\"l-section-h i-cf\"><div class=\"g-cols vc_row via_grid cols_1 laptops-cols_inherit tablets-cols_inherit mobiles-cols_1 valign_top type_default stacking_default\"><div class=\"wpb_column vc_column_container\"><div class=\"vc_column-inner\">[vc_custom_heading source=&#8221;post_title&#8221; font_container=&#8221;tag:h1|text_align:left&#8221;]<div class=\"w-image align_none\"><div class=\"w-image-h\"><img decoding=\"async\" width=\"1024\" height=\"768\" src=\"https:\/\/plazadetoroslamalagueta.com\/wp-content\/uploads\/2024\/06\/presentacion-feria-agosto-1024x768.jpg\" class=\"attachment-large size-large\" alt=\"\" loading=\"lazy\" srcset=\"https:\/\/plazadetoroslamalagueta.com\/wp-content\/uploads\/2024\/06\/presentacion-feria-agosto-1024x768.jpg 1024w, https:\/\/plazadetoroslamalagueta.com\/wp-content\/uploads\/2024\/06\/presentacion-feria-agosto-300x225.jpg 300w, https:\/\/plazadetoroslamalagueta.com\/wp-content\/uploads\/2024\/06\/presentacion-feria-agosto.jpg 1100w\" sizes=\"auto, (max-width: 1024px) 100vw, 1024px\" \/><\/div><\/div><\/div><\/div><\/div><\/div><\/section><section class=\"l-section wpb_row height_medium\"><div class=\"l-section-h i-cf\"><div class=\"g-cols vc_row via_grid cols_1 laptops-cols_inherit tablets-cols_inherit mobiles-cols_1 valign_top type_default stacking_default\"><div class=\"wpb_column vc_column_container\"><div class=\"vc_column-inner\"><div class=\"wpb_text_column\"><div class=\"wpb_wrapper\"><p>Dal 14 al 20 agosto si terr\u00e0 la Fiera della Corrida di Malaga 2024, che sar\u00e0 un tributo a Francisco Rivera Paquirri nel 40\u00b0 anniversario della sua morte con la partecipazione del figlio Cayetano Rivera nella Picassiana, una delle cinque corride previste, che includono anche un corpo a corpo tra Roca Rey e Fortes e l&#8217;addio di Enrique Ponce.<br \/>\nInoltre, ci sar\u00e0 una novillada con picador e una corrida con toreri e dal 21 al 24 agosto si terr\u00e0 il 17\u00b0 Concorso Internazionale delle Scuole di Corrida di La Malagueta. Lo ha annunciato il Presidente del Consiglio Provinciale di Malaga, Francisco Salado, insieme all&#8217;Assessore alle Feste del Comune di Malaga, Teresa Porras, alla delegata territoriale alla Giustizia e all&#8217;Amministrazione Locale della Junta de Andaluc\u00eda, Teresa Pardo, e all&#8217;imprenditore di Lances de Futuro, Jos\u00e9 Mar\u00eda Garz\u00f3n, durante la cerimonia di presentazione nella Sala Isabel Oyarz\u00e1bal del Consiglio Provinciale, dove erano presenti anche alcuni degli artisti della fiera, i rappresentanti dei vari gruppi di corrida della provincia e gli appassionati. La cerimonia di presentazione \u00e8 stata incentrata sul tributo a Francisco Rivera Paquirri, una figura storica della corrida, nel 40\u00b0 anniversario della sua morte a Pozoblanco. Per questo motivo era presente Cayetano Rivera, uno dei figli del defunto Paquirri, e sono state mostrate immagini inedite della Filmoteca de Andaluc\u00eda in cui il torero di Barbate viene mostrato mentre combatte nell&#8217;arena di Malaga.<\/p>\n<p>Anche gli amici personali di Paquirri, come Francisco Ceballos e Antonio Hidalgo, hanno espresso le loro testimonianze e le loro esperienze con Paquirri. Francisco Salado ha sottolineato la difficolt\u00e0 di mettere insieme i manifesti per questa fiera &#8220;che ha tutti gli ingredienti per essere un successo clamoroso, come \u00e8 stato l&#8217;anno scorso&#8221;. Da parte sua, l&#8217;impresario di Lances de Futuro, Jos\u00e9 Mar\u00eda Garz\u00f3n, ha sottolineato che &#8220;abbiamo progettato una fiera con stelle della corrida e giovani talenti della corrida. L&#8217;addio di un torero della statura di Enrique Ponce, protagonista di grandi momenti a La Malagueta; il vincitore di San Isidro, Borja Jim\u00e9nez; il torero rivelazione di Las Ventas, David Galv\u00e1n, e l&#8217;opportunit\u00e0 per un torero di Malaga, Orozco, nella corrida, e due giovani novilleros nella corrida&#8221;. &#8220;Una fiera in cui abbiamo Juan Ortega, che ha eseguito la migliore corrida della Fiera di Siviglia o Morante, l&#8217;idea \u00e8 di essere a La Malagueta in agosto&#8221;, ha detto Garz\u00f3n. &#8220;Ci sar\u00e0 la Corrida Picassiana che non si \u00e8 potuta svolgere a Pasqua a causa della pioggia. Ci aspetta una corrida straordinaria, in cui l&#8217;arena sar\u00e0 decorata come in ogni Picassiana con una decorazione speciale di Pedro Sandoval, uno dei pi\u00f9 importanti artisti delle arti plastiche e dello stile astratto, e l&#8217;Orchestra Sinfonica di Malaga far\u00e0 da colonna sonora a questo evento&#8221;. Garz\u00f3n ha sottolineato l&#8217;aspetto zootecnico, &#8220;una fiera con una variet\u00e0 di razze e grandi mandrie di bovini&#8221;. &#8220;E per finire, un mano a mano di altissimo livello con le figure di spicco della corrida di Roca Rey e Fortes, il torero vincitore di Malaga&#8221;, ha detto l&#8217;uomo d&#8217;affari.<br \/>\n&#8220;Per quanto riguarda i prezzi, un biglietto all&#8217;ombra per i possessori di abbonamento costa 50 euro, mentre per i posti al sole si possono acquistare biglietti a partire da 15 euro&#8221;, ha detto Garz\u00f3n. Per quanto riguarda il tributo a Paquirri, Garz\u00f3n ha detto che &#8220;volevamo rendere omaggio a una figura della corrida come Paquirri nel 40\u00b0 anniversario della sua morte&#8221;.<\/p>\n<\/div><\/div><\/div><\/div><\/div><\/div><\/section><section class=\"l-section wpb_row height_medium\"><div class=\"l-section-h i-cf\"><div class=\"g-cols vc_row via_grid cols_1 laptops-cols_inherit tablets-cols_inherit mobiles-cols_1 valign_top type_default stacking_default\"><div class=\"wpb_column vc_column_container\"><div class=\"vc_column-inner\"><div class=\"wpb_text_column\"><div class=\"wpb_wrapper\"><p style=\"text-align: center;\">\n<table id=\"tablepress-1\" class=\"tablepress tablepress-id-1\">\n<thead>\n<tr class=\"row-1\">\n\t<th class=\"column-1\">Evento<\/th><th class=\"column-2\">D\u00eda<\/th><th class=\"column-3\">Toreros que participan<\/th>\n<\/tr>\n<\/thead>\n<tbody class=\"row-striping row-hover\">\n<tr class=\"row-2\">\n\t<td class=\"column-1\">Festival ben\u00e9fico<\/td><td class=\"column-2\">6 Junio<\/td><td class=\"column-3\">Por confirmar<\/td>\n<\/tr>\n<tr class=\"row-3\">\n\t<td class=\"column-1\">Corrida toros 150 aniversario<\/td><td class=\"column-2\">7 Junio<\/td><td class=\"column-3\">Por confirmar<\/td>\n<\/tr>\n<tr class=\"row-4\">\n\t<td class=\"column-1\">Concurso de recortes<\/td><td class=\"column-2\">13 Junio<\/td><td class=\"column-3\">Por confirmar<\/td>\n<\/tr>\n<tr class=\"row-5\">\n\t<td class=\"column-1\">Novilladas<\/td><td class=\"column-2\">14 Junio<\/td><td class=\"column-3\">Por confirmar<\/td>\n<\/tr>\n<\/tbody>\n<\/table>\n<!-- #tablepress-1 from cache --><\/p>\n<\/div><\/div><\/div><\/div><\/div><\/div><\/section>\n","protected":false},"excerpt":{"rendered":"[vc_custom_heading source=\"post_title\" font_container=\"tag:h1|text_align:left\"]Dal 14 al 20 agosto si terr\u00e0 la Fiera della Corrida di Malaga 2024, che sar\u00e0 un tributo a Francisco Rivera Paquirri nel 40\u00b0 anniversario della sua morte con la partecipazione del figlio Cayetano Rivera nella Picassiana, una delle cinque corride previste, che includono anche un corpo a corpo tra Roca Rey e...","protected":false},"author":4,"featured_media":22352,"comment_status":"open","ping_status":"open","sticky":false,"template":"","format":"standard","meta":{"footnotes":""},"categories":[556],"tags":[],"class_list":["post-22351","post","type-post","status-publish","format-standard","has-post-thumbnail","hentry","category-informazioni-sulla-piazza"],"yoast_head":"<!-- This site is optimized with the Yoast SEO plugin v27.4 - https:\/\/yoast.com\/product\/yoast-seo-wordpress\/ -->\n<title>Presentazione della Feria de Agosto 2024: Bullring M\u00e1laga<\/title>\n<meta name=\"description\" content=\"\u00c8 stata presentata la nuova formazione per il festival della corrida di agosto nell&#039;arena di Malagueta. Scopri i toreri che parteciperanno!\" \/>\n<meta name=\"robots\" content=\"index, follow, max-snippet:-1, max-image-preview:large, max-video-preview:-1\" \/>\n<link rel=\"canonical\" href=\"https:\/\/plazadetoroslamalagueta.com\/it\/presentazione-della-fiera-di-agosto-2024\/\" \/>\n<meta property=\"og:locale\" content=\"it_IT\" \/>\n<meta property=\"og:type\" content=\"article\" \/>\n<meta property=\"og:title\" content=\"Presentazione della Feria de Agosto 2024: Bullring M\u00e1laga\" \/>\n<meta property=\"og:description\" content=\"\u00c8 stata presentata la nuova formazione per il festival della corrida di agosto nell&#039;arena di Malagueta. Scopri i toreri che parteciperanno!\" \/>\n<meta property=\"og:url\" content=\"https:\/\/plazadetoroslamalagueta.com\/it\/presentazione-della-fiera-di-agosto-2024\/\" \/>\n<meta property=\"og:site_name\" content=\"Plaza de Toros La Malagueta\" \/>\n<meta property=\"article:published_time\" content=\"2024-06-13T14:53:47+00:00\" \/>\n<meta property=\"article:modified_time\" content=\"2025-01-15T12:09:38+00:00\" \/>\n<meta property=\"og:image\" content=\"https:\/\/plazadetoroslamalagueta.com\/wp-content\/uploads\/2024\/06\/presentacion-feria-agosto.jpg\" \/>\n\t<meta property=\"og:image:width\" content=\"1100\" \/>\n\t<meta property=\"og:image:height\" content=\"825\" \/>\n\t<meta property=\"og:image:type\" content=\"image\/jpeg\" \/>\n<meta name=\"author\" content=\"Marketing\" \/>\n<meta name=\"twitter:card\" content=\"summary_large_image\" \/>\n<meta name=\"twitter:label1\" content=\"Scritto da\" \/>\n\t<meta name=\"twitter:data1\" content=\"Marketing\" \/>\n\t<meta name=\"twitter:label2\" content=\"Tempo di lettura stimato\" \/>\n\t<meta name=\"twitter:data2\" content=\"3 minuti\" \/>\n<script type=\"application\/ld+json\" class=\"yoast-schema-graph\">{\"@context\":\"https:\\\/\\\/schema.org\",\"@graph\":[{\"@type\":\"Article\",\"@id\":\"https:\\\/\\\/plazadetoroslamalagueta.com\\\/it\\\/presentazione-della-fiera-di-agosto-2024\\\/#article\",\"isPartOf\":{\"@id\":\"https:\\\/\\\/plazadetoroslamalagueta.com\\\/it\\\/presentazione-della-fiera-di-agosto-2024\\\/\"},\"author\":{\"name\":\"Marketing\",\"@id\":\"https:\\\/\\\/plazadetoroslamalagueta.com\\\/it\\\/#\\\/schema\\\/person\\\/38da8099bb302a43fd2c5eaec4713c5e\"},\"headline\":\"Presentazione della Fiera di Agosto 2024\",\"datePublished\":\"2024-06-13T14:53:47+00:00\",\"dateModified\":\"2025-01-15T12:09:38+00:00\",\"mainEntityOfPage\":{\"@id\":\"https:\\\/\\\/plazadetoroslamalagueta.com\\\/it\\\/presentazione-della-fiera-di-agosto-2024\\\/\"},\"wordCount\":634,\"commentCount\":0,\"publisher\":{\"@id\":\"https:\\\/\\\/plazadetoroslamalagueta.com\\\/it\\\/#organization\"},\"image\":{\"@id\":\"https:\\\/\\\/plazadetoroslamalagueta.com\\\/it\\\/presentazione-della-fiera-di-agosto-2024\\\/#primaryimage\"},\"thumbnailUrl\":\"https:\\\/\\\/plazadetoroslamalagueta.com\\\/wp-content\\\/uploads\\\/2024\\\/06\\\/presentacion-feria-agosto.jpg\",\"articleSection\":[\"Informazioni sulla piazza\"],\"inLanguage\":\"it-IT\",\"potentialAction\":[{\"@type\":\"CommentAction\",\"name\":\"Comment\",\"target\":[\"https:\\\/\\\/plazadetoroslamalagueta.com\\\/it\\\/presentazione-della-fiera-di-agosto-2024\\\/#respond\"]}]},{\"@type\":\"WebPage\",\"@id\":\"https:\\\/\\\/plazadetoroslamalagueta.com\\\/it\\\/presentazione-della-fiera-di-agosto-2024\\\/\",\"url\":\"https:\\\/\\\/plazadetoroslamalagueta.com\\\/it\\\/presentazione-della-fiera-di-agosto-2024\\\/\",\"name\":\"Presentazione della Feria de Agosto 2024: Bullring M\u00e1laga\",\"isPartOf\":{\"@id\":\"https:\\\/\\\/plazadetoroslamalagueta.com\\\/it\\\/#website\"},\"primaryImageOfPage\":{\"@id\":\"https:\\\/\\\/plazadetoroslamalagueta.com\\\/it\\\/presentazione-della-fiera-di-agosto-2024\\\/#primaryimage\"},\"image\":{\"@id\":\"https:\\\/\\\/plazadetoroslamalagueta.com\\\/it\\\/presentazione-della-fiera-di-agosto-2024\\\/#primaryimage\"},\"thumbnailUrl\":\"https:\\\/\\\/plazadetoroslamalagueta.com\\\/wp-content\\\/uploads\\\/2024\\\/06\\\/presentacion-feria-agosto.jpg\",\"datePublished\":\"2024-06-13T14:53:47+00:00\",\"dateModified\":\"2025-01-15T12:09:38+00:00\",\"description\":\"\u00c8 stata presentata la nuova formazione per il festival della corrida di agosto nell'arena di Malagueta. Scopri i toreri che parteciperanno!\",\"breadcrumb\":{\"@id\":\"https:\\\/\\\/plazadetoroslamalagueta.com\\\/it\\\/presentazione-della-fiera-di-agosto-2024\\\/#breadcrumb\"},\"inLanguage\":\"it-IT\",\"potentialAction\":[{\"@type\":\"ReadAction\",\"target\":[\"https:\\\/\\\/plazadetoroslamalagueta.com\\\/it\\\/presentazione-della-fiera-di-agosto-2024\\\/\"]}]},{\"@type\":\"ImageObject\",\"inLanguage\":\"it-IT\",\"@id\":\"https:\\\/\\\/plazadetoroslamalagueta.com\\\/it\\\/presentazione-della-fiera-di-agosto-2024\\\/#primaryimage\",\"url\":\"https:\\\/\\\/plazadetoroslamalagueta.com\\\/wp-content\\\/uploads\\\/2024\\\/06\\\/presentacion-feria-agosto.jpg\",\"contentUrl\":\"https:\\\/\\\/plazadetoroslamalagueta.com\\\/wp-content\\\/uploads\\\/2024\\\/06\\\/presentacion-feria-agosto.jpg\",\"width\":1100,\"height\":825},{\"@type\":\"BreadcrumbList\",\"@id\":\"https:\\\/\\\/plazadetoroslamalagueta.com\\\/it\\\/presentazione-della-fiera-di-agosto-2024\\\/#breadcrumb\",\"itemListElement\":[{\"@type\":\"ListItem\",\"position\":1,\"name\":\"Inicio\",\"item\":\"https:\\\/\\\/plazadetoroslamalagueta.com\\\/it\\\/\"},{\"@type\":\"ListItem\",\"position\":2,\"name\":\"Presentazione della Fiera di Agosto 2024\"}]},{\"@type\":\"WebSite\",\"@id\":\"https:\\\/\\\/plazadetoroslamalagueta.com\\\/it\\\/#website\",\"url\":\"https:\\\/\\\/plazadetoroslamalagueta.com\\\/it\\\/\",\"name\":\"Plaza de Toros de la Malagueta\",\"description\":\"La Plaza de Toros de M\u00e1laga, de nombre La Malagueta, es un edificio reconocido Bien de Inter\u00e9s Cultural, que ofrece visitas tur\u00edsticas y corridas de toros y otros tipos de espect\u00e1culo durante todo el a\u00f1o.\",\"publisher\":{\"@id\":\"https:\\\/\\\/plazadetoroslamalagueta.com\\\/it\\\/#organization\"},\"alternateName\":\"Plaza de Toros M\u00e1laga\",\"potentialAction\":[{\"@type\":\"SearchAction\",\"target\":{\"@type\":\"EntryPoint\",\"urlTemplate\":\"https:\\\/\\\/plazadetoroslamalagueta.com\\\/it\\\/?s={search_term_string}\"},\"query-input\":{\"@type\":\"PropertyValueSpecification\",\"valueRequired\":true,\"valueName\":\"search_term_string\"}}],\"inLanguage\":\"it-IT\"},{\"@type\":\"Organization\",\"@id\":\"https:\\\/\\\/plazadetoroslamalagueta.com\\\/it\\\/#organization\",\"name\":\"Plaza de Toros la Malagueta\",\"url\":\"https:\\\/\\\/plazadetoroslamalagueta.com\\\/it\\\/\",\"logo\":{\"@type\":\"ImageObject\",\"inLanguage\":\"it-IT\",\"@id\":\"https:\\\/\\\/plazadetoroslamalagueta.com\\\/it\\\/#\\\/schema\\\/logo\\\/image\\\/\",\"url\":\"https:\\\/\\\/plazadetoroslamalagueta.com\\\/wp-content\\\/uploads\\\/2024\\\/02\\\/Logo-plaza-toros.webp\",\"contentUrl\":\"https:\\\/\\\/plazadetoroslamalagueta.com\\\/wp-content\\\/uploads\\\/2024\\\/02\\\/Logo-plaza-toros.webp\",\"width\":100,\"height\":100,\"caption\":\"Plaza de Toros la Malagueta\"},\"image\":{\"@id\":\"https:\\\/\\\/plazadetoroslamalagueta.com\\\/it\\\/#\\\/schema\\\/logo\\\/image\\\/\"}},{\"@type\":\"Person\",\"@id\":\"https:\\\/\\\/plazadetoroslamalagueta.com\\\/it\\\/#\\\/schema\\\/person\\\/38da8099bb302a43fd2c5eaec4713c5e\",\"name\":\"Marketing\",\"image\":{\"@type\":\"ImageObject\",\"inLanguage\":\"it-IT\",\"@id\":\"https:\\\/\\\/secure.gravatar.com\\\/avatar\\\/2c03e1a8691cff42cdbffdaf0b1a4a8d0203aaa61e9a18db2956bd6c8b777fd6?s=96&d=mm&r=g\",\"url\":\"https:\\\/\\\/secure.gravatar.com\\\/avatar\\\/2c03e1a8691cff42cdbffdaf0b1a4a8d0203aaa61e9a18db2956bd6c8b777fd6?s=96&d=mm&r=g\",\"contentUrl\":\"https:\\\/\\\/secure.gravatar.com\\\/avatar\\\/2c03e1a8691cff42cdbffdaf0b1a4a8d0203aaa61e9a18db2956bd6c8b777fd6?s=96&d=mm&r=g\",\"caption\":\"Marketing\"},\"url\":\"https:\\\/\\\/plazadetoroslamalagueta.com\\\/it\\\/author\\\/marketing\\\/\"}]}<\/script>\n<!-- \/ Yoast SEO plugin. -->","yoast_head_json":{"title":"Presentazione della Feria de Agosto 2024: Bullring M\u00e1laga","description":"\u00c8 stata presentata la nuova formazione per il festival della corrida di agosto nell'arena di Malagueta. Scopri i toreri che parteciperanno!","robots":{"index":"index","follow":"follow","max-snippet":"max-snippet:-1","max-image-preview":"max-image-preview:large","max-video-preview":"max-video-preview:-1"},"canonical":"https:\/\/plazadetoroslamalagueta.com\/it\/presentazione-della-fiera-di-agosto-2024\/","og_locale":"it_IT","og_type":"article","og_title":"Presentazione della Feria de Agosto 2024: Bullring M\u00e1laga","og_description":"\u00c8 stata presentata la nuova formazione per il festival della corrida di agosto nell'arena di Malagueta. Scopri i toreri che parteciperanno!","og_url":"https:\/\/plazadetoroslamalagueta.com\/it\/presentazione-della-fiera-di-agosto-2024\/","og_site_name":"Plaza de Toros La Malagueta","article_published_time":"2024-06-13T14:53:47+00:00","article_modified_time":"2025-01-15T12:09:38+00:00","og_image":[{"width":1100,"height":825,"url":"https:\/\/plazadetoroslamalagueta.com\/wp-content\/uploads\/2024\/06\/presentacion-feria-agosto.jpg","type":"image\/jpeg"}],"author":"Marketing","twitter_card":"summary_large_image","twitter_misc":{"Scritto da":"Marketing","Tempo di lettura stimato":"3 minuti"},"schema":{"@context":"https:\/\/schema.org","@graph":[{"@type":"Article","@id":"https:\/\/plazadetoroslamalagueta.com\/it\/presentazione-della-fiera-di-agosto-2024\/#article","isPartOf":{"@id":"https:\/\/plazadetoroslamalagueta.com\/it\/presentazione-della-fiera-di-agosto-2024\/"},"author":{"name":"Marketing","@id":"https:\/\/plazadetoroslamalagueta.com\/it\/#\/schema\/person\/38da8099bb302a43fd2c5eaec4713c5e"},"headline":"Presentazione della Fiera di Agosto 2024","datePublished":"2024-06-13T14:53:47+00:00","dateModified":"2025-01-15T12:09:38+00:00","mainEntityOfPage":{"@id":"https:\/\/plazadetoroslamalagueta.com\/it\/presentazione-della-fiera-di-agosto-2024\/"},"wordCount":634,"commentCount":0,"publisher":{"@id":"https:\/\/plazadetoroslamalagueta.com\/it\/#organization"},"image":{"@id":"https:\/\/plazadetoroslamalagueta.com\/it\/presentazione-della-fiera-di-agosto-2024\/#primaryimage"},"thumbnailUrl":"https:\/\/plazadetoroslamalagueta.com\/wp-content\/uploads\/2024\/06\/presentacion-feria-agosto.jpg","articleSection":["Informazioni sulla piazza"],"inLanguage":"it-IT","potentialAction":[{"@type":"CommentAction","name":"Comment","target":["https:\/\/plazadetoroslamalagueta.com\/it\/presentazione-della-fiera-di-agosto-2024\/#respond"]}]},{"@type":"WebPage","@id":"https:\/\/plazadetoroslamalagueta.com\/it\/presentazione-della-fiera-di-agosto-2024\/","url":"https:\/\/plazadetoroslamalagueta.com\/it\/presentazione-della-fiera-di-agosto-2024\/","name":"Presentazione della Feria de Agosto 2024: Bullring M\u00e1laga","isPartOf":{"@id":"https:\/\/plazadetoroslamalagueta.com\/it\/#website"},"primaryImageOfPage":{"@id":"https:\/\/plazadetoroslamalagueta.com\/it\/presentazione-della-fiera-di-agosto-2024\/#primaryimage"},"image":{"@id":"https:\/\/plazadetoroslamalagueta.com\/it\/presentazione-della-fiera-di-agosto-2024\/#primaryimage"},"thumbnailUrl":"https:\/\/plazadetoroslamalagueta.com\/wp-content\/uploads\/2024\/06\/presentacion-feria-agosto.jpg","datePublished":"2024-06-13T14:53:47+00:00","dateModified":"2025-01-15T12:09:38+00:00","description":"\u00c8 stata presentata la nuova formazione per il festival della corrida di agosto nell'arena di Malagueta. Scopri i toreri che parteciperanno!","breadcrumb":{"@id":"https:\/\/plazadetoroslamalagueta.com\/it\/presentazione-della-fiera-di-agosto-2024\/#breadcrumb"},"inLanguage":"it-IT","potentialAction":[{"@type":"ReadAction","target":["https:\/\/plazadetoroslamalagueta.com\/it\/presentazione-della-fiera-di-agosto-2024\/"]}]},{"@type":"ImageObject","inLanguage":"it-IT","@id":"https:\/\/plazadetoroslamalagueta.com\/it\/presentazione-della-fiera-di-agosto-2024\/#primaryimage","url":"https:\/\/plazadetoroslamalagueta.com\/wp-content\/uploads\/2024\/06\/presentacion-feria-agosto.jpg","contentUrl":"https:\/\/plazadetoroslamalagueta.com\/wp-content\/uploads\/2024\/06\/presentacion-feria-agosto.jpg","width":1100,"height":825},{"@type":"BreadcrumbList","@id":"https:\/\/plazadetoroslamalagueta.com\/it\/presentazione-della-fiera-di-agosto-2024\/#breadcrumb","itemListElement":[{"@type":"ListItem","position":1,"name":"Inicio","item":"https:\/\/plazadetoroslamalagueta.com\/it\/"},{"@type":"ListItem","position":2,"name":"Presentazione della Fiera di Agosto 2024"}]},{"@type":"WebSite","@id":"https:\/\/plazadetoroslamalagueta.com\/it\/#website","url":"https:\/\/plazadetoroslamalagueta.com\/it\/","name":"Plaza de Toros de la Malagueta","description":"La Plaza de Toros de M\u00e1laga, de nombre La Malagueta, es un edificio reconocido Bien de Inter\u00e9s Cultural, que ofrece visitas tur\u00edsticas y corridas de toros y otros tipos de espect\u00e1culo durante todo el a\u00f1o.","publisher":{"@id":"https:\/\/plazadetoroslamalagueta.com\/it\/#organization"},"alternateName":"Plaza de Toros M\u00e1laga","potentialAction":[{"@type":"SearchAction","target":{"@type":"EntryPoint","urlTemplate":"https:\/\/plazadetoroslamalagueta.com\/it\/?s={search_term_string}"},"query-input":{"@type":"PropertyValueSpecification","valueRequired":true,"valueName":"search_term_string"}}],"inLanguage":"it-IT"},{"@type":"Organization","@id":"https:\/\/plazadetoroslamalagueta.com\/it\/#organization","name":"Plaza de Toros la Malagueta","url":"https:\/\/plazadetoroslamalagueta.com\/it\/","logo":{"@type":"ImageObject","inLanguage":"it-IT","@id":"https:\/\/plazadetoroslamalagueta.com\/it\/#\/schema\/logo\/image\/","url":"https:\/\/plazadetoroslamalagueta.com\/wp-content\/uploads\/2024\/02\/Logo-plaza-toros.webp","contentUrl":"https:\/\/plazadetoroslamalagueta.com\/wp-content\/uploads\/2024\/02\/Logo-plaza-toros.webp","width":100,"height":100,"caption":"Plaza de Toros la Malagueta"},"image":{"@id":"https:\/\/plazadetoroslamalagueta.com\/it\/#\/schema\/logo\/image\/"}},{"@type":"Person","@id":"https:\/\/plazadetoroslamalagueta.com\/it\/#\/schema\/person\/38da8099bb302a43fd2c5eaec4713c5e","name":"Marketing","image":{"@type":"ImageObject","inLanguage":"it-IT","@id":"https:\/\/secure.gravatar.com\/avatar\/2c03e1a8691cff42cdbffdaf0b1a4a8d0203aaa61e9a18db2956bd6c8b777fd6?s=96&d=mm&r=g","url":"https:\/\/secure.gravatar.com\/avatar\/2c03e1a8691cff42cdbffdaf0b1a4a8d0203aaa61e9a18db2956bd6c8b777fd6?s=96&d=mm&r=g","contentUrl":"https:\/\/secure.gravatar.com\/avatar\/2c03e1a8691cff42cdbffdaf0b1a4a8d0203aaa61e9a18db2956bd6c8b777fd6?s=96&d=mm&r=g","caption":"Marketing"},"url":"https:\/\/plazadetoroslamalagueta.com\/it\/author\/marketing\/"}]}},"_links":{"self":[{"href":"https:\/\/plazadetoroslamalagueta.com\/it\/wp-json\/wp\/v2\/posts\/22351","targetHints":{"allow":["GET"]}}],"collection":[{"href":"https:\/\/plazadetoroslamalagueta.com\/it\/wp-json\/wp\/v2\/posts"}],"about":[{"href":"https:\/\/plazadetoroslamalagueta.com\/it\/wp-json\/wp\/v2\/types\/post"}],"author":[{"embeddable":true,"href":"https:\/\/plazadetoroslamalagueta.com\/it\/wp-json\/wp\/v2\/users\/4"}],"replies":[{"embeddable":true,"href":"https:\/\/plazadetoroslamalagueta.com\/it\/wp-json\/wp\/v2\/comments?post=22351"}],"version-history":[{"count":1,"href":"https:\/\/plazadetoroslamalagueta.com\/it\/wp-json\/wp\/v2\/posts\/22351\/revisions"}],"predecessor-version":[{"id":22357,"href":"https:\/\/plazadetoroslamalagueta.com\/it\/wp-json\/wp\/v2\/posts\/22351\/revisions\/22357"}],"wp:featuredmedia":[{"embeddable":true,"href":"https:\/\/plazadetoroslamalagueta.com\/it\/wp-json\/wp\/v2\/media\/22352"}],"wp:attachment":[{"href":"https:\/\/plazadetoroslamalagueta.com\/it\/wp-json\/wp\/v2\/media?parent=22351"}],"wp:term":[{"taxonomy":"category","embeddable":true,"href":"https:\/\/plazadetoroslamalagueta.com\/it\/wp-json\/wp\/v2\/categories?post=22351"},{"taxonomy":"post_tag","embeddable":true,"href":"https:\/\/plazadetoroslamalagueta.com\/it\/wp-json\/wp\/v2\/tags?post=22351"}],"curies":[{"name":"wp","href":"https:\/\/api.w.org\/{rel}","templated":true}]}}