{"id":7866,"date":"2023-05-24T13:53:41","date_gmt":"2023-05-24T13:53:41","guid":{"rendered":"https:\/\/plazadetoroslamalagueta.com\/les-toreros-les-plus-remarquables-qui-ont-laisse-leur-empreinte-dans-les-arenes-de-malaga\/"},"modified":"2023-11-15T12:38:41","modified_gmt":"2023-11-15T12:38:41","slug":"les-toreros-les-plus-remarquables-qui-ont-laisse-leur-empreinte-dans-les-arenes-de-malaga","status":"publish","type":"post","link":"https:\/\/plazadetoroslamalagueta.com\/fr\/les-toreros-les-plus-remarquables-qui-ont-laisse-leur-empreinte-dans-les-arenes-de-malaga\/","title":{"rendered":"Les toreros les plus remarquables qui ont laiss\u00e9 leur empreinte dans les ar\u00e8nes de Malaga"},"content":{"rendered":"<section class=\"l-section wpb_row height_medium\"><div class=\"l-section-h i-cf\"><div class=\"g-cols vc_row via_grid cols_1 laptops-cols_inherit tablets-cols_inherit mobiles-cols_1 valign_top type_default stacking_default\"><div class=\"wpb_column vc_column_container\"><div class=\"vc_column-inner\"><div class=\"wpb_text_column\"><div class=\"wpb_wrapper\"><h1>Les toreros les plus remarquables qui ont laiss\u00e9 leur empreinte dans les ar\u00e8nes de Malaga<\/h1>\n<p>Les ar\u00e8nes de Malaga ont \u00e9t\u00e9 le cadre o\u00f9 de grands toreros ont marqu\u00e9 l&rsquo;histoire de la tauromachie. Au fil des ann\u00e9es, des ma\u00eetres taurins exceptionnels ont brill\u00e9 dans cette ar\u00e8ne embl\u00e9matique, laissant un h\u00e9ritage de courage, d&rsquo;art et de d\u00e9vouement. Dans cet article, nous vous pr\u00e9sentons quelques-uns des toreros les plus remarquables qui sont pass\u00e9s par les ar\u00e8nes de Malaga.<\/p>\n<\/div><\/div><div class=\"w-image align_none\"><div class=\"w-image-h\"><img decoding=\"async\" width=\"949\" height=\"574\" src=\"https:\/\/plazadetoroslamalagueta.com\/wp-content\/uploads\/2023\/03\/corrida-picasiana-javier-conde.jpeg\" class=\"attachment-full size-full\" alt=\"Course de taureaux\" loading=\"lazy\" srcset=\"https:\/\/plazadetoroslamalagueta.com\/wp-content\/uploads\/2023\/03\/corrida-picasiana-javier-conde.jpeg 949w, https:\/\/plazadetoroslamalagueta.com\/wp-content\/uploads\/2023\/03\/corrida-picasiana-javier-conde-300x181.jpeg 300w, https:\/\/plazadetoroslamalagueta.com\/wp-content\/uploads\/2023\/03\/corrida-picasiana-javier-conde-768x465.jpeg 768w\" sizes=\"auto, (max-width: 949px) 100vw, 949px\" \/><\/div><\/div><div class=\"w-separator size_medium\"><\/div><\/div><\/div><\/div><\/div><\/section><section class=\"l-section wpb_row height_medium\"><div class=\"l-section-h i-cf\"><div class=\"g-cols vc_row via_grid cols_2 laptops-cols_inherit tablets-cols_inherit mobiles-cols_1 valign_top type_default stacking_default\"><div class=\"wpb_column vc_column_container\"><div class=\"vc_column-inner\"><div class=\"wpb_text_column\"><div class=\"wpb_wrapper\"><ol>\n<li><strong>Antonio Ordo\u00f1ez:<\/strong> Connu sous le nom de \u00ab\u00a0Le\u00f3n de Ronda\u00a0\u00bb, Antonio Ordo\u00f1ez est une figure l\u00e9gendaire du monde de la tauromachie. Sa ma\u00eetrise et son courage dans le ring ont fait de lui l&rsquo;un des toreros les plus remarquables de tous les temps. Dans les ar\u00e8nes de Malaga, Ordo\u00f1ez a jou\u00e9 dans des t\u00e2ches inoubliables, montrant son courage et son \u00e9l\u00e9gance devant des taureaux \u00e0 grande \u00e9chelle.<\/li>\n<\/ol>\n<\/div><\/div><\/div><\/div><div class=\"wpb_column vc_column_container\"><div class=\"vc_column-inner\"><div class=\"w-image align_center\"><div class=\"w-image-h\"><img decoding=\"async\" width=\"564\" height=\"830\" src=\"https:\/\/plazadetoroslamalagueta.com\/wp-content\/uploads\/2023\/05\/Antonio-Ordonez.jpg\" class=\"attachment-large size-large\" alt=\"torero Antonio Ordo\u00f1ez\" loading=\"lazy\" srcset=\"https:\/\/plazadetoroslamalagueta.com\/wp-content\/uploads\/2023\/05\/Antonio-Ordonez.jpg 564w, https:\/\/plazadetoroslamalagueta.com\/wp-content\/uploads\/2023\/05\/Antonio-Ordonez-300x441.jpg 300w, https:\/\/plazadetoroslamalagueta.com\/wp-content\/uploads\/2023\/05\/Antonio-Ordonez-204x300.jpg 204w\" sizes=\"auto, (max-width: 564px) 100vw, 564px\" \/><\/div><\/div><\/div><\/div><\/div><\/div><\/section><section class=\"l-section wpb_row height_medium\"><div class=\"l-section-h i-cf\"><div class=\"g-cols vc_row via_grid cols_2 laptops-cols_inherit tablets-cols_inherit mobiles-cols_1 valign_top type_default stacking_default\"><div class=\"wpb_column vc_column_container\"><div class=\"vc_column-inner\"><div class=\"w-separator size_medium\"><\/div><div class=\"wpb_text_column\"><div class=\"wpb_wrapper\"><p><strong>2. Juan Belmonte:<\/strong> Juan Belmonte est consid\u00e9r\u00e9 comme l&rsquo;un des toreros les plus r\u00e9volutionnaires de l&rsquo;histoire de la tauromachie. Son style unique et risqu\u00e9 a rompu avec les conventions \u00e9tablies, introduisant de nouvelles techniques et mouvements dans la tauromachie. Dans les ar\u00e8nes de Malaga, Belmonte a laiss\u00e9 sa marque avec des t\u00e2ches pleines d&rsquo;intensit\u00e9 et un lien particulier avec les taureaux.<\/p>\n<\/div><\/div><\/div><\/div><div class=\"wpb_column vc_column_container\"><div class=\"vc_column-inner\"><div class=\"w-image align_center\"><div class=\"w-image-h\"><img decoding=\"async\" width=\"333\" height=\"508\" src=\"https:\/\/plazadetoroslamalagueta.com\/wp-content\/uploads\/2023\/05\/Juan-belmonte.jpg\" class=\"attachment-large size-large\" alt=\"torero Juan belmonte\" loading=\"lazy\" srcset=\"https:\/\/plazadetoroslamalagueta.com\/wp-content\/uploads\/2023\/05\/Juan-belmonte.jpg 333w, https:\/\/plazadetoroslamalagueta.com\/wp-content\/uploads\/2023\/05\/Juan-belmonte-300x458.jpg 300w, https:\/\/plazadetoroslamalagueta.com\/wp-content\/uploads\/2023\/05\/Juan-belmonte-197x300.jpg 197w\" sizes=\"auto, (max-width: 333px) 100vw, 333px\" \/><\/div><\/div><\/div><\/div><\/div><\/div><\/section><section class=\"l-section wpb_row height_medium\"><div class=\"l-section-h i-cf\"><div class=\"g-cols vc_row via_grid cols_2 laptops-cols_inherit tablets-cols_inherit mobiles-cols_1 valign_top type_default stacking_default\"><div class=\"wpb_column vc_column_container\"><div class=\"vc_column-inner\"><div class=\"w-separator size_medium\"><\/div><div class=\"wpb_text_column\"><div class=\"wpb_wrapper\"><p><strong>3. Francisco Rivera \u00ab\u00a0Paquirri\u00a0\u00bb:<\/strong> Paquirri est une figure embl\u00e9matique de la tauromachie, reconnu pour son courage et sa prestation sur le ring. Dans les ar\u00e8nes de Malaga, il a jou\u00e9 des moments m\u00e9morables, affrontant des taureaux de grande difficult\u00e9 avec ma\u00eetrise et d\u00e9termination. Paquirri a laiss\u00e9 une marque ind\u00e9l\u00e9bile sur les fans de Malaga, devenant l&rsquo;un des toreros les plus admir\u00e9s de sa g\u00e9n\u00e9ration.<\/p>\n<\/div><\/div><\/div><\/div><div class=\"wpb_column vc_column_container\"><div class=\"vc_column-inner\"><div class=\"w-image align_center\"><div class=\"w-image-h\"><img decoding=\"async\" width=\"564\" height=\"564\" src=\"https:\/\/plazadetoroslamalagueta.com\/wp-content\/uploads\/2023\/05\/Francisco-Rivera-Paquirri.jpg\" class=\"attachment-large size-large\" alt=\"torero\" loading=\"lazy\" srcset=\"https:\/\/plazadetoroslamalagueta.com\/wp-content\/uploads\/2023\/05\/Francisco-Rivera-Paquirri.jpg 564w, https:\/\/plazadetoroslamalagueta.com\/wp-content\/uploads\/2023\/05\/Francisco-Rivera-Paquirri-300x300.jpg 300w, https:\/\/plazadetoroslamalagueta.com\/wp-content\/uploads\/2023\/05\/Francisco-Rivera-Paquirri-150x150.jpg 150w\" sizes=\"auto, (max-width: 564px) 100vw, 564px\" \/><\/div><\/div><\/div><\/div><\/div><\/div><\/section><section class=\"l-section wpb_row height_medium\"><div class=\"l-section-h i-cf\"><div class=\"g-cols vc_row via_grid cols_2 laptops-cols_inherit tablets-cols_inherit mobiles-cols_1 valign_top type_default stacking_default\"><div class=\"wpb_column vc_column_container\"><div class=\"vc_column-inner\"><div class=\"w-separator size_medium\"><\/div><div class=\"wpb_text_column\"><div class=\"wpb_wrapper\"><p><strong>4. Jos\u00e9 Tom\u00e1s:<\/strong> Jos\u00e9 Tom\u00e1s est consid\u00e9r\u00e9 aujourd&rsquo;hui comme l&rsquo;un des toreros les plus importants. Avec son style serein et profond, il a captiv\u00e9 les fans dans les ar\u00e8nes de Malaga et dans d&rsquo;autres grands lieux de tauromachie \u00e0 travers le monde. Ses t\u00e2ches sont marqu\u00e9es par un lien unique avec le taureau et une technique raffin\u00e9e qui transmet une grande \u00e9motion.<\/p>\n<\/div><\/div><\/div><\/div><div class=\"wpb_column vc_column_container\"><div class=\"vc_column-inner\"><div class=\"w-image align_center\"><div class=\"w-image-h\"><img decoding=\"async\" width=\"564\" height=\"735\" src=\"https:\/\/plazadetoroslamalagueta.com\/wp-content\/uploads\/2023\/05\/Jose-Tomas.jpg\" class=\"attachment-large size-large\" alt=\"torero\" loading=\"lazy\" srcset=\"https:\/\/plazadetoroslamalagueta.com\/wp-content\/uploads\/2023\/05\/Jose-Tomas.jpg 564w, https:\/\/plazadetoroslamalagueta.com\/wp-content\/uploads\/2023\/05\/Jose-Tomas-300x391.jpg 300w, https:\/\/plazadetoroslamalagueta.com\/wp-content\/uploads\/2023\/05\/Jose-Tomas-230x300.jpg 230w\" sizes=\"auto, (max-width: 564px) 100vw, 564px\" \/><\/div><\/div><\/div><\/div><\/div><\/div><\/section><section class=\"l-section wpb_row height_medium\"><div class=\"l-section-h i-cf\"><div class=\"g-cols vc_row via_grid cols_2 laptops-cols_inherit tablets-cols_inherit mobiles-cols_1 valign_top type_default stacking_default\"><div class=\"wpb_column vc_column_container\"><div class=\"vc_column-inner\"><div class=\"w-separator size_medium\"><\/div><div class=\"wpb_text_column\"><div class=\"wpb_wrapper\"><p><strong>5. Enrique Ponce:<\/strong> Enrique Ponce est un torero avec une grande carri\u00e8re et une reconnaissance internationale. Son \u00e9l\u00e9gance et sa pr\u00e9cision dans la tauromachie en ont fait une r\u00e9f\u00e9rence pour de nombreuses g\u00e9n\u00e9rations de passionn\u00e9s. Dans les ar\u00e8nes de Malaga, Ponce a laiss\u00e9 sa marque avec des performances magistrales, montrant sa ma\u00eetrise de l&rsquo;art de la tauromachie et sa capacit\u00e9 \u00e0 \u00e9mouvoir le public.<\/p>\n<\/div><\/div><\/div><\/div><div class=\"wpb_column vc_column_container\"><div class=\"vc_column-inner\"><div class=\"w-image align_center\"><div class=\"w-image-h\"><img decoding=\"async\" width=\"564\" height=\"616\" src=\"https:\/\/plazadetoroslamalagueta.com\/wp-content\/uploads\/2023\/05\/Enrique-Ponce.jpg\" class=\"attachment-large size-large\" alt=\"torero\" loading=\"lazy\" srcset=\"https:\/\/plazadetoroslamalagueta.com\/wp-content\/uploads\/2023\/05\/Enrique-Ponce.jpg 564w, https:\/\/plazadetoroslamalagueta.com\/wp-content\/uploads\/2023\/05\/Enrique-Ponce-300x328.jpg 300w, https:\/\/plazadetoroslamalagueta.com\/wp-content\/uploads\/2023\/05\/Enrique-Ponce-275x300.jpg 275w\" sizes=\"auto, (max-width: 564px) 100vw, 564px\" \/><\/div><\/div><\/div><\/div><\/div><\/div><\/section><section class=\"l-section wpb_row height_medium\"><div class=\"l-section-h i-cf\"><div class=\"g-cols vc_row via_grid cols_1 laptops-cols_inherit tablets-cols_inherit mobiles-cols_1 valign_top type_default stacking_default\"><div class=\"wpb_column vc_column_container\"><div class=\"vc_column-inner\"><div class=\"w-separator size_medium\"><\/div><div class=\"wpb_text_column\"><div class=\"wpb_wrapper\"><p>Les ar\u00e8nes de Malaga ont \u00e9t\u00e9 t\u00e9moins de la grandeur des toreros qui ont laiss\u00e9 une marque ind\u00e9l\u00e9bile dans l&rsquo;histoire de la tauromachie. Des personnages l\u00e9gendaires comme Antonio Ordo\u00f1ez et Juan Belmonte, aux toreros contemporains comme Jos\u00e9 Tom\u00e1s et Enrique Ponce, ces ma\u00eetres de la tauromachie ont fait vibrer le public par leur courage, leur technique et leur art. L&rsquo;ar\u00e8ne de Malaga est une \u00e9tape o\u00f9 le.<\/p>\n<\/div><\/div><div class=\"w-separator size_medium\"><\/div><div class=\"w-actionbox us_custom_6d16b5af has_text_color color_primary controls_right\"><div class=\"w-actionbox-text\"><h2 class=\"w-actionbox-title\">Vous souhaitez assister \u00e0 une corrida?<\/h2><div class=\"w-actionbox-description\"><p>Achetez vos billets ! Les billets pour les corridas de ce 2023 sont maintenant en vente. Achetez le v\u00f4tre avant qu&rsquo;il ne soit \u00e9puis\u00e9<\/p>\n<\/div><\/div><div class=\"w-actionbox-controls\"><a class=\"w-btn us-btn-style_1\" title=\"Billets pour la corrida de Malaga\" href=\"https:\/\/plazadetoroslamalagueta.com\/fr\/billets-pour-la-corrida-de-malaga\/\"><span class=\"w-btn-label\">Acheter un billet<\/span><\/a><\/div><\/div><\/div><\/div><\/div><\/div><\/section>\n","protected":false},"excerpt":{"rendered":"Les toreros les plus remarquables qui ont laiss\u00e9 leur empreinte dans les ar\u00e8nes de Malaga Les ar\u00e8nes de Malaga ont \u00e9t\u00e9 le cadre o\u00f9 de grands toreros ont marqu\u00e9 l&rsquo;histoire de la tauromachie. Au fil des ann\u00e9es, des ma\u00eetres taurins exceptionnels ont brill\u00e9 dans cette ar\u00e8ne embl\u00e9matique, laissant un h\u00e9ritage de courage, d&rsquo;art et de...","protected":false},"author":4,"featured_media":9935,"comment_status":"open","ping_status":"open","sticky":false,"template":"","format":"standard","meta":{"footnotes":""},"categories":[254],"tags":[],"class_list":["post-7866","post","type-post","status-publish","format-standard","has-post-thumbnail","hentry","category-a-propos-de-larene"],"yoast_head":"<!-- This site is optimized with the Yoast SEO plugin v27.4 - https:\/\/yoast.com\/product\/yoast-seo-wordpress\/ -->\n<title>\u25b7 Les 6 toreros les plus remarquables de l&#039;histoire de Malaga<\/title>\n<meta name=\"description\" content=\"D\u00e9couvrez les 6 toreros les plus remarquables qui ont marqu\u00e9 l&#039;histoire des ar\u00e8nes de Malaga. Faits curieux sur les toreros\" \/>\n<meta name=\"robots\" content=\"index, follow, max-snippet:-1, max-image-preview:large, max-video-preview:-1\" \/>\n<link rel=\"canonical\" href=\"https:\/\/plazadetoroslamalagueta.com\/fr\/les-toreros-les-plus-remarquables-qui-ont-laisse-leur-empreinte-dans-les-arenes-de-malaga\/\" \/>\n<meta property=\"og:locale\" content=\"fr_FR\" \/>\n<meta property=\"og:type\" content=\"article\" \/>\n<meta property=\"og:title\" content=\"\u25b7 Les 6 toreros les plus remarquables de l&#039;histoire de Malaga\" \/>\n<meta property=\"og:description\" content=\"D\u00e9couvrez les 6 toreros les plus remarquables qui ont marqu\u00e9 l&#039;histoire des ar\u00e8nes de Malaga. Faits curieux sur les toreros\" \/>\n<meta property=\"og:url\" content=\"https:\/\/plazadetoroslamalagueta.com\/fr\/les-toreros-les-plus-remarquables-qui-ont-laisse-leur-empreinte-dans-les-arenes-de-malaga\/\" \/>\n<meta property=\"og:site_name\" content=\"Plaza de Toros La Malagueta\" \/>\n<meta property=\"article:published_time\" content=\"2023-05-24T13:53:41+00:00\" \/>\n<meta property=\"article:modified_time\" content=\"2023-11-15T12:38:41+00:00\" \/>\n<meta property=\"og:image\" content=\"https:\/\/plazadetoroslamalagueta.com\/wp-content\/uploads\/2023\/05\/Francisco-Rivera-Paquirri.jpg\" \/>\n\t<meta property=\"og:image:width\" content=\"564\" \/>\n\t<meta property=\"og:image:height\" content=\"564\" \/>\n\t<meta property=\"og:image:type\" content=\"image\/jpeg\" \/>\n<meta name=\"author\" content=\"Marketing\" \/>\n<meta name=\"twitter:card\" content=\"summary_large_image\" \/>\n<meta name=\"twitter:label1\" content=\"\u00c9crit par\" \/>\n\t<meta name=\"twitter:data1\" content=\"Marketing\" \/>\n\t<meta name=\"twitter:label2\" content=\"Dur\u00e9e de lecture estim\u00e9e\" \/>\n\t<meta name=\"twitter:data2\" content=\"3 minutes\" \/>\n<script type=\"application\/ld+json\" class=\"yoast-schema-graph\">{\"@context\":\"https:\\\/\\\/schema.org\",\"@graph\":[{\"@type\":\"Article\",\"@id\":\"https:\\\/\\\/plazadetoroslamalagueta.com\\\/fr\\\/les-toreros-les-plus-remarquables-qui-ont-laisse-leur-empreinte-dans-les-arenes-de-malaga\\\/#article\",\"isPartOf\":{\"@id\":\"https:\\\/\\\/plazadetoroslamalagueta.com\\\/fr\\\/les-toreros-les-plus-remarquables-qui-ont-laisse-leur-empreinte-dans-les-arenes-de-malaga\\\/\"},\"author\":{\"name\":\"Marketing\",\"@id\":\"https:\\\/\\\/plazadetoroslamalagueta.com\\\/fr\\\/#\\\/schema\\\/person\\\/38da8099bb302a43fd2c5eaec4713c5e\"},\"headline\":\"Les toreros les plus remarquables qui ont laiss\u00e9 leur empreinte dans les ar\u00e8nes de Malaga\",\"datePublished\":\"2023-05-24T13:53:41+00:00\",\"dateModified\":\"2023-11-15T12:38:41+00:00\",\"mainEntityOfPage\":{\"@id\":\"https:\\\/\\\/plazadetoroslamalagueta.com\\\/fr\\\/les-toreros-les-plus-remarquables-qui-ont-laisse-leur-empreinte-dans-les-arenes-de-malaga\\\/\"},\"wordCount\":789,\"commentCount\":0,\"publisher\":{\"@id\":\"https:\\\/\\\/plazadetoroslamalagueta.com\\\/fr\\\/#organization\"},\"image\":{\"@id\":\"https:\\\/\\\/plazadetoroslamalagueta.com\\\/fr\\\/les-toreros-les-plus-remarquables-qui-ont-laisse-leur-empreinte-dans-les-arenes-de-malaga\\\/#primaryimage\"},\"thumbnailUrl\":\"https:\\\/\\\/plazadetoroslamalagueta.com\\\/wp-content\\\/uploads\\\/2023\\\/05\\\/torero.jpg\",\"articleSection\":[\"\u00c0 propos de l\u2019ar\u00e8ne\"],\"inLanguage\":\"fr-FR\",\"potentialAction\":[{\"@type\":\"CommentAction\",\"name\":\"Comment\",\"target\":[\"https:\\\/\\\/plazadetoroslamalagueta.com\\\/fr\\\/les-toreros-les-plus-remarquables-qui-ont-laisse-leur-empreinte-dans-les-arenes-de-malaga\\\/#respond\"]}]},{\"@type\":\"WebPage\",\"@id\":\"https:\\\/\\\/plazadetoroslamalagueta.com\\\/fr\\\/les-toreros-les-plus-remarquables-qui-ont-laisse-leur-empreinte-dans-les-arenes-de-malaga\\\/\",\"url\":\"https:\\\/\\\/plazadetoroslamalagueta.com\\\/fr\\\/les-toreros-les-plus-remarquables-qui-ont-laisse-leur-empreinte-dans-les-arenes-de-malaga\\\/\",\"name\":\"\u25b7 Les 6 toreros les plus remarquables de l'histoire de Malaga\",\"isPartOf\":{\"@id\":\"https:\\\/\\\/plazadetoroslamalagueta.com\\\/fr\\\/#website\"},\"primaryImageOfPage\":{\"@id\":\"https:\\\/\\\/plazadetoroslamalagueta.com\\\/fr\\\/les-toreros-les-plus-remarquables-qui-ont-laisse-leur-empreinte-dans-les-arenes-de-malaga\\\/#primaryimage\"},\"image\":{\"@id\":\"https:\\\/\\\/plazadetoroslamalagueta.com\\\/fr\\\/les-toreros-les-plus-remarquables-qui-ont-laisse-leur-empreinte-dans-les-arenes-de-malaga\\\/#primaryimage\"},\"thumbnailUrl\":\"https:\\\/\\\/plazadetoroslamalagueta.com\\\/wp-content\\\/uploads\\\/2023\\\/05\\\/torero.jpg\",\"datePublished\":\"2023-05-24T13:53:41+00:00\",\"dateModified\":\"2023-11-15T12:38:41+00:00\",\"description\":\"D\u00e9couvrez les 6 toreros les plus remarquables qui ont marqu\u00e9 l'histoire des ar\u00e8nes de Malaga. Faits curieux sur les toreros\",\"breadcrumb\":{\"@id\":\"https:\\\/\\\/plazadetoroslamalagueta.com\\\/fr\\\/les-toreros-les-plus-remarquables-qui-ont-laisse-leur-empreinte-dans-les-arenes-de-malaga\\\/#breadcrumb\"},\"inLanguage\":\"fr-FR\",\"potentialAction\":[{\"@type\":\"ReadAction\",\"target\":[\"https:\\\/\\\/plazadetoroslamalagueta.com\\\/fr\\\/les-toreros-les-plus-remarquables-qui-ont-laisse-leur-empreinte-dans-les-arenes-de-malaga\\\/\"]}]},{\"@type\":\"ImageObject\",\"inLanguage\":\"fr-FR\",\"@id\":\"https:\\\/\\\/plazadetoroslamalagueta.com\\\/fr\\\/les-toreros-les-plus-remarquables-qui-ont-laisse-leur-empreinte-dans-les-arenes-de-malaga\\\/#primaryimage\",\"url\":\"https:\\\/\\\/plazadetoroslamalagueta.com\\\/wp-content\\\/uploads\\\/2023\\\/05\\\/torero.jpg\",\"contentUrl\":\"https:\\\/\\\/plazadetoroslamalagueta.com\\\/wp-content\\\/uploads\\\/2023\\\/05\\\/torero.jpg\",\"width\":562,\"height\":402,\"caption\":\"Corrida Picassiana Malaga\"},{\"@type\":\"BreadcrumbList\",\"@id\":\"https:\\\/\\\/plazadetoroslamalagueta.com\\\/fr\\\/les-toreros-les-plus-remarquables-qui-ont-laisse-leur-empreinte-dans-les-arenes-de-malaga\\\/#breadcrumb\",\"itemListElement\":[{\"@type\":\"ListItem\",\"position\":1,\"name\":\"Inicio\",\"item\":\"https:\\\/\\\/plazadetoroslamalagueta.com\\\/fr\\\/\"},{\"@type\":\"ListItem\",\"position\":2,\"name\":\"Les toreros les plus remarquables qui ont laiss\u00e9 leur empreinte dans les ar\u00e8nes de Malaga\"}]},{\"@type\":\"WebSite\",\"@id\":\"https:\\\/\\\/plazadetoroslamalagueta.com\\\/fr\\\/#website\",\"url\":\"https:\\\/\\\/plazadetoroslamalagueta.com\\\/fr\\\/\",\"name\":\"Plaza de Toros de la Malagueta\",\"description\":\"La Plaza de Toros de M\u00e1laga, de nombre La Malagueta, es un edificio reconocido Bien de Inter\u00e9s Cultural, que ofrece visitas tur\u00edsticas y corridas de toros y otros tipos de espect\u00e1culo durante todo el a\u00f1o.\",\"publisher\":{\"@id\":\"https:\\\/\\\/plazadetoroslamalagueta.com\\\/fr\\\/#organization\"},\"alternateName\":\"Plaza de Toros M\u00e1laga\",\"potentialAction\":[{\"@type\":\"SearchAction\",\"target\":{\"@type\":\"EntryPoint\",\"urlTemplate\":\"https:\\\/\\\/plazadetoroslamalagueta.com\\\/fr\\\/?s={search_term_string}\"},\"query-input\":{\"@type\":\"PropertyValueSpecification\",\"valueRequired\":true,\"valueName\":\"search_term_string\"}}],\"inLanguage\":\"fr-FR\"},{\"@type\":\"Organization\",\"@id\":\"https:\\\/\\\/plazadetoroslamalagueta.com\\\/fr\\\/#organization\",\"name\":\"Plaza de Toros la Malagueta\",\"url\":\"https:\\\/\\\/plazadetoroslamalagueta.com\\\/fr\\\/\",\"logo\":{\"@type\":\"ImageObject\",\"inLanguage\":\"fr-FR\",\"@id\":\"https:\\\/\\\/plazadetoroslamalagueta.com\\\/fr\\\/#\\\/schema\\\/logo\\\/image\\\/\",\"url\":\"https:\\\/\\\/plazadetoroslamalagueta.com\\\/wp-content\\\/uploads\\\/2024\\\/02\\\/Logo-plaza-toros.webp\",\"contentUrl\":\"https:\\\/\\\/plazadetoroslamalagueta.com\\\/wp-content\\\/uploads\\\/2024\\\/02\\\/Logo-plaza-toros.webp\",\"width\":100,\"height\":100,\"caption\":\"Plaza de Toros la Malagueta\"},\"image\":{\"@id\":\"https:\\\/\\\/plazadetoroslamalagueta.com\\\/fr\\\/#\\\/schema\\\/logo\\\/image\\\/\"}},{\"@type\":\"Person\",\"@id\":\"https:\\\/\\\/plazadetoroslamalagueta.com\\\/fr\\\/#\\\/schema\\\/person\\\/38da8099bb302a43fd2c5eaec4713c5e\",\"name\":\"Marketing\",\"image\":{\"@type\":\"ImageObject\",\"inLanguage\":\"fr-FR\",\"@id\":\"https:\\\/\\\/secure.gravatar.com\\\/avatar\\\/2c03e1a8691cff42cdbffdaf0b1a4a8d0203aaa61e9a18db2956bd6c8b777fd6?s=96&d=mm&r=g\",\"url\":\"https:\\\/\\\/secure.gravatar.com\\\/avatar\\\/2c03e1a8691cff42cdbffdaf0b1a4a8d0203aaa61e9a18db2956bd6c8b777fd6?s=96&d=mm&r=g\",\"contentUrl\":\"https:\\\/\\\/secure.gravatar.com\\\/avatar\\\/2c03e1a8691cff42cdbffdaf0b1a4a8d0203aaa61e9a18db2956bd6c8b777fd6?s=96&d=mm&r=g\",\"caption\":\"Marketing\"},\"url\":\"https:\\\/\\\/plazadetoroslamalagueta.com\\\/fr\\\/author\\\/marketing\\\/\"}]}<\/script>\n<!-- \/ Yoast SEO plugin. -->","yoast_head_json":{"title":"\u25b7 Les 6 toreros les plus remarquables de l'histoire de Malaga","description":"D\u00e9couvrez les 6 toreros les plus remarquables qui ont marqu\u00e9 l'histoire des ar\u00e8nes de Malaga. Faits curieux sur les toreros","robots":{"index":"index","follow":"follow","max-snippet":"max-snippet:-1","max-image-preview":"max-image-preview:large","max-video-preview":"max-video-preview:-1"},"canonical":"https:\/\/plazadetoroslamalagueta.com\/fr\/les-toreros-les-plus-remarquables-qui-ont-laisse-leur-empreinte-dans-les-arenes-de-malaga\/","og_locale":"fr_FR","og_type":"article","og_title":"\u25b7 Les 6 toreros les plus remarquables de l'histoire de Malaga","og_description":"D\u00e9couvrez les 6 toreros les plus remarquables qui ont marqu\u00e9 l'histoire des ar\u00e8nes de Malaga. Faits curieux sur les toreros","og_url":"https:\/\/plazadetoroslamalagueta.com\/fr\/les-toreros-les-plus-remarquables-qui-ont-laisse-leur-empreinte-dans-les-arenes-de-malaga\/","og_site_name":"Plaza de Toros La Malagueta","article_published_time":"2023-05-24T13:53:41+00:00","article_modified_time":"2023-11-15T12:38:41+00:00","og_image":[{"width":564,"height":564,"url":"https:\/\/plazadetoroslamalagueta.com\/wp-content\/uploads\/2023\/05\/Francisco-Rivera-Paquirri.jpg","type":"image\/jpeg"}],"author":"Marketing","twitter_card":"summary_large_image","twitter_misc":{"\u00c9crit par":"Marketing","Dur\u00e9e de lecture estim\u00e9e":"3 minutes"},"schema":{"@context":"https:\/\/schema.org","@graph":[{"@type":"Article","@id":"https:\/\/plazadetoroslamalagueta.com\/fr\/les-toreros-les-plus-remarquables-qui-ont-laisse-leur-empreinte-dans-les-arenes-de-malaga\/#article","isPartOf":{"@id":"https:\/\/plazadetoroslamalagueta.com\/fr\/les-toreros-les-plus-remarquables-qui-ont-laisse-leur-empreinte-dans-les-arenes-de-malaga\/"},"author":{"name":"Marketing","@id":"https:\/\/plazadetoroslamalagueta.com\/fr\/#\/schema\/person\/38da8099bb302a43fd2c5eaec4713c5e"},"headline":"Les toreros les plus remarquables qui ont laiss\u00e9 leur empreinte dans les ar\u00e8nes de Malaga","datePublished":"2023-05-24T13:53:41+00:00","dateModified":"2023-11-15T12:38:41+00:00","mainEntityOfPage":{"@id":"https:\/\/plazadetoroslamalagueta.com\/fr\/les-toreros-les-plus-remarquables-qui-ont-laisse-leur-empreinte-dans-les-arenes-de-malaga\/"},"wordCount":789,"commentCount":0,"publisher":{"@id":"https:\/\/plazadetoroslamalagueta.com\/fr\/#organization"},"image":{"@id":"https:\/\/plazadetoroslamalagueta.com\/fr\/les-toreros-les-plus-remarquables-qui-ont-laisse-leur-empreinte-dans-les-arenes-de-malaga\/#primaryimage"},"thumbnailUrl":"https:\/\/plazadetoroslamalagueta.com\/wp-content\/uploads\/2023\/05\/torero.jpg","articleSection":["\u00c0 propos de l\u2019ar\u00e8ne"],"inLanguage":"fr-FR","potentialAction":[{"@type":"CommentAction","name":"Comment","target":["https:\/\/plazadetoroslamalagueta.com\/fr\/les-toreros-les-plus-remarquables-qui-ont-laisse-leur-empreinte-dans-les-arenes-de-malaga\/#respond"]}]},{"@type":"WebPage","@id":"https:\/\/plazadetoroslamalagueta.com\/fr\/les-toreros-les-plus-remarquables-qui-ont-laisse-leur-empreinte-dans-les-arenes-de-malaga\/","url":"https:\/\/plazadetoroslamalagueta.com\/fr\/les-toreros-les-plus-remarquables-qui-ont-laisse-leur-empreinte-dans-les-arenes-de-malaga\/","name":"\u25b7 Les 6 toreros les plus remarquables de l'histoire de Malaga","isPartOf":{"@id":"https:\/\/plazadetoroslamalagueta.com\/fr\/#website"},"primaryImageOfPage":{"@id":"https:\/\/plazadetoroslamalagueta.com\/fr\/les-toreros-les-plus-remarquables-qui-ont-laisse-leur-empreinte-dans-les-arenes-de-malaga\/#primaryimage"},"image":{"@id":"https:\/\/plazadetoroslamalagueta.com\/fr\/les-toreros-les-plus-remarquables-qui-ont-laisse-leur-empreinte-dans-les-arenes-de-malaga\/#primaryimage"},"thumbnailUrl":"https:\/\/plazadetoroslamalagueta.com\/wp-content\/uploads\/2023\/05\/torero.jpg","datePublished":"2023-05-24T13:53:41+00:00","dateModified":"2023-11-15T12:38:41+00:00","description":"D\u00e9couvrez les 6 toreros les plus remarquables qui ont marqu\u00e9 l'histoire des ar\u00e8nes de Malaga. Faits curieux sur les toreros","breadcrumb":{"@id":"https:\/\/plazadetoroslamalagueta.com\/fr\/les-toreros-les-plus-remarquables-qui-ont-laisse-leur-empreinte-dans-les-arenes-de-malaga\/#breadcrumb"},"inLanguage":"fr-FR","potentialAction":[{"@type":"ReadAction","target":["https:\/\/plazadetoroslamalagueta.com\/fr\/les-toreros-les-plus-remarquables-qui-ont-laisse-leur-empreinte-dans-les-arenes-de-malaga\/"]}]},{"@type":"ImageObject","inLanguage":"fr-FR","@id":"https:\/\/plazadetoroslamalagueta.com\/fr\/les-toreros-les-plus-remarquables-qui-ont-laisse-leur-empreinte-dans-les-arenes-de-malaga\/#primaryimage","url":"https:\/\/plazadetoroslamalagueta.com\/wp-content\/uploads\/2023\/05\/torero.jpg","contentUrl":"https:\/\/plazadetoroslamalagueta.com\/wp-content\/uploads\/2023\/05\/torero.jpg","width":562,"height":402,"caption":"Corrida Picassiana Malaga"},{"@type":"BreadcrumbList","@id":"https:\/\/plazadetoroslamalagueta.com\/fr\/les-toreros-les-plus-remarquables-qui-ont-laisse-leur-empreinte-dans-les-arenes-de-malaga\/#breadcrumb","itemListElement":[{"@type":"ListItem","position":1,"name":"Inicio","item":"https:\/\/plazadetoroslamalagueta.com\/fr\/"},{"@type":"ListItem","position":2,"name":"Les toreros les plus remarquables qui ont laiss\u00e9 leur empreinte dans les ar\u00e8nes de Malaga"}]},{"@type":"WebSite","@id":"https:\/\/plazadetoroslamalagueta.com\/fr\/#website","url":"https:\/\/plazadetoroslamalagueta.com\/fr\/","name":"Plaza de Toros de la Malagueta","description":"La Plaza de Toros de M\u00e1laga, de nombre La Malagueta, es un edificio reconocido Bien de Inter\u00e9s Cultural, que ofrece visitas tur\u00edsticas y corridas de toros y otros tipos de espect\u00e1culo durante todo el a\u00f1o.","publisher":{"@id":"https:\/\/plazadetoroslamalagueta.com\/fr\/#organization"},"alternateName":"Plaza de Toros M\u00e1laga","potentialAction":[{"@type":"SearchAction","target":{"@type":"EntryPoint","urlTemplate":"https:\/\/plazadetoroslamalagueta.com\/fr\/?s={search_term_string}"},"query-input":{"@type":"PropertyValueSpecification","valueRequired":true,"valueName":"search_term_string"}}],"inLanguage":"fr-FR"},{"@type":"Organization","@id":"https:\/\/plazadetoroslamalagueta.com\/fr\/#organization","name":"Plaza de Toros la Malagueta","url":"https:\/\/plazadetoroslamalagueta.com\/fr\/","logo":{"@type":"ImageObject","inLanguage":"fr-FR","@id":"https:\/\/plazadetoroslamalagueta.com\/fr\/#\/schema\/logo\/image\/","url":"https:\/\/plazadetoroslamalagueta.com\/wp-content\/uploads\/2024\/02\/Logo-plaza-toros.webp","contentUrl":"https:\/\/plazadetoroslamalagueta.com\/wp-content\/uploads\/2024\/02\/Logo-plaza-toros.webp","width":100,"height":100,"caption":"Plaza de Toros la Malagueta"},"image":{"@id":"https:\/\/plazadetoroslamalagueta.com\/fr\/#\/schema\/logo\/image\/"}},{"@type":"Person","@id":"https:\/\/plazadetoroslamalagueta.com\/fr\/#\/schema\/person\/38da8099bb302a43fd2c5eaec4713c5e","name":"Marketing","image":{"@type":"ImageObject","inLanguage":"fr-FR","@id":"https:\/\/secure.gravatar.com\/avatar\/2c03e1a8691cff42cdbffdaf0b1a4a8d0203aaa61e9a18db2956bd6c8b777fd6?s=96&d=mm&r=g","url":"https:\/\/secure.gravatar.com\/avatar\/2c03e1a8691cff42cdbffdaf0b1a4a8d0203aaa61e9a18db2956bd6c8b777fd6?s=96&d=mm&r=g","contentUrl":"https:\/\/secure.gravatar.com\/avatar\/2c03e1a8691cff42cdbffdaf0b1a4a8d0203aaa61e9a18db2956bd6c8b777fd6?s=96&d=mm&r=g","caption":"Marketing"},"url":"https:\/\/plazadetoroslamalagueta.com\/fr\/author\/marketing\/"}]}},"_links":{"self":[{"href":"https:\/\/plazadetoroslamalagueta.com\/fr\/wp-json\/wp\/v2\/posts\/7866","targetHints":{"allow":["GET"]}}],"collection":[{"href":"https:\/\/plazadetoroslamalagueta.com\/fr\/wp-json\/wp\/v2\/posts"}],"about":[{"href":"https:\/\/plazadetoroslamalagueta.com\/fr\/wp-json\/wp\/v2\/types\/post"}],"author":[{"embeddable":true,"href":"https:\/\/plazadetoroslamalagueta.com\/fr\/wp-json\/wp\/v2\/users\/4"}],"replies":[{"embeddable":true,"href":"https:\/\/plazadetoroslamalagueta.com\/fr\/wp-json\/wp\/v2\/comments?post=7866"}],"version-history":[{"count":5,"href":"https:\/\/plazadetoroslamalagueta.com\/fr\/wp-json\/wp\/v2\/posts\/7866\/revisions"}],"predecessor-version":[{"id":9895,"href":"https:\/\/plazadetoroslamalagueta.com\/fr\/wp-json\/wp\/v2\/posts\/7866\/revisions\/9895"}],"wp:featuredmedia":[{"embeddable":true,"href":"https:\/\/plazadetoroslamalagueta.com\/fr\/wp-json\/wp\/v2\/media\/9935"}],"wp:attachment":[{"href":"https:\/\/plazadetoroslamalagueta.com\/fr\/wp-json\/wp\/v2\/media?parent=7866"}],"wp:term":[{"taxonomy":"category","embeddable":true,"href":"https:\/\/plazadetoroslamalagueta.com\/fr\/wp-json\/wp\/v2\/categories?post=7866"},{"taxonomy":"post_tag","embeddable":true,"href":"https:\/\/plazadetoroslamalagueta.com\/fr\/wp-json\/wp\/v2\/tags?post=7866"}],"curies":[{"name":"wp","href":"https:\/\/api.w.org\/{rel}","templated":true}]}}