{"id":31373,"date":"2025-07-03T10:03:31","date_gmt":"2025-07-03T08:03:31","guid":{"rendered":"https:\/\/plazadetoroslamalagueta.com\/affiche-de-tauromachie-pour-la-foire-de-malaga-2025\/"},"modified":"2025-07-03T10:20:44","modified_gmt":"2025-07-03T08:20:44","slug":"affiche-de-tauromachie-pour-la-foire-de-malaga-2025","status":"publish","type":"post","link":"https:\/\/plazadetoroslamalagueta.com\/fr\/affiche-de-tauromachie-pour-la-foire-de-malaga-2025\/","title":{"rendered":"Affiche de tauromachie pour la foire de Malaga 2025"},"content":{"rendered":"<section class=\"l-section wpb_row height_medium\"><div class=\"l-section-h i-cf\"><div class=\"g-cols vc_row via_grid cols_2-1 laptops-cols_inherit tablets-cols_inherit mobiles-cols_1 valign_top type_default stacking_default\"><div class=\"wpb_column vc_column_container\"><div class=\"vc_column-inner\"><div class=\"wpb_text_column\"><div class=\"wpb_wrapper\"><h2>Dates :<\/h2>\n<p>Entre le <strong>14 et le 21 ao\u00fbt<\/strong>, elle aura lieu dans les ar\u00e8nes de La Malagueta :<br \/>\n&#8211; 6 corridas<br \/>\n&#8211; 1 corrida \u00e0 cheval (17 ao\u00fbt)<br \/>\n&#8211; 1 novillada (corrida de jeunes toreros) (14 ao\u00fbt)<\/p>\n<hr>\n<h2>\ud83d\udd39 14 ao\u00fbt &#8211; Novillada avec picadors<\/h2>\n<ul>\n<li><strong>Elevage<\/strong>: Antonio Rubio-Macandro<\/li>\n<li><strong>Toreros<\/strong>: <strong>Ignacio Candelas, Julio M\u00e9ndez, L\u00f3pez Ortega<\/strong><br \/>\nLa novillada ouvre la feria avec de jeunes toreros prometteurs issus des \u00e9coles taurines.<\/li>\n<\/ul>\n<hr>\n<h2>\ud83d\udd39 15 ao\u00fbt &#8211; Corrida<\/h2>\n<ul>\n<li><strong>B\u00e9tail<\/strong>: Criado Holgado<\/li>\n<li><strong>Toreros<\/strong>: <strong>David Galv\u00e1n<\/strong> (de Malaga, qui a pris son alternative \u00e0 La Malagueta en 2005), <strong>Borja Jim\u00e9nez et V\u00edctor Hern\u00e1ndez <\/strong>.  <\/li>\n<\/ul>\n<hr>\n<h2>\ud83d\udd39 16 ao\u00fbt &#8211; Corrida<\/h2>\n<ul>\n<li><strong>Elevage taurin<\/strong>: Murteira Grave<\/li>\n<li><strong>Toreros<\/strong>: <strong>Pepe Moral, Jos\u00e9 Fernando Molina et Pablo P\u00e1ez<\/strong> (qui prend l&rsquo;alternative), qui sera un apr\u00e8s-midi de changement de g\u00e9n\u00e9ration.<\/li>\n<\/ul>\n<hr>\n<h2>\ud83d\udd39 17 ao\u00fbt &#8211; Corrida de rejones (corrida \u00e0 cheval)<\/h2>\n<ul>\n<li><strong>Elevage<\/strong>: Ben\u00edtez Cubero &#8211; Pallar\u00e9s<\/li>\n<li><strong>Rejoneadores<\/strong>: <strong>Sergio Gal\u00e1n, Diego Ventura, Ferrer Mart\u00edn<\/strong> (le rejoneador de Malaga Everton Ferrer, \u00ab\u00a0Ferrer Mart\u00edn\u00a0\u00bb)<\/li>\n<\/ul>\n<hr>\n<h2>\ud83d\udd39 18 ao\u00fbt &#8211; Corrida<\/h2>\n<ul>\n<li><strong>Elevage taurin<\/strong>: Torrealta<\/li>\n<li><strong>Toreros<\/strong>: <strong>Morante de la Puebla<\/strong>, <strong>Sa\u00fal Jim\u00e9nez Fortes<\/strong> (vainqueur de la feria 2024 et de la corrida picassienne 2025, qui fait un doubl\u00e9 cette ann\u00e9e) et <strong>Pablo Aguado<\/strong>. Remarque : Fortes et Morante se r\u00e9p\u00e8tent \u00e0 la feria, se consolidant comme l&rsquo;axe central de la feria. <\/li>\n<\/ul>\n<hr>\n<h2>\ud83d\udd39 19 ao\u00fbt &#8211; Corrida (adieu de Cayetano)<\/h2>\n<ul>\n<li><strong>Elevage de taureaux<\/strong>: Victoriano del R\u00edo et Cort\u00e9s<\/li>\n<li><strong>Toreros<\/strong>:<strong> Cayetano<\/strong> (adieu), <strong>Roca Rey<\/strong> (figure internationale) et <strong>David de Miranda<\/strong>.<\/li>\n<\/ul>\n<hr>\n<h2>\ud83d\udd39 20 ao\u00fbt &#8211; Corrida<\/h2>\n<ul>\n<li><strong>Elevages<\/strong>: El Puerto de San Lorenzo et La Ventana del Puerto<\/li>\n<li><strong>Toreros<\/strong>: <strong>Morante de la Puebla<\/strong>, <strong>Alejandro Talavante<\/strong> et<strong> Juan Ortega<\/strong>.<\/li>\n<\/ul>\n<hr>\n<h2>\ud83d\udd39 21 ao\u00fbt &#8211; Corrida -Mano a mano a mano (2 toreros pour 6 taureaux)<\/h2>\n<ul>\n<li><strong>Elevage<\/strong>: El Freixo<\/li>\n<li><strong>Toreros<\/strong>: <strong>Sa\u00fal Jim\u00e9nez Fortes<\/strong> et <strong>Emilio de Justo<\/strong>dans un mano a mano attendu.<\/li>\n<\/ul>\n<hr>\n<\/div><\/div><\/div><\/div><div class=\"wpb_column vc_column_container\"><div class=\"vc_column-inner\"><div class=\"w-image style_outlined align_none\"><div class=\"w-image-h\"><img decoding=\"async\" width=\"500\" height=\"1000\" src=\"https:\/\/plazadetoroslamalagueta.com\/wp-content\/uploads\/2025\/06\/Cartel-toros-malaga-agosto-2025.webp\" class=\"attachment-full size-full\" alt=\"Corrida du 14 ao\u00fbt 2025 \u00e0 Malaga\" loading=\"lazy\" srcset=\"https:\/\/plazadetoroslamalagueta.com\/wp-content\/uploads\/2025\/06\/Cartel-toros-malaga-agosto-2025.webp 500w, https:\/\/plazadetoroslamalagueta.com\/wp-content\/uploads\/2025\/06\/Cartel-toros-malaga-agosto-2025-150x300.webp 150w, https:\/\/plazadetoroslamalagueta.com\/wp-content\/uploads\/2025\/06\/Cartel-toros-malaga-agosto-2025-300x600.webp 300w\" sizes=\"auto, (max-width: 500px) 100vw, 500px\" \/><\/div><\/div><\/div><\/div><\/div><\/div><\/section><section class=\"l-section wpb_row height_medium\"><div class=\"l-section-h i-cf\"><div class=\"g-cols vc_row via_grid cols_1 laptops-cols_inherit tablets-cols_inherit mobiles-cols_1 valign_top type_default stacking_default\"><div class=\"wpb_column vc_column_container\"><div class=\"vc_column-inner\"><div class=\"wpb_text_column\"><div class=\"wpb_wrapper\"><ul>\n<li>\n<h2>\ud83d\udc02 \u00c9LEVAGES DE TAUREAUX DE COMBAT POUR LA FOIRE DE MALAGA 2025<\/h2>\n<h3><strong>1) Criado Holgado<\/strong><\/h3>\n<p>Originaire de <strong>Salamanque<\/strong>, cet \u00e9levage jeune mais \u00e9mergent s&rsquo;est consolid\u00e9 dans d&rsquo;importantes foires gr\u00e2ce au caract\u00e8re f\u00e9roce et courageux de ses taureaux. Il se distingue par ses taureaux s\u00e9rieux, avec transmission, id\u00e9aux pour les toreros en \u00e9volution. <\/p>\n<h3><strong>2) Murteira Grave<\/strong><\/h3>\n<p>Originaire du <strong>Portugal<\/strong>, ce l\u00e9gendaire \u00e9levage de l&rsquo;Alentejo est l&rsquo;un des plus respect\u00e9s en dehors de l&rsquo;Espagne. Ses taureaux sont s\u00e9rieux, avec un caract\u00e8re fort et exigeant, et proviennent de la race <strong>Murube<\/strong>. Ils ont \u00e9t\u00e9 combattus avec succ\u00e8s dans des ar\u00e8nes telles que celles de Madrid et de Bilbao.  <\/p>\n<h3><strong>3) Torrealta<\/strong><\/h3>\n<p>Elevage andalou de <strong>Huelva<\/strong>, compos\u00e9 \u00e0 l&rsquo;origine de sang Domecq. Elle fournit g\u00e9n\u00e9ralement des taureaux nobles et de grande classe, id\u00e9aux pour la tauromachie artistique. Elle a r\u00e9cemment triomph\u00e9 dans des foires telles que celles de S\u00e9ville et de Valence.  <\/p>\n<h3><strong>4. Victoriano del R\u00edo \/ Toros de Cort\u00e9s<\/strong><\/h3>\n<p>L&rsquo;un des taureaux les plus importants de la tauromachie actuelle, bas\u00e9 \u00e0 <strong>Guadalix de la Sierra (Madrid)<\/strong>. C\u00e9l\u00e8bre pour son \u00e9levage de taureaux de qualit\u00e9, dot\u00e9s d&rsquo;une bravoure moderne. Des taureaux c\u00e9l\u00e8bres comme \u00ab\u00a0Dalia\u00a0\u00bb ou \u00ab\u00a0Cantap\u00e1jaros\u00a0\u00bb ont \u00e9t\u00e9 \u00e9lev\u00e9s ici.  <\/p>\n<h3><strong>5. El Puerto de San Lorenzo \/ La Ventana del Puerto<\/strong><\/h3>\n<p>\u00c9levage de bovins \u00e0 Salamanque avec la race <strong>Atanasio-Lisardo<\/strong>, connue pour son \u00e9quilibre entre force et noblesse. \u00ab\u00a0La Ventana est sa deuxi\u00e8me marque. Elle a jou\u00e9 un r\u00f4le de premier plan dans les ar\u00e8nes de Madrid, S\u00e9ville et Pampelune.  <\/p>\n<h3><strong>6. El Freixo<\/strong><\/h3>\n<p>Appartenant au matador <strong>Juli\u00e1n L\u00f3pez \u00ab\u00a0El Juli\u00a0\u00bb<\/strong>, elle est \u00e9lev\u00e9e \u00e0 <strong>Olivenza (Badajoz)<\/strong>. Il s&rsquo;agit d&rsquo;une race Domecq, avec des taureaux bas et bien faits, tr\u00e8s appr\u00e9ci\u00e9s des toreros. C&rsquo;est elle qui a \u00e9t\u00e9 choisie pour le mano a mano final de la feria.  <\/p>\n<h3><strong>7. Ben\u00edtez Cubero \/ Pallar\u00e9s<\/strong><\/h3>\n<p>Deux taureaux cl\u00e9s pour la tauromachie \u00e0 cheval, \u00e9lev\u00e9s \u00e0 <strong>Marchena (S\u00e9ville<\/strong>). Classiques pour le rejoneo, avec des taureaux qui galopent et chargent avec mod\u00e9ration. Ils apparaissent dans la \u00ab\u00a0corrida de rejones\u00a0\u00bb, une corrida traditionnelle de la foire de Malaga.  <\/p>\n<h3><strong>8. Antonio Rubio Macandro<\/strong><\/h3>\n<p>B\u00e9tail d&rsquo;origine Murube\u00f1o, li\u00e9 au circuit des <strong>novilladas<\/strong>, se distinguant par sa bonne pr\u00e9sentation et sa noblesse. Id\u00e9al pour les toreros en formation. Leurs taureaux ouvrent le cycle avec la novillada picada.  <\/p>\n<hr>\n<h2>\ud83e\uddd4 TOREROS EXCEPTIONNELS \u00c0 MALAGA 2025<\/h2>\n<h3>\ud83d\udd39 <strong>Sa\u00fal Jim\u00e9nez Fortes<\/strong> (M\u00e1laga, 1990)<\/h3>\n<p>Un torero local qui a v\u00e9cu une carri\u00e8re d&rsquo;ombres et de lumi\u00e8res marqu\u00e9e par de tr\u00e8s s\u00e9rieux encornements. Son style est s\u00e9rieux, vertical et profond. En 2024, il a \u00e9t\u00e9 <strong>vainqueur<\/strong> de la feria, ce qui lui a valu <strong>deux apr\u00e8s-midi<\/strong> cette ann\u00e9e, dont le <strong>mano a mano final.<\/strong> Il est consid\u00e9r\u00e9 comme un torero d&rsquo;authenticit\u00e9 et de maturit\u00e9 artistique.   <\/p>\n<h3>\ud83d\udd39 <strong>Morante de la Puebla<\/strong> (La Puebla del R\u00edo, S\u00e9ville, 1979)<\/h3>\n<p>Figure incontest\u00e9e de la tauromachie moderne, r\u00e9f\u00e9rence de la <strong>tauromachie classique, baroque et artistique<\/strong>. Il a f\u00eat\u00e9 ses 25 ans de tauromachie en 2022. \u00c0 Malaga, il fera \u00e9galement <strong>un doublet<\/strong> (18 et 20 ao\u00fbt), o\u00f9 il laisse habituellement des moments m\u00e9morables dans la <strong>corrida picassienne<\/strong>.  <\/p>\n<h3>\ud83d\udd39 <strong>Roca Rey<\/strong> (Lima, P\u00e9rou, 1996)<\/h3>\n<p>Torero de dimension internationale, il est depuis plusieurs ann\u00e9es le chef de file de la tauromachie. Son style combine le courage sec, la puissance et une grande connexion avec le public. Il sera pr\u00e9sent aux <strong>adieux de Cayetano<\/strong>. Malaga est l&rsquo;une de ses ar\u00e8nes les plus appr\u00e9ci\u00e9es en Espagne.   <\/p>\n<h3>\ud83d\udd39 <strong>Cayetano Rivera Ord\u00f3\u00f1ez<\/strong> (Madrid, 1977)<\/h3>\n<p>Petit-fils d&rsquo;Antonio Ord\u00f3\u00f1ez et fr\u00e8re de Francisco Rivera. Il fera ses adieux \u00e0 la tauromachie en 2025. Un torero \u00e9l\u00e9gant, dynastique et plein d&rsquo;\u00e9motion. La soir\u00e9e du 19 ao\u00fbt sera un <strong>adieu historique<\/strong>, accompagn\u00e9 par Roca Rey et David de Miranda.   <\/p>\n<h3>\ud83d\udd39 <strong>Alejandro Talavante<\/strong> (Badajoz, 1987)<\/h3>\n<p>Il a tr\u00e8s peu combattu en 2023-24, mais revient \u00e0 Malaga comme une figure taurine d&rsquo;inspiration, de profondeur et de temp\u00e9rament. Il combattra le 20 ao\u00fbt. On se souvient de ses performances \u00e0 Madrid et \u00e0 S\u00e9ville.  <\/p>\n<h3>\ud83d\udd39 <strong>Juan Ortega<\/strong> (S\u00e9ville, 1990)<\/h3>\n<p>L&rsquo;un des <strong>toreros les plus artistiques<\/strong> de la carri\u00e8re taurine. Son style est bas\u00e9 sur le classicisme, la tauromachie pure et la lenteur. Il participera \u00e0 la corrida du 20 ao\u00fbt.  <\/p>\n<h3>\ud83d\udd39 <strong>Emilio de Justo<\/strong> (C\u00e1ceres, 1983)<\/h3>\n<p>Torero complet, il gagne en prestige gr\u00e2ce \u00e0 ses solides performances dans des ar\u00e8nes exigeantes. Il sera le <strong>protagoniste du dernier mano a mano<\/strong> avec Fortes le 21 ao\u00fbt, une soir\u00e9e de tauromachie s\u00e9rieuse. <\/p>\n<h3>\ud83d\udd39 <strong>David Galv\u00e1n<\/strong> (La L\u00ednea, Cadix, 1991)<\/h3>\n<p>Vainqueur dans plusieurs ar\u00e8nes andalouses, il est en pleine maturit\u00e9 professionnelle. Il combattra le 15 ao\u00fbt. <\/p>\n<h3>\ud83d\udd39 <strong>Borja Jim\u00e9nez<\/strong> (Espartinas, S\u00e9ville, 1992)<\/h3>\n<p>L&rsquo;une des r\u00e9v\u00e9lations de 2024 pour sa performance historique lors de la feria d&rsquo;automne \u00e0 Madrid. Il appara\u00eet \u00e0 Malaga comme l&rsquo;un des toreros les plus attendus. <\/p>\n<h3>\ud83d\udd39 <strong>V\u00edctor Hern\u00e1ndez<\/strong> (Guadalajara, 1998)<\/h3>\n<p>Jeune matador ayant r\u00e9alis\u00e9 de bonnes performances dans des ar\u00e8nes de second rang. A Malaga, il cherchera \u00e0 consolider sa position. <\/p>\n<h3>\ud83d\udd39 <strong>Pablo P\u00e1ez<\/strong> (S\u00e9ville, 2003)<\/h3>\n<p>Il prendra l&rsquo;alternative \u00e0 la foire, lors de la corrida du 16 ao\u00fbt. Un jeune torero au style classique. <\/p>\n<h3>\ud83d\udd39 <strong>Sergio Gal\u00e1n \/ Diego Ventura \/ Ferrer Mart\u00edn<\/strong><\/h3>\n<p>Rejoneadores du plus haut niveau. Ventura est consid\u00e9r\u00e9 comme <strong>le num\u00e9ro un mondial<\/strong> du rejoneo. Ferrer Mart\u00edn est originaire de Malaga et ce sera sa grande soir\u00e9e locale.  <\/p>\n<hr>\n<p>La Feria de M\u00e1laga 2025 allie le poids des \u00e9levages \u00e9prouv\u00e9s \u00e0 la vari\u00e9t\u00e9 des encastes (Domecq, Murube, Atanasio, entre autres) et \u00e0 l&rsquo;attrait de voir des <strong>figures \u00e9tablies<\/strong> et des <strong>jeunes prometteurs<\/strong>. Morante, Fortes, Roca Rey, Talavante et Juan Ortega sont une garantie d&rsquo;art, tandis que des noms comme Borja Jim\u00e9nez et Emilio de Justo apportent concurrence et fra\u00eecheur. <\/p>\n<p>Une foire qui a de l&rsquo;\u00e2me, une identit\u00e9 propre \u00e0 Malaga et un engagement clair en faveur d&rsquo;un \u00e9quilibre entre tradition, \u00e9motion et spectacle.<\/li>\n<\/ul>\n<\/div><\/div><\/div><\/div><\/div><\/div><\/section>\n","protected":false},"excerpt":{"rendered":"Dates : Entre le 14 et le 21 ao\u00fbt, elle aura lieu dans les ar\u00e8nes de La Malagueta : &#8211; 6 corridas &#8211; 1 corrida \u00e0 cheval (17 ao\u00fbt) &#8211; 1 novillada (corrida de jeunes toreros) (14 ao\u00fbt) \ud83d\udd39 14 ao\u00fbt &#8211; Novillada avec picadors Elevage: Antonio Rubio-Macandro Toreros: Ignacio Candelas, Julio M\u00e9ndez, L\u00f3pez Ortega...","protected":false},"author":5,"featured_media":30014,"comment_status":"open","ping_status":"open","sticky":false,"template":"","format":"standard","meta":{"footnotes":""},"categories":[256],"tags":[],"class_list":["post-31373","post","type-post","status-publish","format-standard","has-post-thumbnail","hentry","category-evenements-taurins"],"yoast_head":"<!-- This site is optimized with the Yoast SEO plugin v27.5 - https:\/\/yoast.com\/product\/yoast-seo-wordpress\/ -->\n<title>Affiche de tauromachie pour la foire de Malaga 2025 - Plaza de Toros La Malagueta<\/title>\n<meta name=\"description\" content=\"D\u00e9couvrez les corridas, les toreros, les \u00e9v\u00e9nements taurins et les \u00e9levage de taureaux de Malaga 2025 : Achetez vos billets maintenant !\" \/>\n<meta name=\"robots\" content=\"index, follow, max-snippet:-1, max-image-preview:large, max-video-preview:-1\" \/>\n<link rel=\"canonical\" href=\"https:\/\/plazadetoroslamalagueta.com\/fr\/affiche-de-tauromachie-pour-la-foire-de-malaga-2025\/\" \/>\n<meta property=\"og:locale\" content=\"fr_FR\" \/>\n<meta property=\"og:type\" content=\"article\" \/>\n<meta property=\"og:title\" content=\"Affiche de tauromachie pour la foire de Malaga 2025 - Plaza de Toros La Malagueta\" \/>\n<meta property=\"og:description\" content=\"D\u00e9couvrez les corridas, les toreros, les \u00e9v\u00e9nements taurins et les \u00e9levage de taureaux de Malaga 2025 : Achetez vos billets maintenant !\" \/>\n<meta property=\"og:url\" content=\"https:\/\/plazadetoroslamalagueta.com\/fr\/affiche-de-tauromachie-pour-la-foire-de-malaga-2025\/\" \/>\n<meta property=\"og:site_name\" content=\"Plaza de Toros La Malagueta\" \/>\n<meta property=\"article:published_time\" content=\"2025-07-03T08:03:31+00:00\" \/>\n<meta property=\"article:modified_time\" content=\"2025-07-03T08:20:44+00:00\" \/>\n<meta property=\"og:image\" content=\"https:\/\/plazadetoroslamalagueta.com\/wp-content\/uploads\/2025\/06\/corrida-toros-2025.webp\" \/>\n\t<meta property=\"og:image:width\" content=\"480\" \/>\n\t<meta property=\"og:image:height\" content=\"600\" \/>\n\t<meta property=\"og:image:type\" content=\"image\/webp\" \/>\n<meta name=\"author\" content=\"FABIENNE MERIC\" \/>\n<meta name=\"twitter:card\" content=\"summary_large_image\" \/>\n<meta name=\"twitter:label1\" content=\"\u00c9crit par\" \/>\n\t<meta name=\"twitter:data1\" content=\"FABIENNE MERIC\" \/>\n\t<meta name=\"twitter:label2\" content=\"Dur\u00e9e de lecture estim\u00e9e\" \/>\n\t<meta name=\"twitter:data2\" content=\"7 minutes\" \/>\n<script type=\"application\/ld+json\" class=\"yoast-schema-graph\">{\"@context\":\"https:\\\/\\\/schema.org\",\"@graph\":[{\"@type\":\"Article\",\"@id\":\"https:\\\/\\\/plazadetoroslamalagueta.com\\\/fr\\\/affiche-de-tauromachie-pour-la-foire-de-malaga-2025\\\/#article\",\"isPartOf\":{\"@id\":\"https:\\\/\\\/plazadetoroslamalagueta.com\\\/fr\\\/affiche-de-tauromachie-pour-la-foire-de-malaga-2025\\\/\"},\"author\":{\"name\":\"FABIENNE MERIC\",\"@id\":\"https:\\\/\\\/plazadetoroslamalagueta.com\\\/fr\\\/#\\\/schema\\\/person\\\/12a2a38ea126782b7d042cd27f306172\"},\"headline\":\"Affiche de tauromachie pour la foire de Malaga 2025\",\"datePublished\":\"2025-07-03T08:03:31+00:00\",\"dateModified\":\"2025-07-03T08:20:44+00:00\",\"mainEntityOfPage\":{\"@id\":\"https:\\\/\\\/plazadetoroslamalagueta.com\\\/fr\\\/affiche-de-tauromachie-pour-la-foire-de-malaga-2025\\\/\"},\"wordCount\":1372,\"commentCount\":0,\"publisher\":{\"@id\":\"https:\\\/\\\/plazadetoroslamalagueta.com\\\/fr\\\/#organization\"},\"image\":{\"@id\":\"https:\\\/\\\/plazadetoroslamalagueta.com\\\/fr\\\/affiche-de-tauromachie-pour-la-foire-de-malaga-2025\\\/#primaryimage\"},\"thumbnailUrl\":\"https:\\\/\\\/plazadetoroslamalagueta.com\\\/wp-content\\\/uploads\\\/2025\\\/06\\\/corrida-toros-2025.webp\",\"articleSection\":[\"\u00c9v\u00e9nements taurins\"],\"inLanguage\":\"fr-FR\",\"potentialAction\":[{\"@type\":\"CommentAction\",\"name\":\"Comment\",\"target\":[\"https:\\\/\\\/plazadetoroslamalagueta.com\\\/fr\\\/affiche-de-tauromachie-pour-la-foire-de-malaga-2025\\\/#respond\"]}]},{\"@type\":\"WebPage\",\"@id\":\"https:\\\/\\\/plazadetoroslamalagueta.com\\\/fr\\\/affiche-de-tauromachie-pour-la-foire-de-malaga-2025\\\/\",\"url\":\"https:\\\/\\\/plazadetoroslamalagueta.com\\\/fr\\\/affiche-de-tauromachie-pour-la-foire-de-malaga-2025\\\/\",\"name\":\"Affiche de tauromachie pour la foire de Malaga 2025 - Plaza de Toros La Malagueta\",\"isPartOf\":{\"@id\":\"https:\\\/\\\/plazadetoroslamalagueta.com\\\/fr\\\/#website\"},\"primaryImageOfPage\":{\"@id\":\"https:\\\/\\\/plazadetoroslamalagueta.com\\\/fr\\\/affiche-de-tauromachie-pour-la-foire-de-malaga-2025\\\/#primaryimage\"},\"image\":{\"@id\":\"https:\\\/\\\/plazadetoroslamalagueta.com\\\/fr\\\/affiche-de-tauromachie-pour-la-foire-de-malaga-2025\\\/#primaryimage\"},\"thumbnailUrl\":\"https:\\\/\\\/plazadetoroslamalagueta.com\\\/wp-content\\\/uploads\\\/2025\\\/06\\\/corrida-toros-2025.webp\",\"datePublished\":\"2025-07-03T08:03:31+00:00\",\"dateModified\":\"2025-07-03T08:20:44+00:00\",\"description\":\"D\u00e9couvrez les corridas, les toreros, les \u00e9v\u00e9nements taurins et les \u00e9levage de taureaux de Malaga 2025 : Achetez vos billets maintenant !\",\"breadcrumb\":{\"@id\":\"https:\\\/\\\/plazadetoroslamalagueta.com\\\/fr\\\/affiche-de-tauromachie-pour-la-foire-de-malaga-2025\\\/#breadcrumb\"},\"inLanguage\":\"fr-FR\",\"potentialAction\":[{\"@type\":\"ReadAction\",\"target\":[\"https:\\\/\\\/plazadetoroslamalagueta.com\\\/fr\\\/affiche-de-tauromachie-pour-la-foire-de-malaga-2025\\\/\"]}]},{\"@type\":\"ImageObject\",\"inLanguage\":\"fr-FR\",\"@id\":\"https:\\\/\\\/plazadetoroslamalagueta.com\\\/fr\\\/affiche-de-tauromachie-pour-la-foire-de-malaga-2025\\\/#primaryimage\",\"url\":\"https:\\\/\\\/plazadetoroslamalagueta.com\\\/wp-content\\\/uploads\\\/2025\\\/06\\\/corrida-toros-2025.webp\",\"contentUrl\":\"https:\\\/\\\/plazadetoroslamalagueta.com\\\/wp-content\\\/uploads\\\/2025\\\/06\\\/corrida-toros-2025.webp\",\"width\":480,\"height\":600},{\"@type\":\"BreadcrumbList\",\"@id\":\"https:\\\/\\\/plazadetoroslamalagueta.com\\\/fr\\\/affiche-de-tauromachie-pour-la-foire-de-malaga-2025\\\/#breadcrumb\",\"itemListElement\":[{\"@type\":\"ListItem\",\"position\":1,\"name\":\"Inicio\",\"item\":\"https:\\\/\\\/plazadetoroslamalagueta.com\\\/fr\\\/\"},{\"@type\":\"ListItem\",\"position\":2,\"name\":\"Affiche de tauromachie pour la foire de Malaga 2025\"}]},{\"@type\":\"WebSite\",\"@id\":\"https:\\\/\\\/plazadetoroslamalagueta.com\\\/fr\\\/#website\",\"url\":\"https:\\\/\\\/plazadetoroslamalagueta.com\\\/fr\\\/\",\"name\":\"Plaza de Toros de la Malagueta\",\"description\":\"La Plaza de Toros de M\u00e1laga, de nombre La Malagueta, es un edificio reconocido Bien de Inter\u00e9s Cultural, que ofrece visitas tur\u00edsticas y corridas de toros y otros tipos de espect\u00e1culo durante todo el a\u00f1o.\",\"publisher\":{\"@id\":\"https:\\\/\\\/plazadetoroslamalagueta.com\\\/fr\\\/#organization\"},\"alternateName\":\"Plaza de Toros M\u00e1laga\",\"potentialAction\":[{\"@type\":\"SearchAction\",\"target\":{\"@type\":\"EntryPoint\",\"urlTemplate\":\"https:\\\/\\\/plazadetoroslamalagueta.com\\\/fr\\\/?s={search_term_string}\"},\"query-input\":{\"@type\":\"PropertyValueSpecification\",\"valueRequired\":true,\"valueName\":\"search_term_string\"}}],\"inLanguage\":\"fr-FR\"},{\"@type\":\"Organization\",\"@id\":\"https:\\\/\\\/plazadetoroslamalagueta.com\\\/fr\\\/#organization\",\"name\":\"Plaza de Toros la Malagueta\",\"url\":\"https:\\\/\\\/plazadetoroslamalagueta.com\\\/fr\\\/\",\"logo\":{\"@type\":\"ImageObject\",\"inLanguage\":\"fr-FR\",\"@id\":\"https:\\\/\\\/plazadetoroslamalagueta.com\\\/fr\\\/#\\\/schema\\\/logo\\\/image\\\/\",\"url\":\"https:\\\/\\\/plazadetoroslamalagueta.com\\\/wp-content\\\/uploads\\\/2024\\\/02\\\/Logo-plaza-toros.webp\",\"contentUrl\":\"https:\\\/\\\/plazadetoroslamalagueta.com\\\/wp-content\\\/uploads\\\/2024\\\/02\\\/Logo-plaza-toros.webp\",\"width\":100,\"height\":100,\"caption\":\"Plaza de Toros la Malagueta\"},\"image\":{\"@id\":\"https:\\\/\\\/plazadetoroslamalagueta.com\\\/fr\\\/#\\\/schema\\\/logo\\\/image\\\/\"}},{\"@type\":\"Person\",\"@id\":\"https:\\\/\\\/plazadetoroslamalagueta.com\\\/fr\\\/#\\\/schema\\\/person\\\/12a2a38ea126782b7d042cd27f306172\",\"name\":\"FABIENNE MERIC\",\"image\":{\"@type\":\"ImageObject\",\"inLanguage\":\"fr-FR\",\"@id\":\"https:\\\/\\\/secure.gravatar.com\\\/avatar\\\/33043d735d9e796699c090524606b3e310ddadd56204a0d1511b992e9e864944?s=96&d=mm&r=g\",\"url\":\"https:\\\/\\\/secure.gravatar.com\\\/avatar\\\/33043d735d9e796699c090524606b3e310ddadd56204a0d1511b992e9e864944?s=96&d=mm&r=g\",\"contentUrl\":\"https:\\\/\\\/secure.gravatar.com\\\/avatar\\\/33043d735d9e796699c090524606b3e310ddadd56204a0d1511b992e9e864944?s=96&d=mm&r=g\",\"caption\":\"FABIENNE MERIC\"},\"url\":\"https:\\\/\\\/plazadetoroslamalagueta.com\\\/fr\\\/author\\\/fabienne\\\/\"}]}<\/script>\n<!-- \/ Yoast SEO plugin. -->","yoast_head_json":{"title":"Affiche de tauromachie pour la foire de Malaga 2025 - Plaza de Toros La Malagueta","description":"D\u00e9couvrez les corridas, les toreros, les \u00e9v\u00e9nements taurins et les \u00e9levage de taureaux de Malaga 2025 : Achetez vos billets maintenant !","robots":{"index":"index","follow":"follow","max-snippet":"max-snippet:-1","max-image-preview":"max-image-preview:large","max-video-preview":"max-video-preview:-1"},"canonical":"https:\/\/plazadetoroslamalagueta.com\/fr\/affiche-de-tauromachie-pour-la-foire-de-malaga-2025\/","og_locale":"fr_FR","og_type":"article","og_title":"Affiche de tauromachie pour la foire de Malaga 2025 - Plaza de Toros La Malagueta","og_description":"D\u00e9couvrez les corridas, les toreros, les \u00e9v\u00e9nements taurins et les \u00e9levage de taureaux de Malaga 2025 : Achetez vos billets maintenant !","og_url":"https:\/\/plazadetoroslamalagueta.com\/fr\/affiche-de-tauromachie-pour-la-foire-de-malaga-2025\/","og_site_name":"Plaza de Toros La Malagueta","article_published_time":"2025-07-03T08:03:31+00:00","article_modified_time":"2025-07-03T08:20:44+00:00","og_image":[{"width":480,"height":600,"url":"https:\/\/plazadetoroslamalagueta.com\/wp-content\/uploads\/2025\/06\/corrida-toros-2025.webp","type":"image\/webp"}],"author":"FABIENNE MERIC","twitter_card":"summary_large_image","twitter_misc":{"\u00c9crit par":"FABIENNE MERIC","Dur\u00e9e de lecture estim\u00e9e":"7 minutes"},"schema":{"@context":"https:\/\/schema.org","@graph":[{"@type":"Article","@id":"https:\/\/plazadetoroslamalagueta.com\/fr\/affiche-de-tauromachie-pour-la-foire-de-malaga-2025\/#article","isPartOf":{"@id":"https:\/\/plazadetoroslamalagueta.com\/fr\/affiche-de-tauromachie-pour-la-foire-de-malaga-2025\/"},"author":{"name":"FABIENNE MERIC","@id":"https:\/\/plazadetoroslamalagueta.com\/fr\/#\/schema\/person\/12a2a38ea126782b7d042cd27f306172"},"headline":"Affiche de tauromachie pour la foire de Malaga 2025","datePublished":"2025-07-03T08:03:31+00:00","dateModified":"2025-07-03T08:20:44+00:00","mainEntityOfPage":{"@id":"https:\/\/plazadetoroslamalagueta.com\/fr\/affiche-de-tauromachie-pour-la-foire-de-malaga-2025\/"},"wordCount":1372,"commentCount":0,"publisher":{"@id":"https:\/\/plazadetoroslamalagueta.com\/fr\/#organization"},"image":{"@id":"https:\/\/plazadetoroslamalagueta.com\/fr\/affiche-de-tauromachie-pour-la-foire-de-malaga-2025\/#primaryimage"},"thumbnailUrl":"https:\/\/plazadetoroslamalagueta.com\/wp-content\/uploads\/2025\/06\/corrida-toros-2025.webp","articleSection":["\u00c9v\u00e9nements taurins"],"inLanguage":"fr-FR","potentialAction":[{"@type":"CommentAction","name":"Comment","target":["https:\/\/plazadetoroslamalagueta.com\/fr\/affiche-de-tauromachie-pour-la-foire-de-malaga-2025\/#respond"]}]},{"@type":"WebPage","@id":"https:\/\/plazadetoroslamalagueta.com\/fr\/affiche-de-tauromachie-pour-la-foire-de-malaga-2025\/","url":"https:\/\/plazadetoroslamalagueta.com\/fr\/affiche-de-tauromachie-pour-la-foire-de-malaga-2025\/","name":"Affiche de tauromachie pour la foire de Malaga 2025 - Plaza de Toros La Malagueta","isPartOf":{"@id":"https:\/\/plazadetoroslamalagueta.com\/fr\/#website"},"primaryImageOfPage":{"@id":"https:\/\/plazadetoroslamalagueta.com\/fr\/affiche-de-tauromachie-pour-la-foire-de-malaga-2025\/#primaryimage"},"image":{"@id":"https:\/\/plazadetoroslamalagueta.com\/fr\/affiche-de-tauromachie-pour-la-foire-de-malaga-2025\/#primaryimage"},"thumbnailUrl":"https:\/\/plazadetoroslamalagueta.com\/wp-content\/uploads\/2025\/06\/corrida-toros-2025.webp","datePublished":"2025-07-03T08:03:31+00:00","dateModified":"2025-07-03T08:20:44+00:00","description":"D\u00e9couvrez les corridas, les toreros, les \u00e9v\u00e9nements taurins et les \u00e9levage de taureaux de Malaga 2025 : Achetez vos billets maintenant !","breadcrumb":{"@id":"https:\/\/plazadetoroslamalagueta.com\/fr\/affiche-de-tauromachie-pour-la-foire-de-malaga-2025\/#breadcrumb"},"inLanguage":"fr-FR","potentialAction":[{"@type":"ReadAction","target":["https:\/\/plazadetoroslamalagueta.com\/fr\/affiche-de-tauromachie-pour-la-foire-de-malaga-2025\/"]}]},{"@type":"ImageObject","inLanguage":"fr-FR","@id":"https:\/\/plazadetoroslamalagueta.com\/fr\/affiche-de-tauromachie-pour-la-foire-de-malaga-2025\/#primaryimage","url":"https:\/\/plazadetoroslamalagueta.com\/wp-content\/uploads\/2025\/06\/corrida-toros-2025.webp","contentUrl":"https:\/\/plazadetoroslamalagueta.com\/wp-content\/uploads\/2025\/06\/corrida-toros-2025.webp","width":480,"height":600},{"@type":"BreadcrumbList","@id":"https:\/\/plazadetoroslamalagueta.com\/fr\/affiche-de-tauromachie-pour-la-foire-de-malaga-2025\/#breadcrumb","itemListElement":[{"@type":"ListItem","position":1,"name":"Inicio","item":"https:\/\/plazadetoroslamalagueta.com\/fr\/"},{"@type":"ListItem","position":2,"name":"Affiche de tauromachie pour la foire de Malaga 2025"}]},{"@type":"WebSite","@id":"https:\/\/plazadetoroslamalagueta.com\/fr\/#website","url":"https:\/\/plazadetoroslamalagueta.com\/fr\/","name":"Plaza de Toros de la Malagueta","description":"La Plaza de Toros de M\u00e1laga, de nombre La Malagueta, es un edificio reconocido Bien de Inter\u00e9s Cultural, que ofrece visitas tur\u00edsticas y corridas de toros y otros tipos de espect\u00e1culo durante todo el a\u00f1o.","publisher":{"@id":"https:\/\/plazadetoroslamalagueta.com\/fr\/#organization"},"alternateName":"Plaza de Toros M\u00e1laga","potentialAction":[{"@type":"SearchAction","target":{"@type":"EntryPoint","urlTemplate":"https:\/\/plazadetoroslamalagueta.com\/fr\/?s={search_term_string}"},"query-input":{"@type":"PropertyValueSpecification","valueRequired":true,"valueName":"search_term_string"}}],"inLanguage":"fr-FR"},{"@type":"Organization","@id":"https:\/\/plazadetoroslamalagueta.com\/fr\/#organization","name":"Plaza de Toros la Malagueta","url":"https:\/\/plazadetoroslamalagueta.com\/fr\/","logo":{"@type":"ImageObject","inLanguage":"fr-FR","@id":"https:\/\/plazadetoroslamalagueta.com\/fr\/#\/schema\/logo\/image\/","url":"https:\/\/plazadetoroslamalagueta.com\/wp-content\/uploads\/2024\/02\/Logo-plaza-toros.webp","contentUrl":"https:\/\/plazadetoroslamalagueta.com\/wp-content\/uploads\/2024\/02\/Logo-plaza-toros.webp","width":100,"height":100,"caption":"Plaza de Toros la Malagueta"},"image":{"@id":"https:\/\/plazadetoroslamalagueta.com\/fr\/#\/schema\/logo\/image\/"}},{"@type":"Person","@id":"https:\/\/plazadetoroslamalagueta.com\/fr\/#\/schema\/person\/12a2a38ea126782b7d042cd27f306172","name":"FABIENNE MERIC","image":{"@type":"ImageObject","inLanguage":"fr-FR","@id":"https:\/\/secure.gravatar.com\/avatar\/33043d735d9e796699c090524606b3e310ddadd56204a0d1511b992e9e864944?s=96&d=mm&r=g","url":"https:\/\/secure.gravatar.com\/avatar\/33043d735d9e796699c090524606b3e310ddadd56204a0d1511b992e9e864944?s=96&d=mm&r=g","contentUrl":"https:\/\/secure.gravatar.com\/avatar\/33043d735d9e796699c090524606b3e310ddadd56204a0d1511b992e9e864944?s=96&d=mm&r=g","caption":"FABIENNE MERIC"},"url":"https:\/\/plazadetoroslamalagueta.com\/fr\/author\/fabienne\/"}]}},"_links":{"self":[{"href":"https:\/\/plazadetoroslamalagueta.com\/fr\/wp-json\/wp\/v2\/posts\/31373","targetHints":{"allow":["GET"]}}],"collection":[{"href":"https:\/\/plazadetoroslamalagueta.com\/fr\/wp-json\/wp\/v2\/posts"}],"about":[{"href":"https:\/\/plazadetoroslamalagueta.com\/fr\/wp-json\/wp\/v2\/types\/post"}],"author":[{"embeddable":true,"href":"https:\/\/plazadetoroslamalagueta.com\/fr\/wp-json\/wp\/v2\/users\/5"}],"replies":[{"embeddable":true,"href":"https:\/\/plazadetoroslamalagueta.com\/fr\/wp-json\/wp\/v2\/comments?post=31373"}],"version-history":[{"count":22,"href":"https:\/\/plazadetoroslamalagueta.com\/fr\/wp-json\/wp\/v2\/posts\/31373\/revisions"}],"predecessor-version":[{"id":31473,"href":"https:\/\/plazadetoroslamalagueta.com\/fr\/wp-json\/wp\/v2\/posts\/31373\/revisions\/31473"}],"wp:featuredmedia":[{"embeddable":true,"href":"https:\/\/plazadetoroslamalagueta.com\/fr\/wp-json\/wp\/v2\/media\/30014"}],"wp:attachment":[{"href":"https:\/\/plazadetoroslamalagueta.com\/fr\/wp-json\/wp\/v2\/media?parent=31373"}],"wp:term":[{"taxonomy":"category","embeddable":true,"href":"https:\/\/plazadetoroslamalagueta.com\/fr\/wp-json\/wp\/v2\/categories?post=31373"},{"taxonomy":"post_tag","embeddable":true,"href":"https:\/\/plazadetoroslamalagueta.com\/fr\/wp-json\/wp\/v2\/tags?post=31373"}],"curies":[{"name":"wp","href":"https:\/\/api.w.org\/{rel}","templated":true}]}}