{"id":22493,"date":"2018-03-06T14:18:00","date_gmt":"2018-03-06T13:18:00","guid":{"rendered":"https:\/\/plazadetoroslamalagueta.com\/journee-culturelle-et-taurine-autour-de-picasso\/"},"modified":"2025-01-15T13:09:53","modified_gmt":"2025-01-15T12:09:53","slug":"journee-culturelle-et-taurine-autour-de-picasso","status":"publish","type":"post","link":"https:\/\/plazadetoroslamalagueta.com\/fr\/journee-culturelle-et-taurine-autour-de-picasso\/","title":{"rendered":"Journ\u00e9e culturelle et taurine autour de Picasso"},"content":{"rendered":"&#13;\n<h1>Jornada Cultural y de Toreo de sal\u00f3n alrededor de Picasso<\/h1>&#13;\n<p>L&rsquo;entreprise Lances de Futuro organise pour le samedi 11 mars une activit\u00e9 culturelle pour les enfants et les familles \u00e0 La Malagueta autour de la figure de Picasso et de la tauromachie \u00e0 l&rsquo;occasion du 50e anniversaire de sa mort et de la Corrida Picassiana. L&rsquo;activit\u00e9 aura lieu le 11 mars \u00e0 12h00 dans les ar\u00e8nes avec entr\u00e9e gratuite en collaboration avec la Diputaci\u00f3n de M\u00e1laga. <br \/>Cette activit\u00e9 comprendra un atelier de tauromachie anim\u00e9 par des professionnels et un concours de peinture au cours duquel les enfants recr\u00e9eront le \u00ab\u00a0taureau de Picasso\u00a0\u00bb \u00e0 leur mani\u00e8re.<br \/>En outre, les enfants pourront assister \u00e0 une exposition de chevaux de rejoneo par un rejoneador.<br \/>\u00ab\u00a0Une journ\u00e9e ouverte \u00e0 la cr\u00e9ativit\u00e9, o\u00f9 les enfants seront les protagonistes et pourront s&rsquo;essayer aux capes, aux b\u00e9quilles et au pinceau\u00a0\u00bb, ajoute M. Garz\u00f3n.<\/p>\n<p>&nbsp;<\/p>\n<h3>Concours de peinture pour les enfants<\/h3>\n<p>Pour ce faire, l&rsquo;entreprise dirig\u00e9e par Jos\u00e9 Mar\u00eda Garz\u00f3n installera dans les ar\u00e8nes de la Malagueta une s\u00e9rie de chevalets, de cartons et de peinture blanche pour que chaque spectateur puisse dessiner un taureau sur son propre carton.<br \/>\u00ab\u00a0Les meilleurs dessins seront expos\u00e9s lors de la Corrida Picassiana du 8 avril et les prix comprendront des places pour la corrida Picassiana elle-m\u00eame et des cadeaux pour les abonnements. <\/p>\n<p>&nbsp;<\/p>\n<h3>Atelier Toreo de Sal\u00f3n avec Eduardo Davila Miura<\/h3>\n<p>En plus de cette activit\u00e9, un atelier taurin sera organis\u00e9 en collaboration avec le Club de Aficionados Pr\u00e1cticos. Les amateurs et le grand public de tous \u00e2ges pourront profiter de cet atelier taurin gratuit. L&rsquo;atelier sera anim\u00e9 par une \u00e9quipe de professionnels dirig\u00e9e par le torero Eduardo D\u00e1vila Miura. <\/p>\n<p>L&rsquo;impresario de Lances de Futuro, Jos\u00e9 Mar\u00eda Garz\u00f3n, encourage tous les fans, les enfants et les familles \u00e0 venir \u00e0 cette activit\u00e9 qui fait partie du programme culturel de Lances de Futuro \u00e0 M\u00e1laga.  <\/p>\n<blockquote>\n<p>\u00ab\u00a0Nous allons vivre une belle journ\u00e9e et les participants vont vivre une exp\u00e9rience unique\u00a0\u00bb.<\/p>\n<\/blockquote>\n","protected":false},"excerpt":{"rendered":"<p>&#13; Jornada Cultural y de Toreo de sal\u00f3n alrededor de Picasso &#13; L&rsquo;entreprise Lances de Futuro organise pour le samedi 11 mars une activit\u00e9 culturelle pour les enfants et les familles \u00e0 La Malagueta autour de la figure de Picasso et de la tauromachie \u00e0 l&rsquo;occasion du 50e anniversaire de sa mort et de la&#8230;<\/p>\n","protected":false},"author":5,"featured_media":1497,"comment_status":"closed","ping_status":"open","sticky":false,"template":"","format":"standard","meta":{"footnotes":""},"categories":[],"tags":[],"class_list":["post-22493","post","type-post","status-publish","format-standard","has-post-thumbnail","hentry"],"yoast_head":"<!-- This site is optimized with the Yoast SEO plugin v27.5 - https:\/\/yoast.com\/product\/yoast-seo-wordpress\/ -->\n<title>Journ\u00e9e culturelle et taurine autour de Picasso - Plaza de Toros La Malagueta<\/title>\n<meta name=\"robots\" content=\"index, follow, max-snippet:-1, max-image-preview:large, max-video-preview:-1\" \/>\n<link rel=\"canonical\" href=\"https:\/\/plazadetoroslamalagueta.com\/fr\/journee-culturelle-et-taurine-autour-de-picasso\/\" \/>\n<meta property=\"og:locale\" content=\"fr_FR\" \/>\n<meta property=\"og:type\" content=\"article\" \/>\n<meta property=\"og:title\" content=\"Journ\u00e9e culturelle et taurine autour de Picasso - Plaza de Toros La Malagueta\" \/>\n<meta property=\"og:description\" content=\"&#013; Jornada Cultural y de Toreo de sal\u00f3n alrededor de Picasso &#013; L&rsquo;entreprise Lances de Futuro organise pour le samedi 11 mars une activit\u00e9 culturelle pour les enfants et les familles \u00e0 La Malagueta autour de la figure de Picasso et de la tauromachie \u00e0 l&rsquo;occasion du 50e anniversaire de sa mort et de la...\" \/>\n<meta property=\"og:url\" content=\"https:\/\/plazadetoroslamalagueta.com\/fr\/journee-culturelle-et-taurine-autour-de-picasso\/\" \/>\n<meta property=\"og:site_name\" content=\"Plaza de Toros La Malagueta\" \/>\n<meta property=\"article:published_time\" content=\"2018-03-06T13:18:00+00:00\" \/>\n<meta property=\"article:modified_time\" content=\"2025-01-15T12:09:53+00:00\" \/>\n<meta property=\"og:image\" content=\"https:\/\/plazadetoroslamalagueta.com\/wp-content\/uploads\/2018\/07\/lances-futuro-recuerda-picasso-malagueta-mas-pequenos_98.webp\" \/>\n\t<meta property=\"og:image:width\" content=\"1900\" \/>\n\t<meta property=\"og:image:height\" content=\"1069\" \/>\n\t<meta property=\"og:image:type\" content=\"image\/webp\" \/>\n<meta name=\"author\" content=\"FABIENNE MERIC\" \/>\n<meta name=\"twitter:card\" content=\"summary_large_image\" \/>\n<meta name=\"twitter:label1\" content=\"\u00c9crit par\" \/>\n\t<meta name=\"twitter:data1\" content=\"FABIENNE MERIC\" \/>\n\t<meta name=\"twitter:label2\" content=\"Dur\u00e9e de lecture estim\u00e9e\" \/>\n\t<meta name=\"twitter:data2\" content=\"2 minutes\" \/>\n<script type=\"application\/ld+json\" class=\"yoast-schema-graph\">{\"@context\":\"https:\\\/\\\/schema.org\",\"@graph\":[{\"@type\":\"Article\",\"@id\":\"https:\\\/\\\/plazadetoroslamalagueta.com\\\/fr\\\/journee-culturelle-et-taurine-autour-de-picasso\\\/#article\",\"isPartOf\":{\"@id\":\"https:\\\/\\\/plazadetoroslamalagueta.com\\\/fr\\\/journee-culturelle-et-taurine-autour-de-picasso\\\/\"},\"author\":{\"name\":\"FABIENNE MERIC\",\"@id\":\"https:\\\/\\\/plazadetoroslamalagueta.com\\\/fr\\\/#\\\/schema\\\/person\\\/12a2a38ea126782b7d042cd27f306172\"},\"headline\":\"Journ\u00e9e culturelle et taurine autour de Picasso\",\"datePublished\":\"2018-03-06T13:18:00+00:00\",\"dateModified\":\"2025-01-15T12:09:53+00:00\",\"mainEntityOfPage\":{\"@id\":\"https:\\\/\\\/plazadetoroslamalagueta.com\\\/fr\\\/journee-culturelle-et-taurine-autour-de-picasso\\\/\"},\"wordCount\":357,\"publisher\":{\"@id\":\"https:\\\/\\\/plazadetoroslamalagueta.com\\\/fr\\\/#organization\"},\"image\":{\"@id\":\"https:\\\/\\\/plazadetoroslamalagueta.com\\\/fr\\\/journee-culturelle-et-taurine-autour-de-picasso\\\/#primaryimage\"},\"thumbnailUrl\":\"https:\\\/\\\/plazadetoroslamalagueta.com\\\/wp-content\\\/uploads\\\/2018\\\/07\\\/lances-futuro-recuerda-picasso-malagueta-mas-pequenos_98.webp\",\"inLanguage\":\"fr-FR\"},{\"@type\":\"WebPage\",\"@id\":\"https:\\\/\\\/plazadetoroslamalagueta.com\\\/fr\\\/journee-culturelle-et-taurine-autour-de-picasso\\\/\",\"url\":\"https:\\\/\\\/plazadetoroslamalagueta.com\\\/fr\\\/journee-culturelle-et-taurine-autour-de-picasso\\\/\",\"name\":\"Journ\u00e9e culturelle et taurine autour de Picasso - Plaza de Toros La Malagueta\",\"isPartOf\":{\"@id\":\"https:\\\/\\\/plazadetoroslamalagueta.com\\\/fr\\\/#website\"},\"primaryImageOfPage\":{\"@id\":\"https:\\\/\\\/plazadetoroslamalagueta.com\\\/fr\\\/journee-culturelle-et-taurine-autour-de-picasso\\\/#primaryimage\"},\"image\":{\"@id\":\"https:\\\/\\\/plazadetoroslamalagueta.com\\\/fr\\\/journee-culturelle-et-taurine-autour-de-picasso\\\/#primaryimage\"},\"thumbnailUrl\":\"https:\\\/\\\/plazadetoroslamalagueta.com\\\/wp-content\\\/uploads\\\/2018\\\/07\\\/lances-futuro-recuerda-picasso-malagueta-mas-pequenos_98.webp\",\"datePublished\":\"2018-03-06T13:18:00+00:00\",\"dateModified\":\"2025-01-15T12:09:53+00:00\",\"breadcrumb\":{\"@id\":\"https:\\\/\\\/plazadetoroslamalagueta.com\\\/fr\\\/journee-culturelle-et-taurine-autour-de-picasso\\\/#breadcrumb\"},\"inLanguage\":\"fr-FR\",\"potentialAction\":[{\"@type\":\"ReadAction\",\"target\":[\"https:\\\/\\\/plazadetoroslamalagueta.com\\\/fr\\\/journee-culturelle-et-taurine-autour-de-picasso\\\/\"]}]},{\"@type\":\"ImageObject\",\"inLanguage\":\"fr-FR\",\"@id\":\"https:\\\/\\\/plazadetoroslamalagueta.com\\\/fr\\\/journee-culturelle-et-taurine-autour-de-picasso\\\/#primaryimage\",\"url\":\"https:\\\/\\\/plazadetoroslamalagueta.com\\\/wp-content\\\/uploads\\\/2018\\\/07\\\/lances-futuro-recuerda-picasso-malagueta-mas-pequenos_98.webp\",\"contentUrl\":\"https:\\\/\\\/plazadetoroslamalagueta.com\\\/wp-content\\\/uploads\\\/2018\\\/07\\\/lances-futuro-recuerda-picasso-malagueta-mas-pequenos_98.webp\",\"width\":1900,\"height\":1069},{\"@type\":\"BreadcrumbList\",\"@id\":\"https:\\\/\\\/plazadetoroslamalagueta.com\\\/fr\\\/journee-culturelle-et-taurine-autour-de-picasso\\\/#breadcrumb\",\"itemListElement\":[{\"@type\":\"ListItem\",\"position\":1,\"name\":\"Inicio\",\"item\":\"https:\\\/\\\/plazadetoroslamalagueta.com\\\/fr\\\/\"},{\"@type\":\"ListItem\",\"position\":2,\"name\":\"Journ\u00e9e culturelle et taurine autour de Picasso\"}]},{\"@type\":\"WebSite\",\"@id\":\"https:\\\/\\\/plazadetoroslamalagueta.com\\\/fr\\\/#website\",\"url\":\"https:\\\/\\\/plazadetoroslamalagueta.com\\\/fr\\\/\",\"name\":\"Plaza de Toros de la Malagueta\",\"description\":\"La Plaza de Toros de M\u00e1laga, de nombre La Malagueta, es un edificio reconocido Bien de Inter\u00e9s Cultural, que ofrece visitas tur\u00edsticas y corridas de toros y otros tipos de espect\u00e1culo durante todo el a\u00f1o.\",\"publisher\":{\"@id\":\"https:\\\/\\\/plazadetoroslamalagueta.com\\\/fr\\\/#organization\"},\"alternateName\":\"Plaza de Toros M\u00e1laga\",\"potentialAction\":[{\"@type\":\"SearchAction\",\"target\":{\"@type\":\"EntryPoint\",\"urlTemplate\":\"https:\\\/\\\/plazadetoroslamalagueta.com\\\/fr\\\/?s={search_term_string}\"},\"query-input\":{\"@type\":\"PropertyValueSpecification\",\"valueRequired\":true,\"valueName\":\"search_term_string\"}}],\"inLanguage\":\"fr-FR\"},{\"@type\":\"Organization\",\"@id\":\"https:\\\/\\\/plazadetoroslamalagueta.com\\\/fr\\\/#organization\",\"name\":\"Plaza de Toros la Malagueta\",\"url\":\"https:\\\/\\\/plazadetoroslamalagueta.com\\\/fr\\\/\",\"logo\":{\"@type\":\"ImageObject\",\"inLanguage\":\"fr-FR\",\"@id\":\"https:\\\/\\\/plazadetoroslamalagueta.com\\\/fr\\\/#\\\/schema\\\/logo\\\/image\\\/\",\"url\":\"https:\\\/\\\/plazadetoroslamalagueta.com\\\/wp-content\\\/uploads\\\/2024\\\/02\\\/Logo-plaza-toros.webp\",\"contentUrl\":\"https:\\\/\\\/plazadetoroslamalagueta.com\\\/wp-content\\\/uploads\\\/2024\\\/02\\\/Logo-plaza-toros.webp\",\"width\":100,\"height\":100,\"caption\":\"Plaza de Toros la Malagueta\"},\"image\":{\"@id\":\"https:\\\/\\\/plazadetoroslamalagueta.com\\\/fr\\\/#\\\/schema\\\/logo\\\/image\\\/\"}},{\"@type\":\"Person\",\"@id\":\"https:\\\/\\\/plazadetoroslamalagueta.com\\\/fr\\\/#\\\/schema\\\/person\\\/12a2a38ea126782b7d042cd27f306172\",\"name\":\"FABIENNE MERIC\",\"image\":{\"@type\":\"ImageObject\",\"inLanguage\":\"fr-FR\",\"@id\":\"https:\\\/\\\/secure.gravatar.com\\\/avatar\\\/33043d735d9e796699c090524606b3e310ddadd56204a0d1511b992e9e864944?s=96&d=mm&r=g\",\"url\":\"https:\\\/\\\/secure.gravatar.com\\\/avatar\\\/33043d735d9e796699c090524606b3e310ddadd56204a0d1511b992e9e864944?s=96&d=mm&r=g\",\"contentUrl\":\"https:\\\/\\\/secure.gravatar.com\\\/avatar\\\/33043d735d9e796699c090524606b3e310ddadd56204a0d1511b992e9e864944?s=96&d=mm&r=g\",\"caption\":\"FABIENNE MERIC\"},\"url\":\"https:\\\/\\\/plazadetoroslamalagueta.com\\\/fr\\\/author\\\/fabienne\\\/\"}]}<\/script>\n<!-- \/ Yoast SEO plugin. -->","yoast_head_json":{"title":"Journ\u00e9e culturelle et taurine autour de Picasso - Plaza de Toros La Malagueta","robots":{"index":"index","follow":"follow","max-snippet":"max-snippet:-1","max-image-preview":"max-image-preview:large","max-video-preview":"max-video-preview:-1"},"canonical":"https:\/\/plazadetoroslamalagueta.com\/fr\/journee-culturelle-et-taurine-autour-de-picasso\/","og_locale":"fr_FR","og_type":"article","og_title":"Journ\u00e9e culturelle et taurine autour de Picasso - Plaza de Toros La Malagueta","og_description":"&#13; Jornada Cultural y de Toreo de sal\u00f3n alrededor de Picasso &#13; L&rsquo;entreprise Lances de Futuro organise pour le samedi 11 mars une activit\u00e9 culturelle pour les enfants et les familles \u00e0 La Malagueta autour de la figure de Picasso et de la tauromachie \u00e0 l&rsquo;occasion du 50e anniversaire de sa mort et de la...","og_url":"https:\/\/plazadetoroslamalagueta.com\/fr\/journee-culturelle-et-taurine-autour-de-picasso\/","og_site_name":"Plaza de Toros La Malagueta","article_published_time":"2018-03-06T13:18:00+00:00","article_modified_time":"2025-01-15T12:09:53+00:00","og_image":[{"width":1900,"height":1069,"url":"https:\/\/plazadetoroslamalagueta.com\/wp-content\/uploads\/2018\/07\/lances-futuro-recuerda-picasso-malagueta-mas-pequenos_98.webp","type":"image\/webp"}],"author":"FABIENNE MERIC","twitter_card":"summary_large_image","twitter_misc":{"\u00c9crit par":"FABIENNE MERIC","Dur\u00e9e de lecture estim\u00e9e":"2 minutes"},"schema":{"@context":"https:\/\/schema.org","@graph":[{"@type":"Article","@id":"https:\/\/plazadetoroslamalagueta.com\/fr\/journee-culturelle-et-taurine-autour-de-picasso\/#article","isPartOf":{"@id":"https:\/\/plazadetoroslamalagueta.com\/fr\/journee-culturelle-et-taurine-autour-de-picasso\/"},"author":{"name":"FABIENNE MERIC","@id":"https:\/\/plazadetoroslamalagueta.com\/fr\/#\/schema\/person\/12a2a38ea126782b7d042cd27f306172"},"headline":"Journ\u00e9e culturelle et taurine autour de Picasso","datePublished":"2018-03-06T13:18:00+00:00","dateModified":"2025-01-15T12:09:53+00:00","mainEntityOfPage":{"@id":"https:\/\/plazadetoroslamalagueta.com\/fr\/journee-culturelle-et-taurine-autour-de-picasso\/"},"wordCount":357,"publisher":{"@id":"https:\/\/plazadetoroslamalagueta.com\/fr\/#organization"},"image":{"@id":"https:\/\/plazadetoroslamalagueta.com\/fr\/journee-culturelle-et-taurine-autour-de-picasso\/#primaryimage"},"thumbnailUrl":"https:\/\/plazadetoroslamalagueta.com\/wp-content\/uploads\/2018\/07\/lances-futuro-recuerda-picasso-malagueta-mas-pequenos_98.webp","inLanguage":"fr-FR"},{"@type":"WebPage","@id":"https:\/\/plazadetoroslamalagueta.com\/fr\/journee-culturelle-et-taurine-autour-de-picasso\/","url":"https:\/\/plazadetoroslamalagueta.com\/fr\/journee-culturelle-et-taurine-autour-de-picasso\/","name":"Journ\u00e9e culturelle et taurine autour de Picasso - Plaza de Toros La Malagueta","isPartOf":{"@id":"https:\/\/plazadetoroslamalagueta.com\/fr\/#website"},"primaryImageOfPage":{"@id":"https:\/\/plazadetoroslamalagueta.com\/fr\/journee-culturelle-et-taurine-autour-de-picasso\/#primaryimage"},"image":{"@id":"https:\/\/plazadetoroslamalagueta.com\/fr\/journee-culturelle-et-taurine-autour-de-picasso\/#primaryimage"},"thumbnailUrl":"https:\/\/plazadetoroslamalagueta.com\/wp-content\/uploads\/2018\/07\/lances-futuro-recuerda-picasso-malagueta-mas-pequenos_98.webp","datePublished":"2018-03-06T13:18:00+00:00","dateModified":"2025-01-15T12:09:53+00:00","breadcrumb":{"@id":"https:\/\/plazadetoroslamalagueta.com\/fr\/journee-culturelle-et-taurine-autour-de-picasso\/#breadcrumb"},"inLanguage":"fr-FR","potentialAction":[{"@type":"ReadAction","target":["https:\/\/plazadetoroslamalagueta.com\/fr\/journee-culturelle-et-taurine-autour-de-picasso\/"]}]},{"@type":"ImageObject","inLanguage":"fr-FR","@id":"https:\/\/plazadetoroslamalagueta.com\/fr\/journee-culturelle-et-taurine-autour-de-picasso\/#primaryimage","url":"https:\/\/plazadetoroslamalagueta.com\/wp-content\/uploads\/2018\/07\/lances-futuro-recuerda-picasso-malagueta-mas-pequenos_98.webp","contentUrl":"https:\/\/plazadetoroslamalagueta.com\/wp-content\/uploads\/2018\/07\/lances-futuro-recuerda-picasso-malagueta-mas-pequenos_98.webp","width":1900,"height":1069},{"@type":"BreadcrumbList","@id":"https:\/\/plazadetoroslamalagueta.com\/fr\/journee-culturelle-et-taurine-autour-de-picasso\/#breadcrumb","itemListElement":[{"@type":"ListItem","position":1,"name":"Inicio","item":"https:\/\/plazadetoroslamalagueta.com\/fr\/"},{"@type":"ListItem","position":2,"name":"Journ\u00e9e culturelle et taurine autour de Picasso"}]},{"@type":"WebSite","@id":"https:\/\/plazadetoroslamalagueta.com\/fr\/#website","url":"https:\/\/plazadetoroslamalagueta.com\/fr\/","name":"Plaza de Toros de la Malagueta","description":"La Plaza de Toros de M\u00e1laga, de nombre La Malagueta, es un edificio reconocido Bien de Inter\u00e9s Cultural, que ofrece visitas tur\u00edsticas y corridas de toros y otros tipos de espect\u00e1culo durante todo el a\u00f1o.","publisher":{"@id":"https:\/\/plazadetoroslamalagueta.com\/fr\/#organization"},"alternateName":"Plaza de Toros M\u00e1laga","potentialAction":[{"@type":"SearchAction","target":{"@type":"EntryPoint","urlTemplate":"https:\/\/plazadetoroslamalagueta.com\/fr\/?s={search_term_string}"},"query-input":{"@type":"PropertyValueSpecification","valueRequired":true,"valueName":"search_term_string"}}],"inLanguage":"fr-FR"},{"@type":"Organization","@id":"https:\/\/plazadetoroslamalagueta.com\/fr\/#organization","name":"Plaza de Toros la Malagueta","url":"https:\/\/plazadetoroslamalagueta.com\/fr\/","logo":{"@type":"ImageObject","inLanguage":"fr-FR","@id":"https:\/\/plazadetoroslamalagueta.com\/fr\/#\/schema\/logo\/image\/","url":"https:\/\/plazadetoroslamalagueta.com\/wp-content\/uploads\/2024\/02\/Logo-plaza-toros.webp","contentUrl":"https:\/\/plazadetoroslamalagueta.com\/wp-content\/uploads\/2024\/02\/Logo-plaza-toros.webp","width":100,"height":100,"caption":"Plaza de Toros la Malagueta"},"image":{"@id":"https:\/\/plazadetoroslamalagueta.com\/fr\/#\/schema\/logo\/image\/"}},{"@type":"Person","@id":"https:\/\/plazadetoroslamalagueta.com\/fr\/#\/schema\/person\/12a2a38ea126782b7d042cd27f306172","name":"FABIENNE MERIC","image":{"@type":"ImageObject","inLanguage":"fr-FR","@id":"https:\/\/secure.gravatar.com\/avatar\/33043d735d9e796699c090524606b3e310ddadd56204a0d1511b992e9e864944?s=96&d=mm&r=g","url":"https:\/\/secure.gravatar.com\/avatar\/33043d735d9e796699c090524606b3e310ddadd56204a0d1511b992e9e864944?s=96&d=mm&r=g","contentUrl":"https:\/\/secure.gravatar.com\/avatar\/33043d735d9e796699c090524606b3e310ddadd56204a0d1511b992e9e864944?s=96&d=mm&r=g","caption":"FABIENNE MERIC"},"url":"https:\/\/plazadetoroslamalagueta.com\/fr\/author\/fabienne\/"}]}},"_links":{"self":[{"href":"https:\/\/plazadetoroslamalagueta.com\/fr\/wp-json\/wp\/v2\/posts\/22493","targetHints":{"allow":["GET"]}}],"collection":[{"href":"https:\/\/plazadetoroslamalagueta.com\/fr\/wp-json\/wp\/v2\/posts"}],"about":[{"href":"https:\/\/plazadetoroslamalagueta.com\/fr\/wp-json\/wp\/v2\/types\/post"}],"author":[{"embeddable":true,"href":"https:\/\/plazadetoroslamalagueta.com\/fr\/wp-json\/wp\/v2\/users\/5"}],"replies":[{"embeddable":true,"href":"https:\/\/plazadetoroslamalagueta.com\/fr\/wp-json\/wp\/v2\/comments?post=22493"}],"version-history":[{"count":1,"href":"https:\/\/plazadetoroslamalagueta.com\/fr\/wp-json\/wp\/v2\/posts\/22493\/revisions"}],"predecessor-version":[{"id":22494,"href":"https:\/\/plazadetoroslamalagueta.com\/fr\/wp-json\/wp\/v2\/posts\/22493\/revisions\/22494"}],"wp:featuredmedia":[{"embeddable":true,"href":"https:\/\/plazadetoroslamalagueta.com\/fr\/wp-json\/wp\/v2\/media\/1497"}],"wp:attachment":[{"href":"https:\/\/plazadetoroslamalagueta.com\/fr\/wp-json\/wp\/v2\/media?parent=22493"}],"wp:term":[{"taxonomy":"category","embeddable":true,"href":"https:\/\/plazadetoroslamalagueta.com\/fr\/wp-json\/wp\/v2\/categories?post=22493"},{"taxonomy":"post_tag","embeddable":true,"href":"https:\/\/plazadetoroslamalagueta.com\/fr\/wp-json\/wp\/v2\/tags?post=22493"}],"curies":[{"name":"wp","href":"https:\/\/api.w.org\/{rel}","templated":true}]}}