{"id":24923,"date":"2025-04-01T09:46:08","date_gmt":"2025-04-01T07:46:08","guid":{"rendered":"https:\/\/plazadetoroslamalagueta.com\/24923\/"},"modified":"2025-07-03T09:52:42","modified_gmt":"2025-07-03T07:52:42","slug":"24923","status":"publish","type":"post","link":"https:\/\/plazadetoroslamalagueta.com\/en\/24923\/","title":{"rendered":"Juan Ortega and Roca Rey connect with the Malaga culture in the prelude to the Corrida Picassiana"},"content":{"rendered":"<section class=\"l-section wpb_row height_medium\"><div class=\"l-section-h i-cf\"><div class=\"g-cols vc_row via_grid cols_1 laptops-cols_inherit tablets-cols_inherit mobiles-cols_1 valign_top type_default stacking_default\"><div class=\"wpb_column vc_column_container\"><div class=\"vc_column-inner\"><div class=\"wpb_text_column\"><div class=\"wpb_wrapper\"><h1><span>Juan Ortega and Roca Rey connect with the Malaga culture in the prelude to the Corrida Picassiana<\/span><\/h1>\n<\/div><\/div><\/div><\/div><\/div><\/div><\/section><section class=\"l-section wpb_row height_medium\"><div class=\"l-section-h i-cf\"><div class=\"g-cols vc_row via_grid cols_1 laptops-cols_inherit tablets-cols_inherit mobiles-cols_1 valign_top type_default stacking_default\"><div class=\"wpb_column vc_column_container\"><div class=\"vc_column-inner\"><div class=\"wpb_text_column\"><div class=\"wpb_wrapper\"><p class=\"\" data-start=\"344\" data-end=\"475\"><strong data-start=\"344\" data-end=\"475\">The bullfighters visit CEIT and the Ruta Picassiana in Malaga to deepen the relationship between bullfighting, art and tradition.<\/strong><\/p>\n<p class=\"\" data-start=\"477\" data-end=\"795\">The<strong><span> <\/span>matadors Juan Ortega and Andres Roca Rey<\/strong><span> <\/span>have recently made significant visits to the city of Malaga, exploring different facets of its cultural and bullfighting heritage in preparation for the expected Corrida Picassiana to be held on<span> <\/span><strong>next April 19 in the Plaza de Toros de La Malagueta<\/strong>.<\/p>\n<h3 class=\"\" data-start=\"797\" data-end=\"879\">Juan Ortega at the Center for Immersive Experiences of Bullfighting (CEIT)<\/h3>\n<p class=\"\" data-start=\"880\" data-end=\"1205\"><strong>Juan Ortega was the first bullfighter to officially visit the CEIT<\/strong>, located in the surroundings of the Malaga bullring. This innovative space offers a <span> <\/span><strong>unique experience that combines artificial intelligence, videomapping, augmented reality and surround sound with a collection of more than 350 pieces related to bullfighting art.<\/strong><\/p>\n<p class=\"\" data-start=\"1207\" data-end=\"1502\">During his tour,<span> <\/span><strong>Ortega explored the different rooms of the center<\/strong>, from<span> <\/span><strong>immersive projections that narrate the historical evolution of bullfighting, to showcases with emblematic bullfighting costumes and an interactive experience that allows visitors to symbolically place themselves &#8220;in the skin of the bullfighter&#8221;.<\/strong><\/p>\n<p class=\"\" data-start=\"1504\" data-end=\"1724\">These types of spaces help to preserve and transmit our tradition in an innovative and exciting way. It is a magnificent tool to bring bullfighting closer to all audiences, said the bullfighter after his visit. <\/p>\n<h3 class=\"\" data-start=\"1726\" data-end=\"1761\">Roca Rey and the Ruta Picassiana<\/h3>\n<p class=\"\" data-start=\"1762\" data-end=\"2082\">For its part,<span> <\/span><strong>Andr\u00e9s Roca Rey starred in a cultural tour of the key places in the life of Pablo Picasso in Malaga<\/strong>. Organized by Lances de Futuro with the collaboration of the City Council, the visit included stops at the painter&#8217;s Birthplace Museum, the Plaza de la Merced and the Church of Santiago, where he was baptized. <\/p>\n<p class=\"\" data-start=\"2084\" data-end=\"2379\">The Peruvian bullfighter was deeply interested in the life and work of the Malaga-born artist, underlining the influence that bullfighting had on his creative process. &#8220;<strong>It is exciting to discover how the art of bullfighting marked the work of one of the greatest geniuses of the 20th century,&#8221; said Roca Rey.<\/strong><\/p>\n<h3 class=\"\" data-start=\"2381\" data-end=\"2445\">Culture, art and tradition, united in the Corrida Picassiana<\/h3>\n<p class=\"\" data-start=\"2446\" data-end=\"2684\">These actions reinforce the link between bullfighting and the cultural offer of Malaga, consolidating the Corrida Picassiana as an event that goes beyond the bullring, becoming a living tribute to the fusion between art and tradition.<\/p>\n<p class=\"\" data-start=\"2686\" data-end=\"2874\"><strong>Both visits reflect the commitment of the bullfighters to the city and its heritage, and serve as a prelude to one of the most unique and symbolic celebrations of the national bullfighting calendar.<\/strong><\/p>\n<\/div><\/div><\/div><\/div><\/div><\/div><\/section><section class=\"l-section wpb_row height_medium\"><div class=\"l-section-h i-cf\"><div class=\"g-cols vc_row via_grid cols_1 laptops-cols_inherit tablets-cols_inherit mobiles-cols_1 valign_top type_default stacking_default\"><div class=\"wpb_column vc_column_container\"><div class=\"vc_column-inner\"><div class=\"w-content-carousel items_3\"><div class=\"owl-carousel valign_stretch dotstyle_circle navstyle_circle arrows-ver-pos_middle arrows-hor-pos_on_sides_outside arrows-disabled_hide owl-responsive-2000 with_arrows\" style=\"--items-gap:30px;--transition-duration:350ms;--arrows-size:1.5rem;--arrows-gap:10px;\" onclick=\"return {&quot;aria_labels&quot;:{&quot;prev&quot;:&quot;Previous&quot;,&quot;next&quot;:&quot;Next&quot;},&quot;autoplayContinual&quot;:false,&quot;autoplayHoverPause&quot;:false,&quot;autoplayTimeout&quot;:3000,&quot;autoWidth&quot;:false,&quot;smartSpeed&quot;:350,&quot;margin&quot;:30,&quot;mouseDrag&quot;:true,&quot;rtl&quot;:false,&quot;slideBy&quot;:&quot;1&quot;,&quot;touchDrag&quot;:true,&quot;slideTransition&quot;:&quot;&quot;,&quot;responsive&quot;:{&quot;0&quot;:{&quot;autoHeight&quot;:false,&quot;autoplay&quot;:false,&quot;autoWidth&quot;:false,&quot;center&quot;:false,&quot;dots&quot;:false,&quot;items&quot;:1,&quot;loop&quot;:false,&quot;nav&quot;:false,&quot;stagePadding&quot;:0,&quot;slideBy&quot;:&quot;1&quot;},&quot;601&quot;:{&quot;autoHeight&quot;:false,&quot;autoplay&quot;:false,&quot;autoWidth&quot;:false,&quot;center&quot;:false,&quot;dots&quot;:false,&quot;items&quot;:3,&quot;loop&quot;:false,&quot;nav&quot;:true,&quot;stagePadding&quot;:0}}}\"><div class=\"w-image align_none\"><div class=\"w-image-h\"><img decoding=\"async\" width=\"1024\" height=\"683\" src=\"https:\/\/plazadetoroslamalagueta.com\/wp-content\/uploads\/2025\/03\/juanortegaceit7-1024x683.jpeg\" class=\"attachment-large size-large\" alt=\"\" loading=\"lazy\" srcset=\"https:\/\/plazadetoroslamalagueta.com\/wp-content\/uploads\/2025\/03\/juanortegaceit7-1024x683.jpeg 1024w, https:\/\/plazadetoroslamalagueta.com\/wp-content\/uploads\/2025\/03\/juanortegaceit7-300x200.jpeg 300w, https:\/\/plazadetoroslamalagueta.com\/wp-content\/uploads\/2025\/03\/juanortegaceit7.jpeg 1536w\" sizes=\"auto, (max-width: 1024px) 100vw, 1024px\" \/><\/div><\/div><div class=\"w-image align_none\"><div class=\"w-image-h\"><img decoding=\"async\" width=\"1024\" height=\"682\" src=\"https:\/\/plazadetoroslamalagueta.com\/wp-content\/uploads\/2025\/03\/juanortega-malagueta-1024x682.jpeg\" class=\"attachment-large size-large\" alt=\"\" loading=\"lazy\" srcset=\"https:\/\/plazadetoroslamalagueta.com\/wp-content\/uploads\/2025\/03\/juanortega-malagueta-1024x682.jpeg 1024w, https:\/\/plazadetoroslamalagueta.com\/wp-content\/uploads\/2025\/03\/juanortega-malagueta-300x200.jpeg 300w, https:\/\/plazadetoroslamalagueta.com\/wp-content\/uploads\/2025\/03\/juanortega-malagueta.jpeg 1600w\" sizes=\"auto, (max-width: 1024px) 100vw, 1024px\" \/><\/div><\/div><div class=\"w-image align_none\"><div class=\"w-image-h\"><img decoding=\"async\" width=\"1024\" height=\"682\" src=\"https:\/\/plazadetoroslamalagueta.com\/wp-content\/uploads\/2025\/04\/juanortegaceit1-1024x682.jpeg\" class=\"attachment-large size-large\" alt=\"\" loading=\"lazy\" srcset=\"https:\/\/plazadetoroslamalagueta.com\/wp-content\/uploads\/2025\/04\/juanortegaceit1-1024x682.jpeg 1024w, https:\/\/plazadetoroslamalagueta.com\/wp-content\/uploads\/2025\/04\/juanortegaceit1-300x200.jpeg 300w, https:\/\/plazadetoroslamalagueta.com\/wp-content\/uploads\/2025\/04\/juanortegaceit1.jpeg 1600w\" sizes=\"auto, (max-width: 1024px) 100vw, 1024px\" \/><\/div><\/div><\/div><\/div><\/div><\/div><\/div><\/div><\/section>\n","protected":false},"excerpt":{"rendered":"Juan Ortega and Roca Rey connect with the Malaga culture in the prelude to the Corrida Picassiana The bullfighters visit CEIT and the Ruta Picassiana in Malaga to deepen the relationship between bullfighting, art and tradition. The matadors Juan Ortega and Andres Roca Rey have recently made significant visits to the city of Malaga, exploring...","protected":false},"author":4,"featured_media":24916,"comment_status":"open","ping_status":"open","sticky":false,"template":"","format":"standard","meta":{"footnotes":""},"categories":[250],"tags":[],"class_list":["post-24923","post","type-post","status-publish","format-standard","has-post-thumbnail","hentry","category-about-the-bullring"],"yoast_head":"<!-- This site is optimized with the Yoast SEO plugin v27.5 - https:\/\/yoast.com\/product\/yoast-seo-wordpress\/ -->\n<title>Juan Ortega : Roca Rey : Connection with Malaga&#039;s culture<\/title>\n<meta name=\"description\" content=\"Juan Ortega and Roca Rey immerse themselves in the cultural essence of Malaga before the expected Corrida Picassiana in La Malagueta.\" \/>\n<meta name=\"robots\" content=\"index, follow, max-snippet:-1, max-image-preview:large, max-video-preview:-1\" \/>\n<link rel=\"canonical\" href=\"https:\/\/plazadetoroslamalagueta.com\/en\/24923\/\" \/>\n<meta property=\"og:locale\" content=\"en_US\" \/>\n<meta property=\"og:type\" content=\"article\" \/>\n<meta property=\"og:title\" content=\"Juan Ortega : Roca Rey : Connection with Malaga&#039;s culture\" \/>\n<meta property=\"og:description\" content=\"Juan Ortega and Roca Rey immerse themselves in the cultural essence of Malaga before the expected Corrida Picassiana in La Malagueta.\" \/>\n<meta property=\"og:url\" content=\"https:\/\/plazadetoroslamalagueta.com\/en\/24923\/\" \/>\n<meta property=\"og:site_name\" content=\"Plaza de Toros La Malagueta\" \/>\n<meta property=\"article:published_time\" content=\"2025-04-01T07:46:08+00:00\" \/>\n<meta property=\"article:modified_time\" content=\"2025-07-03T07:52:42+00:00\" \/>\n<meta property=\"og:image\" content=\"https:\/\/plazadetoroslamalagueta.com\/wp-content\/uploads\/2025\/04\/juanortegaceit1.jpeg\" \/>\n\t<meta property=\"og:image:width\" content=\"1600\" \/>\n\t<meta property=\"og:image:height\" content=\"1066\" \/>\n\t<meta property=\"og:image:type\" content=\"image\/jpeg\" \/>\n<meta name=\"author\" content=\"Marketing\" \/>\n<meta name=\"twitter:card\" content=\"summary_large_image\" \/>\n<meta name=\"twitter:label1\" content=\"Written by\" \/>\n\t<meta name=\"twitter:data1\" content=\"Marketing\" \/>\n\t<meta name=\"twitter:label2\" content=\"Est. reading time\" \/>\n\t<meta name=\"twitter:data2\" content=\"3 minutes\" \/>\n<script type=\"application\/ld+json\" class=\"yoast-schema-graph\">{\"@context\":\"https:\\\/\\\/schema.org\",\"@graph\":[{\"@type\":\"Article\",\"@id\":\"https:\\\/\\\/plazadetoroslamalagueta.com\\\/en\\\/24923\\\/#article\",\"isPartOf\":{\"@id\":\"https:\\\/\\\/plazadetoroslamalagueta.com\\\/en\\\/24923\\\/\"},\"author\":{\"name\":\"Marketing\",\"@id\":\"https:\\\/\\\/plazadetoroslamalagueta.com\\\/en\\\/#\\\/schema\\\/person\\\/38da8099bb302a43fd2c5eaec4713c5e\"},\"headline\":\"Juan Ortega and Roca Rey connect with the Malaga culture in the prelude to the Corrida Picassiana\",\"datePublished\":\"2025-04-01T07:46:08+00:00\",\"dateModified\":\"2025-07-03T07:52:42+00:00\",\"mainEntityOfPage\":{\"@id\":\"https:\\\/\\\/plazadetoroslamalagueta.com\\\/en\\\/24923\\\/\"},\"wordCount\":541,\"commentCount\":0,\"publisher\":{\"@id\":\"https:\\\/\\\/plazadetoroslamalagueta.com\\\/en\\\/#organization\"},\"image\":{\"@id\":\"https:\\\/\\\/plazadetoroslamalagueta.com\\\/en\\\/24923\\\/#primaryimage\"},\"thumbnailUrl\":\"https:\\\/\\\/plazadetoroslamalagueta.com\\\/wp-content\\\/uploads\\\/2025\\\/04\\\/juanortegaceit1.jpeg\",\"articleSection\":[\"About the bullring\"],\"inLanguage\":\"en-US\",\"potentialAction\":[{\"@type\":\"CommentAction\",\"name\":\"Comment\",\"target\":[\"https:\\\/\\\/plazadetoroslamalagueta.com\\\/en\\\/24923\\\/#respond\"]}]},{\"@type\":\"WebPage\",\"@id\":\"https:\\\/\\\/plazadetoroslamalagueta.com\\\/en\\\/24923\\\/\",\"url\":\"https:\\\/\\\/plazadetoroslamalagueta.com\\\/en\\\/24923\\\/\",\"name\":\"Juan Ortega : Roca Rey : Connection with Malaga's culture\",\"isPartOf\":{\"@id\":\"https:\\\/\\\/plazadetoroslamalagueta.com\\\/en\\\/#website\"},\"primaryImageOfPage\":{\"@id\":\"https:\\\/\\\/plazadetoroslamalagueta.com\\\/en\\\/24923\\\/#primaryimage\"},\"image\":{\"@id\":\"https:\\\/\\\/plazadetoroslamalagueta.com\\\/en\\\/24923\\\/#primaryimage\"},\"thumbnailUrl\":\"https:\\\/\\\/plazadetoroslamalagueta.com\\\/wp-content\\\/uploads\\\/2025\\\/04\\\/juanortegaceit1.jpeg\",\"datePublished\":\"2025-04-01T07:46:08+00:00\",\"dateModified\":\"2025-07-03T07:52:42+00:00\",\"description\":\"Juan Ortega and Roca Rey immerse themselves in the cultural essence of Malaga before the expected Corrida Picassiana in La Malagueta.\",\"breadcrumb\":{\"@id\":\"https:\\\/\\\/plazadetoroslamalagueta.com\\\/en\\\/24923\\\/#breadcrumb\"},\"inLanguage\":\"en-US\",\"potentialAction\":[{\"@type\":\"ReadAction\",\"target\":[\"https:\\\/\\\/plazadetoroslamalagueta.com\\\/en\\\/24923\\\/\"]}]},{\"@type\":\"ImageObject\",\"inLanguage\":\"en-US\",\"@id\":\"https:\\\/\\\/plazadetoroslamalagueta.com\\\/en\\\/24923\\\/#primaryimage\",\"url\":\"https:\\\/\\\/plazadetoroslamalagueta.com\\\/wp-content\\\/uploads\\\/2025\\\/04\\\/juanortegaceit1.jpeg\",\"contentUrl\":\"https:\\\/\\\/plazadetoroslamalagueta.com\\\/wp-content\\\/uploads\\\/2025\\\/04\\\/juanortegaceit1.jpeg\",\"width\":1600,\"height\":1066},{\"@type\":\"BreadcrumbList\",\"@id\":\"https:\\\/\\\/plazadetoroslamalagueta.com\\\/en\\\/24923\\\/#breadcrumb\",\"itemListElement\":[{\"@type\":\"ListItem\",\"position\":1,\"name\":\"Inicio\",\"item\":\"https:\\\/\\\/plazadetoroslamalagueta.com\\\/en\\\/\"},{\"@type\":\"ListItem\",\"position\":2,\"name\":\"Juan Ortega and Roca Rey connect with the Malaga culture in the prelude to the Corrida Picassiana\"}]},{\"@type\":\"WebSite\",\"@id\":\"https:\\\/\\\/plazadetoroslamalagueta.com\\\/en\\\/#website\",\"url\":\"https:\\\/\\\/plazadetoroslamalagueta.com\\\/en\\\/\",\"name\":\"Plaza de Toros de la Malagueta\",\"description\":\"La Plaza de Toros de M\u00e1laga, de nombre La Malagueta, es un edificio reconocido Bien de Inter\u00e9s Cultural, que ofrece visitas tur\u00edsticas y corridas de toros y otros tipos de espect\u00e1culo durante todo el a\u00f1o.\",\"publisher\":{\"@id\":\"https:\\\/\\\/plazadetoroslamalagueta.com\\\/en\\\/#organization\"},\"alternateName\":\"Plaza de Toros M\u00e1laga\",\"potentialAction\":[{\"@type\":\"SearchAction\",\"target\":{\"@type\":\"EntryPoint\",\"urlTemplate\":\"https:\\\/\\\/plazadetoroslamalagueta.com\\\/en\\\/?s={search_term_string}\"},\"query-input\":{\"@type\":\"PropertyValueSpecification\",\"valueRequired\":true,\"valueName\":\"search_term_string\"}}],\"inLanguage\":\"en-US\"},{\"@type\":\"Organization\",\"@id\":\"https:\\\/\\\/plazadetoroslamalagueta.com\\\/en\\\/#organization\",\"name\":\"Plaza de Toros la Malagueta\",\"url\":\"https:\\\/\\\/plazadetoroslamalagueta.com\\\/en\\\/\",\"logo\":{\"@type\":\"ImageObject\",\"inLanguage\":\"en-US\",\"@id\":\"https:\\\/\\\/plazadetoroslamalagueta.com\\\/en\\\/#\\\/schema\\\/logo\\\/image\\\/\",\"url\":\"https:\\\/\\\/plazadetoroslamalagueta.com\\\/wp-content\\\/uploads\\\/2024\\\/02\\\/Logo-plaza-toros.webp\",\"contentUrl\":\"https:\\\/\\\/plazadetoroslamalagueta.com\\\/wp-content\\\/uploads\\\/2024\\\/02\\\/Logo-plaza-toros.webp\",\"width\":100,\"height\":100,\"caption\":\"Plaza de Toros la Malagueta\"},\"image\":{\"@id\":\"https:\\\/\\\/plazadetoroslamalagueta.com\\\/en\\\/#\\\/schema\\\/logo\\\/image\\\/\"}},{\"@type\":\"Person\",\"@id\":\"https:\\\/\\\/plazadetoroslamalagueta.com\\\/en\\\/#\\\/schema\\\/person\\\/38da8099bb302a43fd2c5eaec4713c5e\",\"name\":\"Marketing\",\"image\":{\"@type\":\"ImageObject\",\"inLanguage\":\"en-US\",\"@id\":\"https:\\\/\\\/secure.gravatar.com\\\/avatar\\\/2c03e1a8691cff42cdbffdaf0b1a4a8d0203aaa61e9a18db2956bd6c8b777fd6?s=96&d=mm&r=g\",\"url\":\"https:\\\/\\\/secure.gravatar.com\\\/avatar\\\/2c03e1a8691cff42cdbffdaf0b1a4a8d0203aaa61e9a18db2956bd6c8b777fd6?s=96&d=mm&r=g\",\"contentUrl\":\"https:\\\/\\\/secure.gravatar.com\\\/avatar\\\/2c03e1a8691cff42cdbffdaf0b1a4a8d0203aaa61e9a18db2956bd6c8b777fd6?s=96&d=mm&r=g\",\"caption\":\"Marketing\"},\"url\":\"https:\\\/\\\/plazadetoroslamalagueta.com\\\/en\\\/author\\\/marketing\\\/\"}]}<\/script>\n<!-- \/ Yoast SEO plugin. -->","yoast_head_json":{"title":"Juan Ortega : Roca Rey : Connection with Malaga's culture","description":"Juan Ortega and Roca Rey immerse themselves in the cultural essence of Malaga before the expected Corrida Picassiana in La Malagueta.","robots":{"index":"index","follow":"follow","max-snippet":"max-snippet:-1","max-image-preview":"max-image-preview:large","max-video-preview":"max-video-preview:-1"},"canonical":"https:\/\/plazadetoroslamalagueta.com\/en\/24923\/","og_locale":"en_US","og_type":"article","og_title":"Juan Ortega : Roca Rey : Connection with Malaga's culture","og_description":"Juan Ortega and Roca Rey immerse themselves in the cultural essence of Malaga before the expected Corrida Picassiana in La Malagueta.","og_url":"https:\/\/plazadetoroslamalagueta.com\/en\/24923\/","og_site_name":"Plaza de Toros La Malagueta","article_published_time":"2025-04-01T07:46:08+00:00","article_modified_time":"2025-07-03T07:52:42+00:00","og_image":[{"width":1600,"height":1066,"url":"https:\/\/plazadetoroslamalagueta.com\/wp-content\/uploads\/2025\/04\/juanortegaceit1.jpeg","type":"image\/jpeg"}],"author":"Marketing","twitter_card":"summary_large_image","twitter_misc":{"Written by":"Marketing","Est. reading time":"3 minutes"},"schema":{"@context":"https:\/\/schema.org","@graph":[{"@type":"Article","@id":"https:\/\/plazadetoroslamalagueta.com\/en\/24923\/#article","isPartOf":{"@id":"https:\/\/plazadetoroslamalagueta.com\/en\/24923\/"},"author":{"name":"Marketing","@id":"https:\/\/plazadetoroslamalagueta.com\/en\/#\/schema\/person\/38da8099bb302a43fd2c5eaec4713c5e"},"headline":"Juan Ortega and Roca Rey connect with the Malaga culture in the prelude to the Corrida Picassiana","datePublished":"2025-04-01T07:46:08+00:00","dateModified":"2025-07-03T07:52:42+00:00","mainEntityOfPage":{"@id":"https:\/\/plazadetoroslamalagueta.com\/en\/24923\/"},"wordCount":541,"commentCount":0,"publisher":{"@id":"https:\/\/plazadetoroslamalagueta.com\/en\/#organization"},"image":{"@id":"https:\/\/plazadetoroslamalagueta.com\/en\/24923\/#primaryimage"},"thumbnailUrl":"https:\/\/plazadetoroslamalagueta.com\/wp-content\/uploads\/2025\/04\/juanortegaceit1.jpeg","articleSection":["About the bullring"],"inLanguage":"en-US","potentialAction":[{"@type":"CommentAction","name":"Comment","target":["https:\/\/plazadetoroslamalagueta.com\/en\/24923\/#respond"]}]},{"@type":"WebPage","@id":"https:\/\/plazadetoroslamalagueta.com\/en\/24923\/","url":"https:\/\/plazadetoroslamalagueta.com\/en\/24923\/","name":"Juan Ortega : Roca Rey : Connection with Malaga's culture","isPartOf":{"@id":"https:\/\/plazadetoroslamalagueta.com\/en\/#website"},"primaryImageOfPage":{"@id":"https:\/\/plazadetoroslamalagueta.com\/en\/24923\/#primaryimage"},"image":{"@id":"https:\/\/plazadetoroslamalagueta.com\/en\/24923\/#primaryimage"},"thumbnailUrl":"https:\/\/plazadetoroslamalagueta.com\/wp-content\/uploads\/2025\/04\/juanortegaceit1.jpeg","datePublished":"2025-04-01T07:46:08+00:00","dateModified":"2025-07-03T07:52:42+00:00","description":"Juan Ortega and Roca Rey immerse themselves in the cultural essence of Malaga before the expected Corrida Picassiana in La Malagueta.","breadcrumb":{"@id":"https:\/\/plazadetoroslamalagueta.com\/en\/24923\/#breadcrumb"},"inLanguage":"en-US","potentialAction":[{"@type":"ReadAction","target":["https:\/\/plazadetoroslamalagueta.com\/en\/24923\/"]}]},{"@type":"ImageObject","inLanguage":"en-US","@id":"https:\/\/plazadetoroslamalagueta.com\/en\/24923\/#primaryimage","url":"https:\/\/plazadetoroslamalagueta.com\/wp-content\/uploads\/2025\/04\/juanortegaceit1.jpeg","contentUrl":"https:\/\/plazadetoroslamalagueta.com\/wp-content\/uploads\/2025\/04\/juanortegaceit1.jpeg","width":1600,"height":1066},{"@type":"BreadcrumbList","@id":"https:\/\/plazadetoroslamalagueta.com\/en\/24923\/#breadcrumb","itemListElement":[{"@type":"ListItem","position":1,"name":"Inicio","item":"https:\/\/plazadetoroslamalagueta.com\/en\/"},{"@type":"ListItem","position":2,"name":"Juan Ortega and Roca Rey connect with the Malaga culture in the prelude to the Corrida Picassiana"}]},{"@type":"WebSite","@id":"https:\/\/plazadetoroslamalagueta.com\/en\/#website","url":"https:\/\/plazadetoroslamalagueta.com\/en\/","name":"Plaza de Toros de la Malagueta","description":"La Plaza de Toros de M\u00e1laga, de nombre La Malagueta, es un edificio reconocido Bien de Inter\u00e9s Cultural, que ofrece visitas tur\u00edsticas y corridas de toros y otros tipos de espect\u00e1culo durante todo el a\u00f1o.","publisher":{"@id":"https:\/\/plazadetoroslamalagueta.com\/en\/#organization"},"alternateName":"Plaza de Toros M\u00e1laga","potentialAction":[{"@type":"SearchAction","target":{"@type":"EntryPoint","urlTemplate":"https:\/\/plazadetoroslamalagueta.com\/en\/?s={search_term_string}"},"query-input":{"@type":"PropertyValueSpecification","valueRequired":true,"valueName":"search_term_string"}}],"inLanguage":"en-US"},{"@type":"Organization","@id":"https:\/\/plazadetoroslamalagueta.com\/en\/#organization","name":"Plaza de Toros la Malagueta","url":"https:\/\/plazadetoroslamalagueta.com\/en\/","logo":{"@type":"ImageObject","inLanguage":"en-US","@id":"https:\/\/plazadetoroslamalagueta.com\/en\/#\/schema\/logo\/image\/","url":"https:\/\/plazadetoroslamalagueta.com\/wp-content\/uploads\/2024\/02\/Logo-plaza-toros.webp","contentUrl":"https:\/\/plazadetoroslamalagueta.com\/wp-content\/uploads\/2024\/02\/Logo-plaza-toros.webp","width":100,"height":100,"caption":"Plaza de Toros la Malagueta"},"image":{"@id":"https:\/\/plazadetoroslamalagueta.com\/en\/#\/schema\/logo\/image\/"}},{"@type":"Person","@id":"https:\/\/plazadetoroslamalagueta.com\/en\/#\/schema\/person\/38da8099bb302a43fd2c5eaec4713c5e","name":"Marketing","image":{"@type":"ImageObject","inLanguage":"en-US","@id":"https:\/\/secure.gravatar.com\/avatar\/2c03e1a8691cff42cdbffdaf0b1a4a8d0203aaa61e9a18db2956bd6c8b777fd6?s=96&d=mm&r=g","url":"https:\/\/secure.gravatar.com\/avatar\/2c03e1a8691cff42cdbffdaf0b1a4a8d0203aaa61e9a18db2956bd6c8b777fd6?s=96&d=mm&r=g","contentUrl":"https:\/\/secure.gravatar.com\/avatar\/2c03e1a8691cff42cdbffdaf0b1a4a8d0203aaa61e9a18db2956bd6c8b777fd6?s=96&d=mm&r=g","caption":"Marketing"},"url":"https:\/\/plazadetoroslamalagueta.com\/en\/author\/marketing\/"}]}},"_links":{"self":[{"href":"https:\/\/plazadetoroslamalagueta.com\/en\/wp-json\/wp\/v2\/posts\/24923","targetHints":{"allow":["GET"]}}],"collection":[{"href":"https:\/\/plazadetoroslamalagueta.com\/en\/wp-json\/wp\/v2\/posts"}],"about":[{"href":"https:\/\/plazadetoroslamalagueta.com\/en\/wp-json\/wp\/v2\/types\/post"}],"author":[{"embeddable":true,"href":"https:\/\/plazadetoroslamalagueta.com\/en\/wp-json\/wp\/v2\/users\/4"}],"replies":[{"embeddable":true,"href":"https:\/\/plazadetoroslamalagueta.com\/en\/wp-json\/wp\/v2\/comments?post=24923"}],"version-history":[{"count":7,"href":"https:\/\/plazadetoroslamalagueta.com\/en\/wp-json\/wp\/v2\/posts\/24923\/revisions"}],"predecessor-version":[{"id":31368,"href":"https:\/\/plazadetoroslamalagueta.com\/en\/wp-json\/wp\/v2\/posts\/24923\/revisions\/31368"}],"wp:featuredmedia":[{"embeddable":true,"href":"https:\/\/plazadetoroslamalagueta.com\/en\/wp-json\/wp\/v2\/media\/24916"}],"wp:attachment":[{"href":"https:\/\/plazadetoroslamalagueta.com\/en\/wp-json\/wp\/v2\/media?parent=24923"}],"wp:term":[{"taxonomy":"category","embeddable":true,"href":"https:\/\/plazadetoroslamalagueta.com\/en\/wp-json\/wp\/v2\/categories?post=24923"},{"taxonomy":"post_tag","embeddable":true,"href":"https:\/\/plazadetoroslamalagueta.com\/en\/wp-json\/wp\/v2\/tags?post=24923"}],"curies":[{"name":"wp","href":"https:\/\/api.w.org\/{rel}","templated":true}]}}