{"id":23706,"date":"2025-02-17T10:28:49","date_gmt":"2025-02-17T09:28:49","guid":{"rendered":"https:\/\/plazadetoroslamalagueta.com\/presentation-poster-picassiana-2025\/"},"modified":"2025-02-17T10:30:27","modified_gmt":"2025-02-17T09:30:27","slug":"presentation-poster-picassiana-2025","status":"publish","type":"post","link":"https:\/\/plazadetoroslamalagueta.com\/en\/presentation-poster-picassiana-2025\/","title":{"rendered":"Presentation poster picassiana 2025"},"content":{"rendered":"<section class=\"l-section wpb_row height_medium\"><div class=\"l-section-h i-cf\"><div class=\"g-cols vc_row via_grid cols_1 laptops-cols_inherit tablets-cols_inherit mobiles-cols_1 valign_top type_default stacking_default\"><div class=\"wpb_column vc_column_container\"><div class=\"vc_column-inner\"><div class=\"wpb_text_column\"><div class=\"wpb_wrapper\"><h1 class=\"elementor-heading-title elementor-size-default\">The Diputaci\u00f3n de M\u00e1laga presents the artistic scenography of the Picassiana bullfight, a work by Pablo Alonso Herr\u00e1iz<\/h1>\n<\/div><\/div><div class=\"w-separator size_medium\"><\/div><div class=\"w-image align_none\"><div class=\"w-image-h\"><img decoding=\"async\" width=\"1024\" height=\"767\" src=\"https:\/\/plazadetoroslamalagueta.com\/wp-content\/uploads\/2025\/02\/presentacion-del-cartel.webp\" class=\"attachment-large size-large\" alt=\"\" loading=\"lazy\" srcset=\"https:\/\/plazadetoroslamalagueta.com\/wp-content\/uploads\/2025\/02\/presentacion-del-cartel.webp 1024w, https:\/\/plazadetoroslamalagueta.com\/wp-content\/uploads\/2025\/02\/presentacion-del-cartel-300x225.webp 300w\" sizes=\"auto, (max-width: 1024px) 100vw, 1024px\" \/><\/div><\/div><\/div><\/div><\/div><\/div><\/section><section class=\"l-section wpb_row height_medium\"><div class=\"l-section-h i-cf\"><div class=\"g-cols vc_row via_grid cols_1 laptops-cols_inherit tablets-cols_inherit mobiles-cols_1 valign_top type_default stacking_default\"><div class=\"wpb_column vc_column_container\"><div class=\"vc_column-inner\"><div class=\"wpb_text_column\"><div class=\"wpb_wrapper\"><div class=\"flex max-w-full flex-col flex-grow\">\n<div class=\"min-h-8 text-message flex w-full flex-col items-end gap-2 whitespace-normal break-words text-start &#091;.text-message+&amp;&#093;:mt-5\" dir=\"auto\" data-message-author-role=\"assistant\" data-message-id=\"abb759ef-4215-4eea-aeff-cc54a5409bbc\" data-message-model-slug=\"gpt-4o\">\n<div class=\"flex w-full flex-col gap-1 empty:hidden first:pt-&#091;3px&#093;\">\n<div class=\"markdown prose w-full break-words dark:prose-invert light\">\n<p data-start=\"72\" data-end=\"308\">The painter <strong data-start=\"82\" data-end=\"106\">Pablo Alonso Herr\u00e1iz<\/strong> has presented the official poster for the <strong data-start=\"145\" data-end=\"172\">Corrida Picassiana 2025<\/strong>, in which he will make an artistic intervention on the ringside tables, evoking the different stages of the master <strong data-start=\"288\" data-end=\"305\">Pablo Picasso<\/strong>.<\/p>\n<p data-start=\"310\" data-end=\"560\">The event, which will be held on <strong data-start=\"341\" data-end=\"381\">Saturday, April 19 at 6:00 p.m.<\/strong>, will feature a first-class line-up, made up of the bullfighters <strong data-start=\"450\" data-end=\"497\">Sa\u00fal Jim\u00e9nez Fortes, Juan Ortega and Roca Rey<\/strong>, who will fight bulls from the <strong data-start=\"541\" data-end=\"557\">\u00c1lvaro N\u00fa\u00f1ez<\/strong> ranch.<\/p>\n<p data-start=\"562\" data-end=\"1020\">The presentation took place at the <strong data-start=\"595\" data-end=\"641\">Royal Academy of Fine Arts of San Telmo<\/strong>, with the presence of the president of the Diputaci\u00f3n de M\u00e1laga, <strong data-start=\"703\" data-end=\"723\">Francisco Salado<\/strong>, the councilor of Fiestas, <strong data-start=\"750\" data-end=\"767\">Teresa Porras<\/strong>, the businessman of Lances de Futuro, <strong data-start=\"804\" data-end=\"825\">Jos\u00e9 Mar\u00eda Garz\u00f3n<\/strong>, the president of the Academy, <strong data-start=\"857\" data-end=\"886\">Jos\u00e9 Manuel Cabra de Luna<\/strong>, and the bullfighter <strong data-start=\"900\" data-end=\"923\">Sa\u00fal Jim\u00e9nez Fortes<\/strong>, who was awarded the Silver Estoque for his outstanding performance in the fair of 2024.<\/p>\n<h2 data-start=\"1022\" data-end=\"1060\">An artistic and cultural tribute<\/h2>\n<p data-start=\"1062\" data-end=\"1459\">During the event, <strong data-start=\"1079\" data-end=\"1099\">Francisco Salado<\/strong> highlighted the avant-garde nature of bullfighting and its growing attraction among young people, defining it as a modern cultural expression of great impact. He also highlighted Picasso&#8217;s historical relationship with the San Telmo Academy and with La Malagueta bullring itself, where the painter attended bullfights as a child with his father.<\/p>\n<p data-start=\"1461\" data-end=\"1823\">The bullfight poster, the work of <strong data-start=\"1494\" data-end=\"1518\">Pablo Alonso Herr\u00e1iz<\/strong>, reflects a modern and avant-garde style, with influences from classical poster design and a clear nod to Mexican artistic tradition. Herr\u00e1iz, considered one of the most innovative painters on the Spanish scene, combines his artistic work with teaching at the University of Guadalajara (Mexico).<\/p>\n<p data-start=\"1825\" data-end=\"1960\">As part of this initiative, the poster will be donated and exhibited in the future <strong data-start=\"1902\" data-end=\"1957\">Center for Immersive Experiences of Bullfighting<\/strong>.<\/p>\n<h3 data-start=\"1962\" data-end=\"2010\">La Malagueta recovers its historical essence<\/h3>\n<p data-start=\"2012\" data-end=\"2408\">The bullring of Malaga will wear a special scenery for the occasion. In collaboration with <strong data-start=\"2110\" data-end=\"2130\">Lances de Futuro<\/strong>, the <strong data-start=\"2135\" data-end=\"2159\">Diputaci\u00f3n de M\u00e1laga<\/strong> has designed a setting that recalls the origins of the bullring. The bullring will have the stripes painted red, the boxes on the second floor will be decorated with garlands and those on the second floor with flags of <strong data-start=\"2363\" data-end=\"2405\">Spain, Andalusia and manila shawls<\/strong>.<\/p>\n<p data-start=\"2410\" data-end=\"2546\">In addition, a tradition of yesteryear will be recovered: the announcement of the bullfights by loudspeakers, as it was done in Malaga until the 70s.<\/p>\n<\/div>\n<\/div>\n<\/div>\n<\/div>\n<\/div><\/div><div class=\"w-separator size_medium\"><\/div><div class=\"w-btn-wrapper align_center\"><a class=\"w-btn us-btn-style_1\" href=\"https:\/\/plazadetoroslamalagueta.com\/en\/malaga-bullfight-tickets\/\"><span class=\"w-btn-label\">Buy tickets<\/span><\/a><\/div><\/div><\/div><\/div><\/div><\/section><section class=\"l-section wpb_row height_medium\"><div class=\"l-section-h i-cf\"><div class=\"g-cols vc_row via_grid cols_1 laptops-cols_inherit tablets-cols_inherit mobiles-cols_1 valign_top type_default stacking_default\"><div class=\"wpb_column vc_column_container\"><div class=\"vc_column-inner\"><div class=\"w-gallery fit_cover type_grid ratio_1x1 count_4\" style=\"--columns:4;--items-gap:10px;\"><div class=\"w-gallery-list\"><div class=\"w-gallery-item\"><div class=\"w-gallery-item-img\"><img loading=\"lazy\" decoding=\"async\" width=\"1024\" height=\"768\" src=\"https:\/\/plazadetoroslamalagueta.com\/wp-content\/uploads\/2025\/02\/presentacion-cartel-malaga.webp\" class=\"attachment-large size-large\" alt=\"\" srcset=\"https:\/\/plazadetoroslamalagueta.com\/wp-content\/uploads\/2025\/02\/presentacion-cartel-malaga.webp 1024w, https:\/\/plazadetoroslamalagueta.com\/wp-content\/uploads\/2025\/02\/presentacion-cartel-malaga-300x225.webp 300w\" sizes=\"auto, (max-width: 1024px) 100vw, 1024px\" \/><\/div><\/div><div class=\"w-gallery-item\"><div class=\"w-gallery-item-img\"><img loading=\"lazy\" decoding=\"async\" width=\"1024\" height=\"767\" src=\"https:\/\/plazadetoroslamalagueta.com\/wp-content\/uploads\/2025\/02\/presentacion-del-cartel.webp\" class=\"attachment-large size-large\" alt=\"\" srcset=\"https:\/\/plazadetoroslamalagueta.com\/wp-content\/uploads\/2025\/02\/presentacion-del-cartel.webp 1024w, https:\/\/plazadetoroslamalagueta.com\/wp-content\/uploads\/2025\/02\/presentacion-del-cartel-300x225.webp 300w\" sizes=\"auto, (max-width: 1024px) 100vw, 1024px\" \/><\/div><\/div><div class=\"w-gallery-item\"><div class=\"w-gallery-item-img\"><img loading=\"lazy\" decoding=\"async\" width=\"1024\" height=\"768\" src=\"https:\/\/plazadetoroslamalagueta.com\/wp-content\/uploads\/2025\/02\/presentacion-cartel.webp\" class=\"attachment-large size-large\" alt=\"\" srcset=\"https:\/\/plazadetoroslamalagueta.com\/wp-content\/uploads\/2025\/02\/presentacion-cartel.webp 1024w, https:\/\/plazadetoroslamalagueta.com\/wp-content\/uploads\/2025\/02\/presentacion-cartel-300x225.webp 300w\" sizes=\"auto, (max-width: 1024px) 100vw, 1024px\" \/><\/div><\/div><div class=\"w-gallery-item\"><div class=\"w-gallery-item-img\"><img loading=\"lazy\" decoding=\"async\" width=\"1024\" height=\"826\" src=\"https:\/\/plazadetoroslamalagueta.com\/wp-content\/uploads\/2025\/02\/Presentacion-cartel-2025-malaga-1024x826.webp\" class=\"attachment-large size-large\" alt=\"\" srcset=\"https:\/\/plazadetoroslamalagueta.com\/wp-content\/uploads\/2025\/02\/Presentacion-cartel-2025-malaga-1024x826.webp 1024w, https:\/\/plazadetoroslamalagueta.com\/wp-content\/uploads\/2025\/02\/Presentacion-cartel-2025-malaga-300x242.webp 300w, https:\/\/plazadetoroslamalagueta.com\/wp-content\/uploads\/2025\/02\/Presentacion-cartel-2025-malaga.webp 1240w\" sizes=\"auto, (max-width: 1024px) 100vw, 1024px\" \/><\/div><\/div><\/div><\/div><\/div><\/div><\/div><\/div><\/section>\n","protected":false},"excerpt":{"rendered":"The Diputaci\u00f3n de M\u00e1laga presents the artistic scenography of the Picassiana bullfight, a work by Pablo Alonso Herr\u00e1iz The painter Pablo Alonso Herr\u00e1iz has presented the official poster for the Corrida Picassiana 2025, in which he will make an artistic intervention on the ringside tables, evoking the different stages of the master Pablo Picasso. The...","protected":false},"author":4,"featured_media":23684,"comment_status":"open","ping_status":"open","sticky":false,"template":"","format":"standard","meta":{"footnotes":""},"categories":[250],"tags":[],"class_list":["post-23706","post","type-post","status-publish","format-standard","has-post-thumbnail","hentry","category-about-the-bullring"],"yoast_head":"<!-- This site is optimized with the Yoast SEO plugin v27.5 - https:\/\/yoast.com\/product\/yoast-seo-wordpress\/ -->\n<title>Presentation of the Poster Picassiana 2025 | Plaza de Toros Malaga<\/title>\n<meta name=\"description\" content=\"News | Presentation of the new poster for the bullfight Picassiana 2025 in Malaga. Discover the poster and buy your tickets\" \/>\n<meta name=\"robots\" content=\"index, follow, max-snippet:-1, max-image-preview:large, max-video-preview:-1\" \/>\n<link rel=\"canonical\" href=\"https:\/\/plazadetoroslamalagueta.com\/en\/presentation-poster-picassiana-2025\/\" \/>\n<meta property=\"og:locale\" content=\"en_US\" \/>\n<meta property=\"og:type\" content=\"article\" \/>\n<meta property=\"og:title\" content=\"Presentation of the Poster Picassiana 2025 | Plaza de Toros Malaga\" \/>\n<meta property=\"og:description\" content=\"News | Presentation of the new poster for the bullfight Picassiana 2025 in Malaga. Discover the poster and buy your tickets\" \/>\n<meta property=\"og:url\" content=\"https:\/\/plazadetoroslamalagueta.com\/en\/presentation-poster-picassiana-2025\/\" \/>\n<meta property=\"og:site_name\" content=\"Plaza de Toros La Malagueta\" \/>\n<meta property=\"article:published_time\" content=\"2025-02-17T09:28:49+00:00\" \/>\n<meta property=\"article:modified_time\" content=\"2025-02-17T09:30:27+00:00\" \/>\n<meta property=\"og:image\" content=\"https:\/\/plazadetoroslamalagueta.com\/wp-content\/uploads\/2025\/02\/Presentacion-cartel-2025-malaga.webp\" \/>\n\t<meta property=\"og:image:width\" content=\"1240\" \/>\n\t<meta property=\"og:image:height\" content=\"1000\" \/>\n\t<meta property=\"og:image:type\" content=\"image\/webp\" \/>\n<meta name=\"author\" content=\"Marketing\" \/>\n<meta name=\"twitter:card\" content=\"summary_large_image\" \/>\n<meta name=\"twitter:label1\" content=\"Written by\" \/>\n\t<meta name=\"twitter:data1\" content=\"Marketing\" \/>\n\t<meta name=\"twitter:label2\" content=\"Est. reading time\" \/>\n\t<meta name=\"twitter:data2\" content=\"3 minutes\" \/>\n<script type=\"application\/ld+json\" class=\"yoast-schema-graph\">{\"@context\":\"https:\\\/\\\/schema.org\",\"@graph\":[{\"@type\":\"Article\",\"@id\":\"https:\\\/\\\/plazadetoroslamalagueta.com\\\/en\\\/presentation-poster-picassiana-2025\\\/#article\",\"isPartOf\":{\"@id\":\"https:\\\/\\\/plazadetoroslamalagueta.com\\\/en\\\/presentation-poster-picassiana-2025\\\/\"},\"author\":{\"name\":\"Marketing\",\"@id\":\"https:\\\/\\\/plazadetoroslamalagueta.com\\\/en\\\/#\\\/schema\\\/person\\\/38da8099bb302a43fd2c5eaec4713c5e\"},\"headline\":\"Presentation poster picassiana 2025\",\"datePublished\":\"2025-02-17T09:28:49+00:00\",\"dateModified\":\"2025-02-17T09:30:27+00:00\",\"mainEntityOfPage\":{\"@id\":\"https:\\\/\\\/plazadetoroslamalagueta.com\\\/en\\\/presentation-poster-picassiana-2025\\\/\"},\"wordCount\":491,\"commentCount\":0,\"publisher\":{\"@id\":\"https:\\\/\\\/plazadetoroslamalagueta.com\\\/en\\\/#organization\"},\"image\":{\"@id\":\"https:\\\/\\\/plazadetoroslamalagueta.com\\\/en\\\/presentation-poster-picassiana-2025\\\/#primaryimage\"},\"thumbnailUrl\":\"https:\\\/\\\/plazadetoroslamalagueta.com\\\/wp-content\\\/uploads\\\/2025\\\/02\\\/Presentacion-cartel-2025-malaga.webp\",\"articleSection\":[\"About the bullring\"],\"inLanguage\":\"en-US\",\"potentialAction\":[{\"@type\":\"CommentAction\",\"name\":\"Comment\",\"target\":[\"https:\\\/\\\/plazadetoroslamalagueta.com\\\/en\\\/presentation-poster-picassiana-2025\\\/#respond\"]}]},{\"@type\":\"WebPage\",\"@id\":\"https:\\\/\\\/plazadetoroslamalagueta.com\\\/en\\\/presentation-poster-picassiana-2025\\\/\",\"url\":\"https:\\\/\\\/plazadetoroslamalagueta.com\\\/en\\\/presentation-poster-picassiana-2025\\\/\",\"name\":\"Presentation of the Poster Picassiana 2025 | Plaza de Toros Malaga\",\"isPartOf\":{\"@id\":\"https:\\\/\\\/plazadetoroslamalagueta.com\\\/en\\\/#website\"},\"primaryImageOfPage\":{\"@id\":\"https:\\\/\\\/plazadetoroslamalagueta.com\\\/en\\\/presentation-poster-picassiana-2025\\\/#primaryimage\"},\"image\":{\"@id\":\"https:\\\/\\\/plazadetoroslamalagueta.com\\\/en\\\/presentation-poster-picassiana-2025\\\/#primaryimage\"},\"thumbnailUrl\":\"https:\\\/\\\/plazadetoroslamalagueta.com\\\/wp-content\\\/uploads\\\/2025\\\/02\\\/Presentacion-cartel-2025-malaga.webp\",\"datePublished\":\"2025-02-17T09:28:49+00:00\",\"dateModified\":\"2025-02-17T09:30:27+00:00\",\"description\":\"News | Presentation of the new poster for the bullfight Picassiana 2025 in Malaga. Discover the poster and buy your tickets\",\"breadcrumb\":{\"@id\":\"https:\\\/\\\/plazadetoroslamalagueta.com\\\/en\\\/presentation-poster-picassiana-2025\\\/#breadcrumb\"},\"inLanguage\":\"en-US\",\"potentialAction\":[{\"@type\":\"ReadAction\",\"target\":[\"https:\\\/\\\/plazadetoroslamalagueta.com\\\/en\\\/presentation-poster-picassiana-2025\\\/\"]}]},{\"@type\":\"ImageObject\",\"inLanguage\":\"en-US\",\"@id\":\"https:\\\/\\\/plazadetoroslamalagueta.com\\\/en\\\/presentation-poster-picassiana-2025\\\/#primaryimage\",\"url\":\"https:\\\/\\\/plazadetoroslamalagueta.com\\\/wp-content\\\/uploads\\\/2025\\\/02\\\/Presentacion-cartel-2025-malaga.webp\",\"contentUrl\":\"https:\\\/\\\/plazadetoroslamalagueta.com\\\/wp-content\\\/uploads\\\/2025\\\/02\\\/Presentacion-cartel-2025-malaga.webp\",\"width\":1240,\"height\":1000},{\"@type\":\"BreadcrumbList\",\"@id\":\"https:\\\/\\\/plazadetoroslamalagueta.com\\\/en\\\/presentation-poster-picassiana-2025\\\/#breadcrumb\",\"itemListElement\":[{\"@type\":\"ListItem\",\"position\":1,\"name\":\"Inicio\",\"item\":\"https:\\\/\\\/plazadetoroslamalagueta.com\\\/en\\\/\"},{\"@type\":\"ListItem\",\"position\":2,\"name\":\"Presentation poster picassiana 2025\"}]},{\"@type\":\"WebSite\",\"@id\":\"https:\\\/\\\/plazadetoroslamalagueta.com\\\/en\\\/#website\",\"url\":\"https:\\\/\\\/plazadetoroslamalagueta.com\\\/en\\\/\",\"name\":\"Plaza de Toros de la Malagueta\",\"description\":\"La Plaza de Toros de M\u00e1laga, de nombre La Malagueta, es un edificio reconocido Bien de Inter\u00e9s Cultural, que ofrece visitas tur\u00edsticas y corridas de toros y otros tipos de espect\u00e1culo durante todo el a\u00f1o.\",\"publisher\":{\"@id\":\"https:\\\/\\\/plazadetoroslamalagueta.com\\\/en\\\/#organization\"},\"alternateName\":\"Plaza de Toros M\u00e1laga\",\"potentialAction\":[{\"@type\":\"SearchAction\",\"target\":{\"@type\":\"EntryPoint\",\"urlTemplate\":\"https:\\\/\\\/plazadetoroslamalagueta.com\\\/en\\\/?s={search_term_string}\"},\"query-input\":{\"@type\":\"PropertyValueSpecification\",\"valueRequired\":true,\"valueName\":\"search_term_string\"}}],\"inLanguage\":\"en-US\"},{\"@type\":\"Organization\",\"@id\":\"https:\\\/\\\/plazadetoroslamalagueta.com\\\/en\\\/#organization\",\"name\":\"Plaza de Toros la Malagueta\",\"url\":\"https:\\\/\\\/plazadetoroslamalagueta.com\\\/en\\\/\",\"logo\":{\"@type\":\"ImageObject\",\"inLanguage\":\"en-US\",\"@id\":\"https:\\\/\\\/plazadetoroslamalagueta.com\\\/en\\\/#\\\/schema\\\/logo\\\/image\\\/\",\"url\":\"https:\\\/\\\/plazadetoroslamalagueta.com\\\/wp-content\\\/uploads\\\/2024\\\/02\\\/Logo-plaza-toros.webp\",\"contentUrl\":\"https:\\\/\\\/plazadetoroslamalagueta.com\\\/wp-content\\\/uploads\\\/2024\\\/02\\\/Logo-plaza-toros.webp\",\"width\":100,\"height\":100,\"caption\":\"Plaza de Toros la Malagueta\"},\"image\":{\"@id\":\"https:\\\/\\\/plazadetoroslamalagueta.com\\\/en\\\/#\\\/schema\\\/logo\\\/image\\\/\"}},{\"@type\":\"Person\",\"@id\":\"https:\\\/\\\/plazadetoroslamalagueta.com\\\/en\\\/#\\\/schema\\\/person\\\/38da8099bb302a43fd2c5eaec4713c5e\",\"name\":\"Marketing\",\"image\":{\"@type\":\"ImageObject\",\"inLanguage\":\"en-US\",\"@id\":\"https:\\\/\\\/secure.gravatar.com\\\/avatar\\\/2c03e1a8691cff42cdbffdaf0b1a4a8d0203aaa61e9a18db2956bd6c8b777fd6?s=96&d=mm&r=g\",\"url\":\"https:\\\/\\\/secure.gravatar.com\\\/avatar\\\/2c03e1a8691cff42cdbffdaf0b1a4a8d0203aaa61e9a18db2956bd6c8b777fd6?s=96&d=mm&r=g\",\"contentUrl\":\"https:\\\/\\\/secure.gravatar.com\\\/avatar\\\/2c03e1a8691cff42cdbffdaf0b1a4a8d0203aaa61e9a18db2956bd6c8b777fd6?s=96&d=mm&r=g\",\"caption\":\"Marketing\"},\"url\":\"https:\\\/\\\/plazadetoroslamalagueta.com\\\/en\\\/author\\\/marketing\\\/\"}]}<\/script>\n<!-- \/ Yoast SEO plugin. -->","yoast_head_json":{"title":"Presentation of the Poster Picassiana 2025 | Plaza de Toros Malaga","description":"News | Presentation of the new poster for the bullfight Picassiana 2025 in Malaga. Discover the poster and buy your tickets","robots":{"index":"index","follow":"follow","max-snippet":"max-snippet:-1","max-image-preview":"max-image-preview:large","max-video-preview":"max-video-preview:-1"},"canonical":"https:\/\/plazadetoroslamalagueta.com\/en\/presentation-poster-picassiana-2025\/","og_locale":"en_US","og_type":"article","og_title":"Presentation of the Poster Picassiana 2025 | Plaza de Toros Malaga","og_description":"News | Presentation of the new poster for the bullfight Picassiana 2025 in Malaga. Discover the poster and buy your tickets","og_url":"https:\/\/plazadetoroslamalagueta.com\/en\/presentation-poster-picassiana-2025\/","og_site_name":"Plaza de Toros La Malagueta","article_published_time":"2025-02-17T09:28:49+00:00","article_modified_time":"2025-02-17T09:30:27+00:00","og_image":[{"width":1240,"height":1000,"url":"https:\/\/plazadetoroslamalagueta.com\/wp-content\/uploads\/2025\/02\/Presentacion-cartel-2025-malaga.webp","type":"image\/webp"}],"author":"Marketing","twitter_card":"summary_large_image","twitter_misc":{"Written by":"Marketing","Est. reading time":"3 minutes"},"schema":{"@context":"https:\/\/schema.org","@graph":[{"@type":"Article","@id":"https:\/\/plazadetoroslamalagueta.com\/en\/presentation-poster-picassiana-2025\/#article","isPartOf":{"@id":"https:\/\/plazadetoroslamalagueta.com\/en\/presentation-poster-picassiana-2025\/"},"author":{"name":"Marketing","@id":"https:\/\/plazadetoroslamalagueta.com\/en\/#\/schema\/person\/38da8099bb302a43fd2c5eaec4713c5e"},"headline":"Presentation poster picassiana 2025","datePublished":"2025-02-17T09:28:49+00:00","dateModified":"2025-02-17T09:30:27+00:00","mainEntityOfPage":{"@id":"https:\/\/plazadetoroslamalagueta.com\/en\/presentation-poster-picassiana-2025\/"},"wordCount":491,"commentCount":0,"publisher":{"@id":"https:\/\/plazadetoroslamalagueta.com\/en\/#organization"},"image":{"@id":"https:\/\/plazadetoroslamalagueta.com\/en\/presentation-poster-picassiana-2025\/#primaryimage"},"thumbnailUrl":"https:\/\/plazadetoroslamalagueta.com\/wp-content\/uploads\/2025\/02\/Presentacion-cartel-2025-malaga.webp","articleSection":["About the bullring"],"inLanguage":"en-US","potentialAction":[{"@type":"CommentAction","name":"Comment","target":["https:\/\/plazadetoroslamalagueta.com\/en\/presentation-poster-picassiana-2025\/#respond"]}]},{"@type":"WebPage","@id":"https:\/\/plazadetoroslamalagueta.com\/en\/presentation-poster-picassiana-2025\/","url":"https:\/\/plazadetoroslamalagueta.com\/en\/presentation-poster-picassiana-2025\/","name":"Presentation of the Poster Picassiana 2025 | Plaza de Toros Malaga","isPartOf":{"@id":"https:\/\/plazadetoroslamalagueta.com\/en\/#website"},"primaryImageOfPage":{"@id":"https:\/\/plazadetoroslamalagueta.com\/en\/presentation-poster-picassiana-2025\/#primaryimage"},"image":{"@id":"https:\/\/plazadetoroslamalagueta.com\/en\/presentation-poster-picassiana-2025\/#primaryimage"},"thumbnailUrl":"https:\/\/plazadetoroslamalagueta.com\/wp-content\/uploads\/2025\/02\/Presentacion-cartel-2025-malaga.webp","datePublished":"2025-02-17T09:28:49+00:00","dateModified":"2025-02-17T09:30:27+00:00","description":"News | Presentation of the new poster for the bullfight Picassiana 2025 in Malaga. Discover the poster and buy your tickets","breadcrumb":{"@id":"https:\/\/plazadetoroslamalagueta.com\/en\/presentation-poster-picassiana-2025\/#breadcrumb"},"inLanguage":"en-US","potentialAction":[{"@type":"ReadAction","target":["https:\/\/plazadetoroslamalagueta.com\/en\/presentation-poster-picassiana-2025\/"]}]},{"@type":"ImageObject","inLanguage":"en-US","@id":"https:\/\/plazadetoroslamalagueta.com\/en\/presentation-poster-picassiana-2025\/#primaryimage","url":"https:\/\/plazadetoroslamalagueta.com\/wp-content\/uploads\/2025\/02\/Presentacion-cartel-2025-malaga.webp","contentUrl":"https:\/\/plazadetoroslamalagueta.com\/wp-content\/uploads\/2025\/02\/Presentacion-cartel-2025-malaga.webp","width":1240,"height":1000},{"@type":"BreadcrumbList","@id":"https:\/\/plazadetoroslamalagueta.com\/en\/presentation-poster-picassiana-2025\/#breadcrumb","itemListElement":[{"@type":"ListItem","position":1,"name":"Inicio","item":"https:\/\/plazadetoroslamalagueta.com\/en\/"},{"@type":"ListItem","position":2,"name":"Presentation poster picassiana 2025"}]},{"@type":"WebSite","@id":"https:\/\/plazadetoroslamalagueta.com\/en\/#website","url":"https:\/\/plazadetoroslamalagueta.com\/en\/","name":"Plaza de Toros de la Malagueta","description":"La Plaza de Toros de M\u00e1laga, de nombre La Malagueta, es un edificio reconocido Bien de Inter\u00e9s Cultural, que ofrece visitas tur\u00edsticas y corridas de toros y otros tipos de espect\u00e1culo durante todo el a\u00f1o.","publisher":{"@id":"https:\/\/plazadetoroslamalagueta.com\/en\/#organization"},"alternateName":"Plaza de Toros M\u00e1laga","potentialAction":[{"@type":"SearchAction","target":{"@type":"EntryPoint","urlTemplate":"https:\/\/plazadetoroslamalagueta.com\/en\/?s={search_term_string}"},"query-input":{"@type":"PropertyValueSpecification","valueRequired":true,"valueName":"search_term_string"}}],"inLanguage":"en-US"},{"@type":"Organization","@id":"https:\/\/plazadetoroslamalagueta.com\/en\/#organization","name":"Plaza de Toros la Malagueta","url":"https:\/\/plazadetoroslamalagueta.com\/en\/","logo":{"@type":"ImageObject","inLanguage":"en-US","@id":"https:\/\/plazadetoroslamalagueta.com\/en\/#\/schema\/logo\/image\/","url":"https:\/\/plazadetoroslamalagueta.com\/wp-content\/uploads\/2024\/02\/Logo-plaza-toros.webp","contentUrl":"https:\/\/plazadetoroslamalagueta.com\/wp-content\/uploads\/2024\/02\/Logo-plaza-toros.webp","width":100,"height":100,"caption":"Plaza de Toros la Malagueta"},"image":{"@id":"https:\/\/plazadetoroslamalagueta.com\/en\/#\/schema\/logo\/image\/"}},{"@type":"Person","@id":"https:\/\/plazadetoroslamalagueta.com\/en\/#\/schema\/person\/38da8099bb302a43fd2c5eaec4713c5e","name":"Marketing","image":{"@type":"ImageObject","inLanguage":"en-US","@id":"https:\/\/secure.gravatar.com\/avatar\/2c03e1a8691cff42cdbffdaf0b1a4a8d0203aaa61e9a18db2956bd6c8b777fd6?s=96&d=mm&r=g","url":"https:\/\/secure.gravatar.com\/avatar\/2c03e1a8691cff42cdbffdaf0b1a4a8d0203aaa61e9a18db2956bd6c8b777fd6?s=96&d=mm&r=g","contentUrl":"https:\/\/secure.gravatar.com\/avatar\/2c03e1a8691cff42cdbffdaf0b1a4a8d0203aaa61e9a18db2956bd6c8b777fd6?s=96&d=mm&r=g","caption":"Marketing"},"url":"https:\/\/plazadetoroslamalagueta.com\/en\/author\/marketing\/"}]}},"_links":{"self":[{"href":"https:\/\/plazadetoroslamalagueta.com\/en\/wp-json\/wp\/v2\/posts\/23706","targetHints":{"allow":["GET"]}}],"collection":[{"href":"https:\/\/plazadetoroslamalagueta.com\/en\/wp-json\/wp\/v2\/posts"}],"about":[{"href":"https:\/\/plazadetoroslamalagueta.com\/en\/wp-json\/wp\/v2\/types\/post"}],"author":[{"embeddable":true,"href":"https:\/\/plazadetoroslamalagueta.com\/en\/wp-json\/wp\/v2\/users\/4"}],"replies":[{"embeddable":true,"href":"https:\/\/plazadetoroslamalagueta.com\/en\/wp-json\/wp\/v2\/comments?post=23706"}],"version-history":[{"count":3,"href":"https:\/\/plazadetoroslamalagueta.com\/en\/wp-json\/wp\/v2\/posts\/23706\/revisions"}],"predecessor-version":[{"id":23717,"href":"https:\/\/plazadetoroslamalagueta.com\/en\/wp-json\/wp\/v2\/posts\/23706\/revisions\/23717"}],"wp:featuredmedia":[{"embeddable":true,"href":"https:\/\/plazadetoroslamalagueta.com\/en\/wp-json\/wp\/v2\/media\/23684"}],"wp:attachment":[{"href":"https:\/\/plazadetoroslamalagueta.com\/en\/wp-json\/wp\/v2\/media?parent=23706"}],"wp:term":[{"taxonomy":"category","embeddable":true,"href":"https:\/\/plazadetoroslamalagueta.com\/en\/wp-json\/wp\/v2\/categories?post=23706"},{"taxonomy":"post_tag","embeddable":true,"href":"https:\/\/plazadetoroslamalagueta.com\/en\/wp-json\/wp\/v2\/tags?post=23706"}],"curies":[{"name":"wp","href":"https:\/\/api.w.org\/{rel}","templated":true}]}}