{"id":22365,"date":"2024-06-13T16:53:47","date_gmt":"2024-06-13T14:53:47","guid":{"rendered":"https:\/\/plazadetoroslamalagueta.com\/august-2024-fair-presentation\/"},"modified":"2025-01-15T13:09:44","modified_gmt":"2025-01-15T12:09:44","slug":"august-2024-fair-presentation","status":"publish","type":"post","link":"https:\/\/plazadetoroslamalagueta.com\/en\/august-2024-fair-presentation\/","title":{"rendered":"August 2024 Fair Presentation"},"content":{"rendered":"<section class=\"l-section wpb_row height_medium\"><div class=\"l-section-h i-cf\"><div class=\"g-cols vc_row via_grid cols_1 laptops-cols_inherit tablets-cols_inherit mobiles-cols_1 valign_top type_default stacking_default\"><div class=\"wpb_column vc_column_container\"><div class=\"vc_column-inner\">[vc_custom_heading source=&#8221;post_title&#8221; font_container=&#8221;tag:h1|text_align:left&#8221;]<div class=\"w-image align_none\"><div class=\"w-image-h\"><img decoding=\"async\" width=\"1024\" height=\"768\" src=\"https:\/\/plazadetoroslamalagueta.com\/wp-content\/uploads\/2024\/06\/presentacion-feria-agosto-1024x768.jpg\" class=\"attachment-large size-large\" alt=\"bullfighting poster malaga 2024\" loading=\"lazy\" srcset=\"https:\/\/plazadetoroslamalagueta.com\/wp-content\/uploads\/2024\/06\/presentacion-feria-agosto-1024x768.jpg 1024w, https:\/\/plazadetoroslamalagueta.com\/wp-content\/uploads\/2024\/06\/presentacion-feria-agosto-300x225.jpg 300w, https:\/\/plazadetoroslamalagueta.com\/wp-content\/uploads\/2024\/06\/presentacion-feria-agosto.jpg 1100w\" sizes=\"auto, (max-width: 1024px) 100vw, 1024px\" \/><\/div><\/div><\/div><\/div><\/div><\/div><\/section><section class=\"l-section wpb_row height_medium\"><div class=\"l-section-h i-cf\"><div class=\"g-cols vc_row via_grid cols_1 laptops-cols_inherit tablets-cols_inherit mobiles-cols_1 valign_top type_default stacking_default\"><div class=\"wpb_column vc_column_container\"><div class=\"vc_column-inner\"><div class=\"wpb_text_column\"><div class=\"wpb_wrapper\"><p>From August 14 to 20 will be held the Malaga Bullfighting Fair 2024, which will be a tribute to Francisco Rivera Paquirri on the 40th anniversary of his death with the participation of his son Cayetano Rivera in the Picassiana, one of the five bullfights planned, which also include a mano a mano between Roca Rey and Fortes and the farewell of Enrique Ponce.<br \/>\nIn addition, there will be a novillada with picadors and a bullfight, and from August 21 to 24 will take place the XVII International Contest of Bullfighting Schools of the Malagueta. This has been announced by the president of the Provincial Council of Malaga, Francisco Salado, along with the Councillor for Festivals of the City of Malaga, Teresa Porras, the territorial delegate of Justice and Local Government of the Junta de Andaluc\u00eda, Teresa Pardo, and the entrepreneur of Lances de Futuro, Jos\u00e9 Mar\u00eda Garz\u00f3n, during the presentation ceremony in the Isabel Oyarz\u00e1bal Hall of the Provincial Council, where there have also been some of the performers of the fair, representatives of the various bullfighting groups in the province and fans. The presentation ceremony has revolved around the tribute to Francisco Rivera Paquirri, historical figure of bullfighting, on the 40th anniversary of his death in Pozoblanco. For this reason, Cayetano Rivera, one of the sons of the late Paquirri, was present, and unpublished images from the Filmoteca de Andaluc\u00eda (Andalusian Film Library) were shown in which the Barbate bullfighter appears fighting in the Malaga bullring.<br \/>\nAlso personal friends of Paquirri as Francisco Ceballos and Antonio Hidalgo have expressed their testimonies and experiences with Paquirri.<br \/>\nFrancisco Salado has highlighted the difficulty of putting together the posters of this fair &#8220;which has all the ingredients to be a resounding success as it happened last year&#8221;. For his part, the businessman of Lances de Futuro, Jos\u00e9 Mar\u00eda Garz\u00f3n stressed that &#8220;we have designed a fair with bullfighting figures and young values of bullfighting. The farewell of a bullfighter of the stature of Enrique Ponce, protagonist of great moments in La Malagueta; the winner of San Isidro as is Borja Jim\u00e9nez; the bullfighter revelation in Las Ventas who is David Galv\u00e1n and the opportunity to a bullfighter from Malaga as Orozco in the bullfight bullfighter, and two young bullfighters in the bullfight of the fair&#8221;. &#8220;A fair where we count on Juan Ortega, who performed the best faena of the Seville Fair or Morante, the idea is is to be in La Malagueta in August,&#8221; Garz\u00f3n indicated. &#8220;We will celebrate the Corrida Picassiana that could not take place at Easter due to the rain. We are facing an extraordinary bullfight, where the bullring will look like in every Picassiana a special decoration in charge of Pedro Sandoval, one of the most important artists of the plastic arts and of the abstract style and the symphonic orchestra of Malaga will be the one that will put the soundtrack to this celebration&#8221;. Garz\u00f3n has emphasized the cattle aspect, &#8220;a fair with a variety of encastes and great cattle ranches&#8221;. &#8220;And as a culmination, a hand to hand of height with the maximum figure of bullfighting as Roca Rey with Fortes, the triumphant bullfighter of Malaga,&#8221; said the businessman. &#8220;As for the prices, a shadow ticket for subscribers has a cost of 50 euros, while in the sunny seats you can buy tickets from 15 euros of subscription,&#8221; said Garzon.<br \/>\nAs for the tribute to Paquirri, Garzon has indicated that &#8220;we wanted to pay tribute to a figure of bullfighting as Paquirri on the 40th anniversary of his death.&#8221;<\/p>\n<\/div><\/div><\/div><\/div><\/div><\/div><\/section><section class=\"l-section wpb_row height_medium\"><div class=\"l-section-h i-cf\"><div class=\"g-cols vc_row via_grid cols_1 laptops-cols_inherit tablets-cols_inherit mobiles-cols_1 valign_top type_default stacking_default\"><div class=\"wpb_column vc_column_container\"><div class=\"vc_column-inner\"><div class=\"wpb_text_column\"><div class=\"wpb_wrapper\"><p style=\"text-align: center;\">\n<table id=\"tablepress-1\" class=\"tablepress tablepress-id-1\">\n<thead>\n<tr class=\"row-1\">\n\t<th class=\"column-1\">Evento<\/th><th class=\"column-2\">D\u00eda<\/th><th class=\"column-3\">Toreros que participan<\/th>\n<\/tr>\n<\/thead>\n<tbody class=\"row-striping row-hover\">\n<tr class=\"row-2\">\n\t<td class=\"column-1\">Festival ben\u00e9fico<\/td><td class=\"column-2\">6 Junio<\/td><td class=\"column-3\">Por confirmar<\/td>\n<\/tr>\n<tr class=\"row-3\">\n\t<td class=\"column-1\">Corrida toros 150 aniversario<\/td><td class=\"column-2\">7 Junio<\/td><td class=\"column-3\">Por confirmar<\/td>\n<\/tr>\n<tr class=\"row-4\">\n\t<td class=\"column-1\">Concurso de recortes<\/td><td class=\"column-2\">13 Junio<\/td><td class=\"column-3\">Por confirmar<\/td>\n<\/tr>\n<tr class=\"row-5\">\n\t<td class=\"column-1\">Novilladas<\/td><td class=\"column-2\">14 Junio<\/td><td class=\"column-3\">Por confirmar<\/td>\n<\/tr>\n<\/tbody>\n<\/table>\n<!-- #tablepress-1 from cache --><\/p>\n<\/div><\/div><\/div><\/div><\/div><\/div><\/section>\n","protected":false},"excerpt":{"rendered":"[vc_custom_heading source=\"post_title\" font_container=\"tag:h1|text_align:left\"]From August 14 to 20 will be held the Malaga Bullfighting Fair 2024, which will be a tribute to Francisco Rivera Paquirri on the 40th anniversary of his death with the participation of his son Cayetano Rivera in the Picassiana, one of the five bullfights planned, which also include a mano a mano...","protected":false},"author":4,"featured_media":15387,"comment_status":"open","ping_status":"open","sticky":false,"template":"","format":"standard","meta":{"footnotes":""},"categories":[250],"tags":[],"class_list":["post-22365","post","type-post","status-publish","format-standard","has-post-thumbnail","hentry","category-about-the-bullring"],"yoast_head":"<!-- This site is optimized with the Yoast SEO plugin v27.5 - https:\/\/yoast.com\/product\/yoast-seo-wordpress\/ -->\n<title>Presentation Feria de Agosto 2024 : Bullring M\u00e1laga<\/title>\n<meta name=\"description\" content=\"The new poster for the August bullfighting festival in the Malagueta bullring has been presented. Discover the participating bullfighters!\" \/>\n<meta name=\"robots\" content=\"index, follow, max-snippet:-1, max-image-preview:large, max-video-preview:-1\" \/>\n<link rel=\"canonical\" href=\"https:\/\/plazadetoroslamalagueta.com\/en\/august-2024-fair-presentation\/\" \/>\n<meta property=\"og:locale\" content=\"en_US\" \/>\n<meta property=\"og:type\" content=\"article\" \/>\n<meta property=\"og:title\" content=\"Presentation Feria de Agosto 2024 : Bullring M\u00e1laga\" \/>\n<meta property=\"og:description\" content=\"The new poster for the August bullfighting festival in the Malagueta bullring has been presented. Discover the participating bullfighters!\" \/>\n<meta property=\"og:url\" content=\"https:\/\/plazadetoroslamalagueta.com\/en\/august-2024-fair-presentation\/\" \/>\n<meta property=\"og:site_name\" content=\"Plaza de Toros La Malagueta\" \/>\n<meta property=\"article:published_time\" content=\"2024-06-13T14:53:47+00:00\" \/>\n<meta property=\"article:modified_time\" content=\"2025-01-15T12:09:44+00:00\" \/>\n<meta property=\"og:image\" content=\"https:\/\/plazadetoroslamalagueta.com\/wp-content\/uploads\/2024\/06\/presentacion-feria-agosto.jpg\" \/>\n\t<meta property=\"og:image:width\" content=\"1100\" \/>\n\t<meta property=\"og:image:height\" content=\"825\" \/>\n\t<meta property=\"og:image:type\" content=\"image\/jpeg\" \/>\n<meta name=\"author\" content=\"Marketing\" \/>\n<meta name=\"twitter:card\" content=\"summary_large_image\" \/>\n<meta name=\"twitter:label1\" content=\"Written by\" \/>\n\t<meta name=\"twitter:data1\" content=\"Marketing\" \/>\n\t<meta name=\"twitter:label2\" content=\"Est. reading time\" \/>\n\t<meta name=\"twitter:data2\" content=\"3 minutes\" \/>\n<script type=\"application\/ld+json\" class=\"yoast-schema-graph\">{\"@context\":\"https:\\\/\\\/schema.org\",\"@graph\":[{\"@type\":\"Article\",\"@id\":\"https:\\\/\\\/plazadetoroslamalagueta.com\\\/en\\\/august-2024-fair-presentation\\\/#article\",\"isPartOf\":{\"@id\":\"https:\\\/\\\/plazadetoroslamalagueta.com\\\/en\\\/august-2024-fair-presentation\\\/\"},\"author\":{\"name\":\"Marketing\",\"@id\":\"https:\\\/\\\/plazadetoroslamalagueta.com\\\/en\\\/#\\\/schema\\\/person\\\/38da8099bb302a43fd2c5eaec4713c5e\"},\"headline\":\"August 2024 Fair Presentation\",\"datePublished\":\"2024-06-13T14:53:47+00:00\",\"dateModified\":\"2025-01-15T12:09:44+00:00\",\"mainEntityOfPage\":{\"@id\":\"https:\\\/\\\/plazadetoroslamalagueta.com\\\/en\\\/august-2024-fair-presentation\\\/\"},\"wordCount\":659,\"commentCount\":0,\"publisher\":{\"@id\":\"https:\\\/\\\/plazadetoroslamalagueta.com\\\/en\\\/#organization\"},\"image\":{\"@id\":\"https:\\\/\\\/plazadetoroslamalagueta.com\\\/en\\\/august-2024-fair-presentation\\\/#primaryimage\"},\"thumbnailUrl\":\"https:\\\/\\\/plazadetoroslamalagueta.com\\\/wp-content\\\/uploads\\\/2024\\\/06\\\/presentacion-feria-agosto.jpg\",\"articleSection\":[\"About the bullring\"],\"inLanguage\":\"en-US\",\"potentialAction\":[{\"@type\":\"CommentAction\",\"name\":\"Comment\",\"target\":[\"https:\\\/\\\/plazadetoroslamalagueta.com\\\/en\\\/august-2024-fair-presentation\\\/#respond\"]}]},{\"@type\":\"WebPage\",\"@id\":\"https:\\\/\\\/plazadetoroslamalagueta.com\\\/en\\\/august-2024-fair-presentation\\\/\",\"url\":\"https:\\\/\\\/plazadetoroslamalagueta.com\\\/en\\\/august-2024-fair-presentation\\\/\",\"name\":\"Presentation Feria de Agosto 2024 : Bullring M\u00e1laga\",\"isPartOf\":{\"@id\":\"https:\\\/\\\/plazadetoroslamalagueta.com\\\/en\\\/#website\"},\"primaryImageOfPage\":{\"@id\":\"https:\\\/\\\/plazadetoroslamalagueta.com\\\/en\\\/august-2024-fair-presentation\\\/#primaryimage\"},\"image\":{\"@id\":\"https:\\\/\\\/plazadetoroslamalagueta.com\\\/en\\\/august-2024-fair-presentation\\\/#primaryimage\"},\"thumbnailUrl\":\"https:\\\/\\\/plazadetoroslamalagueta.com\\\/wp-content\\\/uploads\\\/2024\\\/06\\\/presentacion-feria-agosto.jpg\",\"datePublished\":\"2024-06-13T14:53:47+00:00\",\"dateModified\":\"2025-01-15T12:09:44+00:00\",\"description\":\"The new poster for the August bullfighting festival in the Malagueta bullring has been presented. Discover the participating bullfighters!\",\"breadcrumb\":{\"@id\":\"https:\\\/\\\/plazadetoroslamalagueta.com\\\/en\\\/august-2024-fair-presentation\\\/#breadcrumb\"},\"inLanguage\":\"en-US\",\"potentialAction\":[{\"@type\":\"ReadAction\",\"target\":[\"https:\\\/\\\/plazadetoroslamalagueta.com\\\/en\\\/august-2024-fair-presentation\\\/\"]}]},{\"@type\":\"ImageObject\",\"inLanguage\":\"en-US\",\"@id\":\"https:\\\/\\\/plazadetoroslamalagueta.com\\\/en\\\/august-2024-fair-presentation\\\/#primaryimage\",\"url\":\"https:\\\/\\\/plazadetoroslamalagueta.com\\\/wp-content\\\/uploads\\\/2024\\\/06\\\/presentacion-feria-agosto.jpg\",\"contentUrl\":\"https:\\\/\\\/plazadetoroslamalagueta.com\\\/wp-content\\\/uploads\\\/2024\\\/06\\\/presentacion-feria-agosto.jpg\",\"width\":1100,\"height\":825,\"caption\":\"bullfighting poster malaga 2024\"},{\"@type\":\"BreadcrumbList\",\"@id\":\"https:\\\/\\\/plazadetoroslamalagueta.com\\\/en\\\/august-2024-fair-presentation\\\/#breadcrumb\",\"itemListElement\":[{\"@type\":\"ListItem\",\"position\":1,\"name\":\"Inicio\",\"item\":\"https:\\\/\\\/plazadetoroslamalagueta.com\\\/en\\\/\"},{\"@type\":\"ListItem\",\"position\":2,\"name\":\"August 2024 Fair Presentation\"}]},{\"@type\":\"WebSite\",\"@id\":\"https:\\\/\\\/plazadetoroslamalagueta.com\\\/en\\\/#website\",\"url\":\"https:\\\/\\\/plazadetoroslamalagueta.com\\\/en\\\/\",\"name\":\"Plaza de Toros de la Malagueta\",\"description\":\"La Plaza de Toros de M\u00e1laga, de nombre La Malagueta, es un edificio reconocido Bien de Inter\u00e9s Cultural, que ofrece visitas tur\u00edsticas y corridas de toros y otros tipos de espect\u00e1culo durante todo el a\u00f1o.\",\"publisher\":{\"@id\":\"https:\\\/\\\/plazadetoroslamalagueta.com\\\/en\\\/#organization\"},\"alternateName\":\"Plaza de Toros M\u00e1laga\",\"potentialAction\":[{\"@type\":\"SearchAction\",\"target\":{\"@type\":\"EntryPoint\",\"urlTemplate\":\"https:\\\/\\\/plazadetoroslamalagueta.com\\\/en\\\/?s={search_term_string}\"},\"query-input\":{\"@type\":\"PropertyValueSpecification\",\"valueRequired\":true,\"valueName\":\"search_term_string\"}}],\"inLanguage\":\"en-US\"},{\"@type\":\"Organization\",\"@id\":\"https:\\\/\\\/plazadetoroslamalagueta.com\\\/en\\\/#organization\",\"name\":\"Plaza de Toros la Malagueta\",\"url\":\"https:\\\/\\\/plazadetoroslamalagueta.com\\\/en\\\/\",\"logo\":{\"@type\":\"ImageObject\",\"inLanguage\":\"en-US\",\"@id\":\"https:\\\/\\\/plazadetoroslamalagueta.com\\\/en\\\/#\\\/schema\\\/logo\\\/image\\\/\",\"url\":\"https:\\\/\\\/plazadetoroslamalagueta.com\\\/wp-content\\\/uploads\\\/2024\\\/02\\\/Logo-plaza-toros.webp\",\"contentUrl\":\"https:\\\/\\\/plazadetoroslamalagueta.com\\\/wp-content\\\/uploads\\\/2024\\\/02\\\/Logo-plaza-toros.webp\",\"width\":100,\"height\":100,\"caption\":\"Plaza de Toros la Malagueta\"},\"image\":{\"@id\":\"https:\\\/\\\/plazadetoroslamalagueta.com\\\/en\\\/#\\\/schema\\\/logo\\\/image\\\/\"}},{\"@type\":\"Person\",\"@id\":\"https:\\\/\\\/plazadetoroslamalagueta.com\\\/en\\\/#\\\/schema\\\/person\\\/38da8099bb302a43fd2c5eaec4713c5e\",\"name\":\"Marketing\",\"image\":{\"@type\":\"ImageObject\",\"inLanguage\":\"en-US\",\"@id\":\"https:\\\/\\\/secure.gravatar.com\\\/avatar\\\/2c03e1a8691cff42cdbffdaf0b1a4a8d0203aaa61e9a18db2956bd6c8b777fd6?s=96&d=mm&r=g\",\"url\":\"https:\\\/\\\/secure.gravatar.com\\\/avatar\\\/2c03e1a8691cff42cdbffdaf0b1a4a8d0203aaa61e9a18db2956bd6c8b777fd6?s=96&d=mm&r=g\",\"contentUrl\":\"https:\\\/\\\/secure.gravatar.com\\\/avatar\\\/2c03e1a8691cff42cdbffdaf0b1a4a8d0203aaa61e9a18db2956bd6c8b777fd6?s=96&d=mm&r=g\",\"caption\":\"Marketing\"},\"url\":\"https:\\\/\\\/plazadetoroslamalagueta.com\\\/en\\\/author\\\/marketing\\\/\"}]}<\/script>\n<!-- \/ Yoast SEO plugin. -->","yoast_head_json":{"title":"Presentation Feria de Agosto 2024 : Bullring M\u00e1laga","description":"The new poster for the August bullfighting festival in the Malagueta bullring has been presented. Discover the participating bullfighters!","robots":{"index":"index","follow":"follow","max-snippet":"max-snippet:-1","max-image-preview":"max-image-preview:large","max-video-preview":"max-video-preview:-1"},"canonical":"https:\/\/plazadetoroslamalagueta.com\/en\/august-2024-fair-presentation\/","og_locale":"en_US","og_type":"article","og_title":"Presentation Feria de Agosto 2024 : Bullring M\u00e1laga","og_description":"The new poster for the August bullfighting festival in the Malagueta bullring has been presented. Discover the participating bullfighters!","og_url":"https:\/\/plazadetoroslamalagueta.com\/en\/august-2024-fair-presentation\/","og_site_name":"Plaza de Toros La Malagueta","article_published_time":"2024-06-13T14:53:47+00:00","article_modified_time":"2025-01-15T12:09:44+00:00","og_image":[{"width":1100,"height":825,"url":"https:\/\/plazadetoroslamalagueta.com\/wp-content\/uploads\/2024\/06\/presentacion-feria-agosto.jpg","type":"image\/jpeg"}],"author":"Marketing","twitter_card":"summary_large_image","twitter_misc":{"Written by":"Marketing","Est. reading time":"3 minutes"},"schema":{"@context":"https:\/\/schema.org","@graph":[{"@type":"Article","@id":"https:\/\/plazadetoroslamalagueta.com\/en\/august-2024-fair-presentation\/#article","isPartOf":{"@id":"https:\/\/plazadetoroslamalagueta.com\/en\/august-2024-fair-presentation\/"},"author":{"name":"Marketing","@id":"https:\/\/plazadetoroslamalagueta.com\/en\/#\/schema\/person\/38da8099bb302a43fd2c5eaec4713c5e"},"headline":"August 2024 Fair Presentation","datePublished":"2024-06-13T14:53:47+00:00","dateModified":"2025-01-15T12:09:44+00:00","mainEntityOfPage":{"@id":"https:\/\/plazadetoroslamalagueta.com\/en\/august-2024-fair-presentation\/"},"wordCount":659,"commentCount":0,"publisher":{"@id":"https:\/\/plazadetoroslamalagueta.com\/en\/#organization"},"image":{"@id":"https:\/\/plazadetoroslamalagueta.com\/en\/august-2024-fair-presentation\/#primaryimage"},"thumbnailUrl":"https:\/\/plazadetoroslamalagueta.com\/wp-content\/uploads\/2024\/06\/presentacion-feria-agosto.jpg","articleSection":["About the bullring"],"inLanguage":"en-US","potentialAction":[{"@type":"CommentAction","name":"Comment","target":["https:\/\/plazadetoroslamalagueta.com\/en\/august-2024-fair-presentation\/#respond"]}]},{"@type":"WebPage","@id":"https:\/\/plazadetoroslamalagueta.com\/en\/august-2024-fair-presentation\/","url":"https:\/\/plazadetoroslamalagueta.com\/en\/august-2024-fair-presentation\/","name":"Presentation Feria de Agosto 2024 : Bullring M\u00e1laga","isPartOf":{"@id":"https:\/\/plazadetoroslamalagueta.com\/en\/#website"},"primaryImageOfPage":{"@id":"https:\/\/plazadetoroslamalagueta.com\/en\/august-2024-fair-presentation\/#primaryimage"},"image":{"@id":"https:\/\/plazadetoroslamalagueta.com\/en\/august-2024-fair-presentation\/#primaryimage"},"thumbnailUrl":"https:\/\/plazadetoroslamalagueta.com\/wp-content\/uploads\/2024\/06\/presentacion-feria-agosto.jpg","datePublished":"2024-06-13T14:53:47+00:00","dateModified":"2025-01-15T12:09:44+00:00","description":"The new poster for the August bullfighting festival in the Malagueta bullring has been presented. Discover the participating bullfighters!","breadcrumb":{"@id":"https:\/\/plazadetoroslamalagueta.com\/en\/august-2024-fair-presentation\/#breadcrumb"},"inLanguage":"en-US","potentialAction":[{"@type":"ReadAction","target":["https:\/\/plazadetoroslamalagueta.com\/en\/august-2024-fair-presentation\/"]}]},{"@type":"ImageObject","inLanguage":"en-US","@id":"https:\/\/plazadetoroslamalagueta.com\/en\/august-2024-fair-presentation\/#primaryimage","url":"https:\/\/plazadetoroslamalagueta.com\/wp-content\/uploads\/2024\/06\/presentacion-feria-agosto.jpg","contentUrl":"https:\/\/plazadetoroslamalagueta.com\/wp-content\/uploads\/2024\/06\/presentacion-feria-agosto.jpg","width":1100,"height":825,"caption":"bullfighting poster malaga 2024"},{"@type":"BreadcrumbList","@id":"https:\/\/plazadetoroslamalagueta.com\/en\/august-2024-fair-presentation\/#breadcrumb","itemListElement":[{"@type":"ListItem","position":1,"name":"Inicio","item":"https:\/\/plazadetoroslamalagueta.com\/en\/"},{"@type":"ListItem","position":2,"name":"August 2024 Fair Presentation"}]},{"@type":"WebSite","@id":"https:\/\/plazadetoroslamalagueta.com\/en\/#website","url":"https:\/\/plazadetoroslamalagueta.com\/en\/","name":"Plaza de Toros de la Malagueta","description":"La Plaza de Toros de M\u00e1laga, de nombre La Malagueta, es un edificio reconocido Bien de Inter\u00e9s Cultural, que ofrece visitas tur\u00edsticas y corridas de toros y otros tipos de espect\u00e1culo durante todo el a\u00f1o.","publisher":{"@id":"https:\/\/plazadetoroslamalagueta.com\/en\/#organization"},"alternateName":"Plaza de Toros M\u00e1laga","potentialAction":[{"@type":"SearchAction","target":{"@type":"EntryPoint","urlTemplate":"https:\/\/plazadetoroslamalagueta.com\/en\/?s={search_term_string}"},"query-input":{"@type":"PropertyValueSpecification","valueRequired":true,"valueName":"search_term_string"}}],"inLanguage":"en-US"},{"@type":"Organization","@id":"https:\/\/plazadetoroslamalagueta.com\/en\/#organization","name":"Plaza de Toros la Malagueta","url":"https:\/\/plazadetoroslamalagueta.com\/en\/","logo":{"@type":"ImageObject","inLanguage":"en-US","@id":"https:\/\/plazadetoroslamalagueta.com\/en\/#\/schema\/logo\/image\/","url":"https:\/\/plazadetoroslamalagueta.com\/wp-content\/uploads\/2024\/02\/Logo-plaza-toros.webp","contentUrl":"https:\/\/plazadetoroslamalagueta.com\/wp-content\/uploads\/2024\/02\/Logo-plaza-toros.webp","width":100,"height":100,"caption":"Plaza de Toros la Malagueta"},"image":{"@id":"https:\/\/plazadetoroslamalagueta.com\/en\/#\/schema\/logo\/image\/"}},{"@type":"Person","@id":"https:\/\/plazadetoroslamalagueta.com\/en\/#\/schema\/person\/38da8099bb302a43fd2c5eaec4713c5e","name":"Marketing","image":{"@type":"ImageObject","inLanguage":"en-US","@id":"https:\/\/secure.gravatar.com\/avatar\/2c03e1a8691cff42cdbffdaf0b1a4a8d0203aaa61e9a18db2956bd6c8b777fd6?s=96&d=mm&r=g","url":"https:\/\/secure.gravatar.com\/avatar\/2c03e1a8691cff42cdbffdaf0b1a4a8d0203aaa61e9a18db2956bd6c8b777fd6?s=96&d=mm&r=g","contentUrl":"https:\/\/secure.gravatar.com\/avatar\/2c03e1a8691cff42cdbffdaf0b1a4a8d0203aaa61e9a18db2956bd6c8b777fd6?s=96&d=mm&r=g","caption":"Marketing"},"url":"https:\/\/plazadetoroslamalagueta.com\/en\/author\/marketing\/"}]}},"_links":{"self":[{"href":"https:\/\/plazadetoroslamalagueta.com\/en\/wp-json\/wp\/v2\/posts\/22365","targetHints":{"allow":["GET"]}}],"collection":[{"href":"https:\/\/plazadetoroslamalagueta.com\/en\/wp-json\/wp\/v2\/posts"}],"about":[{"href":"https:\/\/plazadetoroslamalagueta.com\/en\/wp-json\/wp\/v2\/types\/post"}],"author":[{"embeddable":true,"href":"https:\/\/plazadetoroslamalagueta.com\/en\/wp-json\/wp\/v2\/users\/4"}],"replies":[{"embeddable":true,"href":"https:\/\/plazadetoroslamalagueta.com\/en\/wp-json\/wp\/v2\/comments?post=22365"}],"version-history":[{"count":8,"href":"https:\/\/plazadetoroslamalagueta.com\/en\/wp-json\/wp\/v2\/posts\/22365\/revisions"}],"predecessor-version":[{"id":22417,"href":"https:\/\/plazadetoroslamalagueta.com\/en\/wp-json\/wp\/v2\/posts\/22365\/revisions\/22417"}],"wp:featuredmedia":[{"embeddable":true,"href":"https:\/\/plazadetoroslamalagueta.com\/en\/wp-json\/wp\/v2\/media\/15387"}],"wp:attachment":[{"href":"https:\/\/plazadetoroslamalagueta.com\/en\/wp-json\/wp\/v2\/media?parent=22365"}],"wp:term":[{"taxonomy":"category","embeddable":true,"href":"https:\/\/plazadetoroslamalagueta.com\/en\/wp-json\/wp\/v2\/categories?post=22365"},{"taxonomy":"post_tag","embeddable":true,"href":"https:\/\/plazadetoroslamalagueta.com\/en\/wp-json\/wp\/v2\/tags?post=22365"}],"curies":[{"name":"wp","href":"https:\/\/api.w.org\/{rel}","templated":true}]}}