{"id":31372,"date":"2025-07-03T10:03:31","date_gmt":"2025-07-03T08:03:31","guid":{"rendered":"https:\/\/plazadetoroslamalagueta.com\/stierkampf-plakat-fuer-die-messe-in-malaga-2025\/"},"modified":"2025-07-03T10:23:02","modified_gmt":"2025-07-03T08:23:02","slug":"stierkampf-plakat-fuer-die-messe-in-malaga-2025","status":"publish","type":"post","link":"https:\/\/plazadetoroslamalagueta.com\/de\/stierkampf-plakat-fuer-die-messe-in-malaga-2025\/","title":{"rendered":"Stierkampf-Plakat f\u00fcr die Messe in Malaga 2025"},"content":{"rendered":"<section class=\"l-section wpb_row height_medium\"><div class=\"l-section-h i-cf\"><div class=\"g-cols vc_row via_grid cols_2-1 laptops-cols_inherit tablets-cols_inherit mobiles-cols_1 valign_top type_default stacking_default\"><div class=\"wpb_column vc_column_container\"><div class=\"vc_column-inner\"><div class=\"wpb_text_column\"><div class=\"wpb_wrapper\"><h2>Termine:<\/h2>\n<p>Zwischen dem <strong>14. und 21. August<\/strong> wird sie auf der Plaza de Toros de La Malagueta stattfinden:<br \/>\n&#8211; 6 Stierk\u00e4mpfe<br \/>\n&#8211; 1 Stierkampf zu Pferd (17. August)<br \/>\n&#8211; 1 novillada (14. August)<\/p>\n<hr>\n<h2>\ud83d\udd39 14. August &#8211; Novillada mit Picadores<\/h2>\n<ul>\n<li><strong>Viehbestand<\/strong>: Antonio Rubio-Macandro<\/li>\n<li><strong>Stierk\u00e4mpfer<\/strong>: <strong>Ignacio Candelas, Julio M\u00e9ndez, L\u00f3pez Ortega<\/strong><br \/>\nDie Novillada er\u00f6ffnet die Messe mit vielversprechenden jungen Stierk\u00e4mpfern aus Stierkampfschulen.<\/li>\n<\/ul>\n<hr>\n<h2>\ud83d\udd39 15. August &#8211; Stierkampf<\/h2>\n<ul>\n<li><strong>Viehbestand<\/strong>: Criado Holgado<\/li>\n<li><strong>Stierk\u00e4mpfer<\/strong>: <strong>David Galv\u00e1n<\/strong> (aus M\u00e1laga, der seine Alternative in La Malagueta im Jahr 2005 nahm), <strong>Borja Jim\u00e9nez und V\u00edctor Hern\u00e1ndez. <\/strong> <\/li>\n<\/ul>\n<hr>\n<h2>\ud83d\udd39 16. August &#8211; Stierkampf<\/h2>\n<ul>\n<li><strong>Viehbestand<\/strong>: Murteira Grave<\/li>\n<li><strong>Stierk\u00e4mpfer<\/strong>: <strong>Pepe Moral, Jos\u00e9 Fernando Molina und Pablo P\u00e1ez<\/strong> (der die Alternative w\u00e4hlt). Das wird ein Nachmittag der Generationenstaffel sein.<\/li>\n<\/ul>\n<hr>\n<h2>\ud83d\udd39 17. August &#8211; Corrida de rejones (Stierkampf zu Pferd)<\/h2>\n<ul>\n<li><strong>Rinderfarmen<\/strong>: Ben\u00edtez Cubero &#8211; Pallar\u00e9s<\/li>\n<li><strong>Rejoneadores<\/strong>: <strong>Sergio Gal\u00e1n, Diego Ventura, Ferrer Mart\u00edn<\/strong> (der Rejoneador aus M\u00e1laga Everton Ferrer, &#8222;Ferrer Mart\u00edn&#8220;)<\/li>\n<\/ul>\n<hr>\n<h2>\ud83d\udd39 18. August &#8211; Stierkampf<\/h2>\n<ul>\n<li><strong>Viehbestand<\/strong>: Torrealta<\/li>\n<li><strong>Stierk\u00e4mpfer<\/strong>: <strong>Morante de la Puebla<\/strong>, <strong>Sa\u00fal Jim\u00e9nez Fortes<\/strong> (Gewinner des Jahrmarkts 2024 und des pikassischen Stierkampfs 2025, der dieses Jahr ein Double macht) und <strong>Pablo Aguado<\/strong>. Hinweis: Fortes und Morante werden zum wiederholten Mal an der Messe teilnehmen und sich als zentrale Achse der Messe konsolidieren. <\/li>\n<\/ul>\n<hr>\n<h2>\ud83d\udd39 19. August &#8211; Stierkampf (Cayetanos Verabschiedung)<\/h2>\n<ul>\n<li><strong>Rinderfarmen<\/strong>: Victoriano del R\u00edo und Cort\u00e9s<\/li>\n<li><strong>Stierk\u00e4mpfer<\/strong>:<strong> Cayetano<\/strong> (zum Abschied), <strong>Roca Rey<\/strong> (internationale Figur) und <strong>David de Miranda<\/strong>.<\/li>\n<\/ul>\n<hr>\n<h2>\ud83d\udd39 20. August &#8211; Stierkampf<\/h2>\n<ul>\n<li><strong>Rinderfarmen<\/strong>: El Puerto de San Lorenzo und La Ventana del Puerto<\/li>\n<li><strong>Stierk\u00e4mpfer<\/strong>: <strong>Morante de la Puebla<\/strong>, <strong>Alejandro Talavante<\/strong> und<strong> Juan Ortega<\/strong>.<\/li>\n<\/ul>\n<hr>\n<h2>\ud83d\udd39 21. August &#8211; Stierkampf -Mano a mano a mano (Hand zu Hand)<\/h2>\n<ul>\n<li><strong>Viehbestand<\/strong>: El Freixo<\/li>\n<li><strong>Stierk\u00e4mpfer<\/strong>: <strong>Sa\u00fal Jim\u00e9nez Fortes<\/strong> und <strong>Emilio de Justo<\/strong>in einem erwarteten Mano a Mano.<\/li>\n<\/ul>\n<hr>\n<\/div><\/div><\/div><\/div><div class=\"wpb_column vc_column_container\"><div class=\"vc_column-inner\"><div class=\"w-image style_outlined align_none\"><div class=\"w-image-h\"><img decoding=\"async\" width=\"500\" height=\"1000\" src=\"https:\/\/plazadetoroslamalagueta.com\/wp-content\/uploads\/2025\/06\/Cartel-toros-malaga-agosto-2025.webp\" class=\"attachment-full size-full\" alt=\"Stierkampf 14. August 2025 Malaga\" loading=\"lazy\" srcset=\"https:\/\/plazadetoroslamalagueta.com\/wp-content\/uploads\/2025\/06\/Cartel-toros-malaga-agosto-2025.webp 500w, https:\/\/plazadetoroslamalagueta.com\/wp-content\/uploads\/2025\/06\/Cartel-toros-malaga-agosto-2025-150x300.webp 150w, https:\/\/plazadetoroslamalagueta.com\/wp-content\/uploads\/2025\/06\/Cartel-toros-malaga-agosto-2025-300x600.webp 300w\" sizes=\"auto, (max-width: 500px) 100vw, 500px\" \/><\/div><\/div><\/div><\/div><\/div><\/div><\/section><section class=\"l-section wpb_row height_medium\"><div class=\"l-section-h i-cf\"><div class=\"g-cols vc_row via_grid cols_1 laptops-cols_inherit tablets-cols_inherit mobiles-cols_1 valign_top type_default stacking_default\"><div class=\"wpb_column vc_column_container\"><div class=\"vc_column-inner\"><div class=\"wpb_text_column\"><div class=\"wpb_wrapper\"><ul>\n<li>\n<h2>\ud83d\udc02 VIEHZUCHTBETRIEBE F\u00dcR DIE MESSE IN M\u00c1LAGA 2025<\/h2>\n<h3><strong>1. criado holgado<\/strong><\/h3>\n<p>Diese junge, aber aufstrebende Stierzucht aus <strong>Salamanca<\/strong> hat sich aufgrund des wilden und tapferen Charakters ihrer Stiere auf wichtigen Messen konsolidiert. Sie zeichnet sich durch ihre seri\u00f6sen Stiere aus, mit einer \u00dcbertragung, ideal f\u00fcr Stierk\u00e4mpfer in der Entwicklung. <\/p>\n<h3><strong>Murteira-Grab<\/strong><\/h3>\n<p>Diese legend\u00e4re Alentejo-Rinderfarm aus <strong>Portugal<\/strong> ist eine der angesehensten au\u00dferhalb Spaniens. Ihre Stiere sind seri\u00f6s, haben einen starken und anspruchsvollen Charakter und stammen von der Rasse <strong>Murube<\/strong> ab. Sie wurden bereits erfolgreich in Stierkampfarenen wie Madrid und Bilbao eingesetzt.  <\/p>\n<h3><strong>3. torrealta<\/strong><\/h3>\n<p>Andalusisches Vieh aus <strong>Huelva<\/strong>, das urspr\u00fcnglich aus Domecq-Blut besteht. Sie liefert in der Regel edle und rassige Stiere, ideal f\u00fcr den artistischen Stierkampf. Sie hat in letzter Zeit auf Messen wie in Sevilla und Valencia triumphiert.  <\/p>\n<h3><strong>4. Victoriano del R\u00edo \/ Die Stiere von Cort\u00e9s<\/strong><\/h3>\n<p>Einer der wichtigsten Stiere des heutigen Stierkampfes, der in <strong>Guadalix de la Sierra (Madrid)<\/strong> beheimatet ist. Ber\u00fchmt f\u00fcr die Zucht von Qualit\u00e4tsstieren mit moderner Tapferkeit. Ber\u00fchmte Stiere wie &#8222;Dalia&#8220; oder &#8222;Cantap\u00e1jaros&#8220; sind hier gez\u00fcchtet worden.  <\/p>\n<h3><strong>5. El Puerto de San Lorenzo \/ La Ventana del Puerto (Das Hafenfenster)<\/strong><\/h3>\n<p>Rinderz\u00fcchter aus Salamanca mit der Rasse <strong>Atanasio-Lisardo<\/strong>, die f\u00fcr ihre Ausgewogenheit zwischen Kraft und Adel bekannt ist. &#8222;La Ventana&#8220; ist seine zweite Marke. Sie hat in Stierkampfarenen wie Madrid, Sevilla und Pamplona eine f\u00fchrende Rolle gespielt.  <\/p>\n<h3><strong>6. Der Freixo<\/strong><\/h3>\n<p>Sie geh\u00f6rt dem Matador <strong>Juli\u00e1n L\u00f3pez &#8222;El Juli&#8220;<\/strong> und wird in <strong>Olivenza (Badajoz)<\/strong> gez\u00fcchtet. Es handelt sich um eine Domecq-Rasse mit niedrigen und gut gebauten Stieren, ganz nach dem Geschmack der Stierk\u00e4mpfer. Er wird f\u00fcr das letzte Mano a Mano der Messe ausgew\u00e4hlt.  <\/p>\n<h3><strong>7. Ben\u00edtez Cubero \/ Pallar\u00e9s<\/strong><\/h3>\n<p>Zwei wichtige Stiere f\u00fcr den Stierkampf zu Pferd, gez\u00fcchtet in <strong>Marchena (Sevilla<\/strong>). Die Klassiker f\u00fcr den Rejoneo, mit Stieren, die galoppieren und gem\u00e4\u00dfigt angreifen. Sie treten in der &#8222;corrida de rejones&#8220; auf, einem traditionellen Stierkampf auf dem Jahrmarkt von Malaga.  <\/p>\n<h3><strong>8. Antonio Rubio Macandro<\/strong><\/h3>\n<p>Vieh aus Murube\u00f1o, das mit dem Kreislauf der <strong>Novilladas<\/strong> verbunden ist und sich durch seine gute Pr\u00e4sentation und seinen Adel auszeichnet. Ideal f\u00fcr Stierk\u00e4mpfer in der Ausbildung. Ihre Stiere er\u00f6ffnen den Zyklus mit der Novillada Picada.  <\/p>\n<hr>\n<h2>\ud83e\uddd4 HERAUSRAGENDE STIERK\u00c4MPFER IN MALAGA 2025<\/h2>\n<h3>\ud83d\udd39 <strong>Sa\u00fal Jim\u00e9nez Fortes<\/strong> (M\u00e1laga, 1990)<\/h3>\n<p>Ein lokaler Stierk\u00e4mpfer, der eine Karriere voller Licht und Schatten hinter sich hat, die durch sehr ernsthafte Stiche gekennzeichnet ist. Sein Stil ist ernst, vertikal und tief. Im Jahr 2024 war er <strong>der Gewinner der<\/strong> Messe, was ihm in diesem Jahr <strong>zwei Nachmittage<\/strong> eingebracht hat, darunter das <strong>Finale mano a mano.<\/strong> Er gilt als ein Stierk\u00e4mpfer von Authentizit\u00e4t und k\u00fcnstlerischer Reife.   <\/p>\n<h3>\ud83d\udd39 <strong>Morante de la Puebla<\/strong> (La Puebla del R\u00edo, Sevilla, 1979)<\/h3>\n<p>Unbestrittene Figur des modernen Stierkampfes, ein Ma\u00dfstab f\u00fcr den <strong>klassischen, barocken und k\u00fcnstlerischen Stierkampf<\/strong>. Im Jahr 2022 feierte er sein 25-j\u00e4hriges Jubil\u00e4um als Stierk\u00e4mpfer. In M\u00e1laga wird er auch <strong>eine Doublette<\/strong> bestreiten (18. und 20. August), bei der er in der Regel denkw\u00fcrdige Momente im <strong>Picassiana-Stierkampf<\/strong> hinterl\u00e4sst.  <\/p>\n<h3>\ud83d\udd39 <strong>Roca Rey<\/strong> (Lima, Peru, 1996)<\/h3>\n<p>Er ist ein Stierk\u00e4mpfer von internationalem Format, der seit einigen Jahren an der Spitze der Stierkampfszene steht. Sein Stil kombiniert trockenen Mut, Kraft und eine gro\u00dfe N\u00e4he zum Publikum. Er wird bei der <strong>Verabschiedung von Cayetano<\/strong> dabei sein. M\u00e1laga ist eine seiner beliebtesten Stierkampfarenen in Spanien.   <\/p>\n<h3>\ud83d\udd39 <strong>Cayetano Rivera Ord\u00f3\u00f1ez<\/strong> (Madrid, 1977)<\/h3>\n<p>Enkel von Antonio Ord\u00f3\u00f1ez und Bruder von Francisco Rivera. Er verabschiedet sich im Jahr 2025 vom Stierkampf. Ein eleganter, dynastischer und emotionsgeladener Stierk\u00e4mpfer. Der Abend des 19. August wird ein <strong>historischer Abschied<\/strong> sein, begleitet von Roca Rey und David de Miranda.   <\/p>\n<h3>\ud83d\udd39 <strong>Alejandro Talavante<\/strong> (Badajoz, 1987)<\/h3>\n<p>Er hat 2023-24 nur wenig gek\u00e4mpft, aber er kehrt nach M\u00e1laga zur\u00fcck, als eine Stierkampfgestalt mit Inspiration, Tiefe und Temperament. Er wird am 20. August k\u00e4mpfen. Man erinnert sich an ihn wegen seiner Auftritte in Madrid und Sevilla.  <\/p>\n<h3>\ud83d\udd39 <strong>Juan Ortega<\/strong> (Sevilla, 1990)<\/h3>\n<p>Einer der <strong>kunstvollsten Stierk\u00e4mpfer<\/strong> der Stierkampfkarriere. Sein Stil basiert auf Klassizismus, reinem Stierkampf und Langsamkeit. Er wird an dem Stierkampf am 20. August teilnehmen.  <\/p>\n<h3>\ud83d\udd39 <strong>Emilio de Justo<\/strong> (C\u00e1ceres, 1983)<\/h3>\n<p>Er ist ein kompletter Stierk\u00e4mpfer, der sich durch seine soliden Leistungen in anspruchsvollen Stierk\u00e4mpfen einen Namen gemacht hat. Er wird der <strong>Protagonist des finalen Mano a Mano<\/strong> mit Fortes am 21. August sein, einem Abend des ernsthaften Stierkampfes. <\/p>\n<h3>\ud83d\udd39 <strong>David Galv\u00e1n<\/strong> (La L\u00ednea, C\u00e1diz, 1991)<\/h3>\n<p>Er ist ein Gewinner mehrerer andalusischer Stierkampfarenen und befindet sich in voller beruflicher Reife. Er wird am 15. August k\u00e4mpfen. <\/p>\n<h3>\ud83d\udd39 <strong>Borja Jim\u00e9nez<\/strong> (Espartinas, Sevilla, 1992)<\/h3>\n<p>Einer der Enth\u00fcllungsnamen des Jahres 2024 f\u00fcr seinen historischen Auftritt bei der Herbstmesse in Madrid. Er tritt in M\u00e1laga als einer der am meisten erwarteten Stierk\u00e4mpfer auf. <\/p>\n<h3>\ud83d\udd39 <strong>V\u00edctor Hern\u00e1ndez<\/strong> (Guadalajara, 1998)<\/h3>\n<p>Junger Matador mit guten Leistungen in zweitklassigen Stierkampfarenen. In M\u00e1laga wird er versuchen, seine Position zu festigen. <\/p>\n<h3>\ud83d\udd39 <strong>Pablo P\u00e1ez<\/strong> (Sevilla, 2003)<\/h3>\n<p>Er wird die Alternative auf der Messe, im Stierkampf am 16. August, \u00fcbernehmen. Ein junger Stierk\u00e4mpfer mit einem klassischen Stil. <\/p>\n<h3>\ud83d\udd39 <strong>Sergio Gal\u00e1n \/ Diego Ventura \/ Ferrer Mart\u00edn<\/strong><\/h3>\n<p>Rejoneadores auf h\u00f6chstem Niveau. Ventura gilt als <strong>die Weltnummer eins<\/strong> im Rejoneo. Ferrer Mart\u00edn stammt aus M\u00e1laga, und es wird sein gro\u00dfer lokaler Abend sein.  <\/p>\n<hr>\n<p>Die Feria de M\u00e1laga 2025 verbindet das Gewicht bew\u00e4hrter Rinderzuchtbetriebe mit der Vielfalt der Encastes (Domecq, Murube, Atanasio, u.a.) und der Attraktivit\u00e4t, sowohl <strong>etablierte Gr\u00f6\u00dfen<\/strong> als auch <strong>vielversprechende Youngster<\/strong> zu sehen. Morante, Fortes, Roca Rey, Talavante und Juan Ortega sind ein Garant f\u00fcr Kunstfertigkeit, w\u00e4hrend Namen wie Borja Jim\u00e9nez und Emilio de Justo f\u00fcr Wettbewerb und Frische sorgen. <\/p>\n<p>Eine Messe mit Seele, mit einer Identit\u00e4t von M\u00e1laga und mit einem klaren Bekenntnis zu einem Gleichgewicht zwischen Tradition, Emotion und Spektakel.<\/li>\n<\/ul>\n<\/div><\/div><\/div><\/div><\/div><\/div><\/section>\n","protected":false},"excerpt":{"rendered":"Termine: Zwischen dem 14. und 21. August wird sie auf der Plaza de Toros de La Malagueta stattfinden: &#8211; 6 Stierk\u00e4mpfe &#8211; 1 Stierkampf zu Pferd (17. August) &#8211; 1 novillada (14. August) \ud83d\udd39 14. August &#8211; Novillada mit Picadores Viehbestand: Antonio Rubio-Macandro Stierk\u00e4mpfer: Ignacio Candelas, Julio M\u00e9ndez, L\u00f3pez Ortega Die Novillada er\u00f6ffnet die Messe...","protected":false},"author":5,"featured_media":30016,"comment_status":"open","ping_status":"open","sticky":false,"template":"","format":"standard","meta":{"footnotes":""},"categories":[555],"tags":[],"class_list":["post-31372","post","type-post","status-publish","format-standard","has-post-thumbnail","hentry","category-stierkampf-veranstaltungen"],"yoast_head":"<!-- This site is optimized with the Yoast SEO plugin v27.4 - https:\/\/yoast.com\/product\/yoast-seo-wordpress\/ -->\n<title>Stierkampf-Plakat f\u00fcr die Messe in Malaga 2025 - Plaza de Toros La Malagueta<\/title>\n<meta name=\"description\" content=\"Entdecken Sie die Stierk\u00e4mpfe, Stierk\u00e4mpfer, Stierkampfveranstaltungen und Stiertreiben von Malaga 2025: Kaufen Sie jetzt Ihre Tickets!\" \/>\n<meta name=\"robots\" content=\"index, follow, max-snippet:-1, max-image-preview:large, max-video-preview:-1\" \/>\n<link rel=\"canonical\" href=\"https:\/\/plazadetoroslamalagueta.com\/de\/stierkampf-plakat-fuer-die-messe-in-malaga-2025\/\" \/>\n<meta property=\"og:locale\" content=\"de_DE\" \/>\n<meta property=\"og:type\" content=\"article\" \/>\n<meta property=\"og:title\" content=\"Stierkampf-Plakat f\u00fcr die Messe in Malaga 2025 - Plaza de Toros La Malagueta\" \/>\n<meta property=\"og:description\" content=\"Entdecken Sie die Stierk\u00e4mpfe, Stierk\u00e4mpfer, Stierkampfveranstaltungen und Stiertreiben von Malaga 2025: Kaufen Sie jetzt Ihre Tickets!\" \/>\n<meta property=\"og:url\" content=\"https:\/\/plazadetoroslamalagueta.com\/de\/stierkampf-plakat-fuer-die-messe-in-malaga-2025\/\" \/>\n<meta property=\"og:site_name\" content=\"Plaza de Toros La Malagueta\" \/>\n<meta property=\"article:published_time\" content=\"2025-07-03T08:03:31+00:00\" \/>\n<meta property=\"article:modified_time\" content=\"2025-07-03T08:23:02+00:00\" \/>\n<meta property=\"og:image\" content=\"https:\/\/plazadetoroslamalagueta.com\/wp-content\/uploads\/2025\/06\/corrida-toros-2025.webp\" \/>\n\t<meta property=\"og:image:width\" content=\"480\" \/>\n\t<meta property=\"og:image:height\" content=\"600\" \/>\n\t<meta property=\"og:image:type\" content=\"image\/webp\" \/>\n<meta name=\"author\" content=\"FABIENNE MERIC\" \/>\n<meta name=\"twitter:card\" content=\"summary_large_image\" \/>\n<meta name=\"twitter:label1\" content=\"Verfasst von\" \/>\n\t<meta name=\"twitter:data1\" content=\"FABIENNE MERIC\" \/>\n\t<meta name=\"twitter:label2\" content=\"Gesch\u00e4tzte Lesezeit\" \/>\n\t<meta name=\"twitter:data2\" content=\"7\u00a0Minuten\" \/>\n<script type=\"application\/ld+json\" class=\"yoast-schema-graph\">{\"@context\":\"https:\\\/\\\/schema.org\",\"@graph\":[{\"@type\":\"Article\",\"@id\":\"https:\\\/\\\/plazadetoroslamalagueta.com\\\/de\\\/stierkampf-plakat-fuer-die-messe-in-malaga-2025\\\/#article\",\"isPartOf\":{\"@id\":\"https:\\\/\\\/plazadetoroslamalagueta.com\\\/de\\\/stierkampf-plakat-fuer-die-messe-in-malaga-2025\\\/\"},\"author\":{\"name\":\"FABIENNE MERIC\",\"@id\":\"https:\\\/\\\/plazadetoroslamalagueta.com\\\/de\\\/#\\\/schema\\\/person\\\/12a2a38ea126782b7d042cd27f306172\"},\"headline\":\"Stierkampf-Plakat f\u00fcr die Messe in Malaga 2025\",\"datePublished\":\"2025-07-03T08:03:31+00:00\",\"dateModified\":\"2025-07-03T08:23:02+00:00\",\"mainEntityOfPage\":{\"@id\":\"https:\\\/\\\/plazadetoroslamalagueta.com\\\/de\\\/stierkampf-plakat-fuer-die-messe-in-malaga-2025\\\/\"},\"wordCount\":1308,\"commentCount\":0,\"publisher\":{\"@id\":\"https:\\\/\\\/plazadetoroslamalagueta.com\\\/de\\\/#organization\"},\"image\":{\"@id\":\"https:\\\/\\\/plazadetoroslamalagueta.com\\\/de\\\/stierkampf-plakat-fuer-die-messe-in-malaga-2025\\\/#primaryimage\"},\"thumbnailUrl\":\"https:\\\/\\\/plazadetoroslamalagueta.com\\\/wp-content\\\/uploads\\\/2025\\\/06\\\/corrida-toros-2025.webp\",\"articleSection\":[\"Stierkampf-Veranstaltungen\"],\"inLanguage\":\"de\",\"potentialAction\":[{\"@type\":\"CommentAction\",\"name\":\"Comment\",\"target\":[\"https:\\\/\\\/plazadetoroslamalagueta.com\\\/de\\\/stierkampf-plakat-fuer-die-messe-in-malaga-2025\\\/#respond\"]}]},{\"@type\":\"WebPage\",\"@id\":\"https:\\\/\\\/plazadetoroslamalagueta.com\\\/de\\\/stierkampf-plakat-fuer-die-messe-in-malaga-2025\\\/\",\"url\":\"https:\\\/\\\/plazadetoroslamalagueta.com\\\/de\\\/stierkampf-plakat-fuer-die-messe-in-malaga-2025\\\/\",\"name\":\"Stierkampf-Plakat f\u00fcr die Messe in Malaga 2025 - Plaza de Toros La Malagueta\",\"isPartOf\":{\"@id\":\"https:\\\/\\\/plazadetoroslamalagueta.com\\\/de\\\/#website\"},\"primaryImageOfPage\":{\"@id\":\"https:\\\/\\\/plazadetoroslamalagueta.com\\\/de\\\/stierkampf-plakat-fuer-die-messe-in-malaga-2025\\\/#primaryimage\"},\"image\":{\"@id\":\"https:\\\/\\\/plazadetoroslamalagueta.com\\\/de\\\/stierkampf-plakat-fuer-die-messe-in-malaga-2025\\\/#primaryimage\"},\"thumbnailUrl\":\"https:\\\/\\\/plazadetoroslamalagueta.com\\\/wp-content\\\/uploads\\\/2025\\\/06\\\/corrida-toros-2025.webp\",\"datePublished\":\"2025-07-03T08:03:31+00:00\",\"dateModified\":\"2025-07-03T08:23:02+00:00\",\"description\":\"Entdecken Sie die Stierk\u00e4mpfe, Stierk\u00e4mpfer, Stierkampfveranstaltungen und Stiertreiben von Malaga 2025: Kaufen Sie jetzt Ihre Tickets!\",\"breadcrumb\":{\"@id\":\"https:\\\/\\\/plazadetoroslamalagueta.com\\\/de\\\/stierkampf-plakat-fuer-die-messe-in-malaga-2025\\\/#breadcrumb\"},\"inLanguage\":\"de\",\"potentialAction\":[{\"@type\":\"ReadAction\",\"target\":[\"https:\\\/\\\/plazadetoroslamalagueta.com\\\/de\\\/stierkampf-plakat-fuer-die-messe-in-malaga-2025\\\/\"]}]},{\"@type\":\"ImageObject\",\"inLanguage\":\"de\",\"@id\":\"https:\\\/\\\/plazadetoroslamalagueta.com\\\/de\\\/stierkampf-plakat-fuer-die-messe-in-malaga-2025\\\/#primaryimage\",\"url\":\"https:\\\/\\\/plazadetoroslamalagueta.com\\\/wp-content\\\/uploads\\\/2025\\\/06\\\/corrida-toros-2025.webp\",\"contentUrl\":\"https:\\\/\\\/plazadetoroslamalagueta.com\\\/wp-content\\\/uploads\\\/2025\\\/06\\\/corrida-toros-2025.webp\",\"width\":480,\"height\":600,\"caption\":\"Stierkampf 14. August 2025 Malaga\"},{\"@type\":\"BreadcrumbList\",\"@id\":\"https:\\\/\\\/plazadetoroslamalagueta.com\\\/de\\\/stierkampf-plakat-fuer-die-messe-in-malaga-2025\\\/#breadcrumb\",\"itemListElement\":[{\"@type\":\"ListItem\",\"position\":1,\"name\":\"Inicio\",\"item\":\"https:\\\/\\\/plazadetoroslamalagueta.com\\\/de\\\/\"},{\"@type\":\"ListItem\",\"position\":2,\"name\":\"Stierkampf-Plakat f\u00fcr die Messe in Malaga 2025\"}]},{\"@type\":\"WebSite\",\"@id\":\"https:\\\/\\\/plazadetoroslamalagueta.com\\\/de\\\/#website\",\"url\":\"https:\\\/\\\/plazadetoroslamalagueta.com\\\/de\\\/\",\"name\":\"Plaza de Toros de la Malagueta\",\"description\":\"La Plaza de Toros de M\u00e1laga, de nombre La Malagueta, es un edificio reconocido Bien de Inter\u00e9s Cultural, que ofrece visitas tur\u00edsticas y corridas de toros y otros tipos de espect\u00e1culo durante todo el a\u00f1o.\",\"publisher\":{\"@id\":\"https:\\\/\\\/plazadetoroslamalagueta.com\\\/de\\\/#organization\"},\"alternateName\":\"Plaza de Toros M\u00e1laga\",\"potentialAction\":[{\"@type\":\"SearchAction\",\"target\":{\"@type\":\"EntryPoint\",\"urlTemplate\":\"https:\\\/\\\/plazadetoroslamalagueta.com\\\/de\\\/?s={search_term_string}\"},\"query-input\":{\"@type\":\"PropertyValueSpecification\",\"valueRequired\":true,\"valueName\":\"search_term_string\"}}],\"inLanguage\":\"de\"},{\"@type\":\"Organization\",\"@id\":\"https:\\\/\\\/plazadetoroslamalagueta.com\\\/de\\\/#organization\",\"name\":\"Plaza de Toros la Malagueta\",\"url\":\"https:\\\/\\\/plazadetoroslamalagueta.com\\\/de\\\/\",\"logo\":{\"@type\":\"ImageObject\",\"inLanguage\":\"de\",\"@id\":\"https:\\\/\\\/plazadetoroslamalagueta.com\\\/de\\\/#\\\/schema\\\/logo\\\/image\\\/\",\"url\":\"https:\\\/\\\/plazadetoroslamalagueta.com\\\/wp-content\\\/uploads\\\/2024\\\/02\\\/Logo-plaza-toros.webp\",\"contentUrl\":\"https:\\\/\\\/plazadetoroslamalagueta.com\\\/wp-content\\\/uploads\\\/2024\\\/02\\\/Logo-plaza-toros.webp\",\"width\":100,\"height\":100,\"caption\":\"Plaza de Toros la Malagueta\"},\"image\":{\"@id\":\"https:\\\/\\\/plazadetoroslamalagueta.com\\\/de\\\/#\\\/schema\\\/logo\\\/image\\\/\"}},{\"@type\":\"Person\",\"@id\":\"https:\\\/\\\/plazadetoroslamalagueta.com\\\/de\\\/#\\\/schema\\\/person\\\/12a2a38ea126782b7d042cd27f306172\",\"name\":\"FABIENNE MERIC\",\"image\":{\"@type\":\"ImageObject\",\"inLanguage\":\"de\",\"@id\":\"https:\\\/\\\/secure.gravatar.com\\\/avatar\\\/33043d735d9e796699c090524606b3e310ddadd56204a0d1511b992e9e864944?s=96&d=mm&r=g\",\"url\":\"https:\\\/\\\/secure.gravatar.com\\\/avatar\\\/33043d735d9e796699c090524606b3e310ddadd56204a0d1511b992e9e864944?s=96&d=mm&r=g\",\"contentUrl\":\"https:\\\/\\\/secure.gravatar.com\\\/avatar\\\/33043d735d9e796699c090524606b3e310ddadd56204a0d1511b992e9e864944?s=96&d=mm&r=g\",\"caption\":\"FABIENNE MERIC\"},\"url\":\"https:\\\/\\\/plazadetoroslamalagueta.com\\\/de\\\/author\\\/fabienne\\\/\"}]}<\/script>\n<!-- \/ Yoast SEO plugin. -->","yoast_head_json":{"title":"Stierkampf-Plakat f\u00fcr die Messe in Malaga 2025 - Plaza de Toros La Malagueta","description":"Entdecken Sie die Stierk\u00e4mpfe, Stierk\u00e4mpfer, Stierkampfveranstaltungen und Stiertreiben von Malaga 2025: Kaufen Sie jetzt Ihre Tickets!","robots":{"index":"index","follow":"follow","max-snippet":"max-snippet:-1","max-image-preview":"max-image-preview:large","max-video-preview":"max-video-preview:-1"},"canonical":"https:\/\/plazadetoroslamalagueta.com\/de\/stierkampf-plakat-fuer-die-messe-in-malaga-2025\/","og_locale":"de_DE","og_type":"article","og_title":"Stierkampf-Plakat f\u00fcr die Messe in Malaga 2025 - Plaza de Toros La Malagueta","og_description":"Entdecken Sie die Stierk\u00e4mpfe, Stierk\u00e4mpfer, Stierkampfveranstaltungen und Stiertreiben von Malaga 2025: Kaufen Sie jetzt Ihre Tickets!","og_url":"https:\/\/plazadetoroslamalagueta.com\/de\/stierkampf-plakat-fuer-die-messe-in-malaga-2025\/","og_site_name":"Plaza de Toros La Malagueta","article_published_time":"2025-07-03T08:03:31+00:00","article_modified_time":"2025-07-03T08:23:02+00:00","og_image":[{"width":480,"height":600,"url":"https:\/\/plazadetoroslamalagueta.com\/wp-content\/uploads\/2025\/06\/corrida-toros-2025.webp","type":"image\/webp"}],"author":"FABIENNE MERIC","twitter_card":"summary_large_image","twitter_misc":{"Verfasst von":"FABIENNE MERIC","Gesch\u00e4tzte Lesezeit":"7\u00a0Minuten"},"schema":{"@context":"https:\/\/schema.org","@graph":[{"@type":"Article","@id":"https:\/\/plazadetoroslamalagueta.com\/de\/stierkampf-plakat-fuer-die-messe-in-malaga-2025\/#article","isPartOf":{"@id":"https:\/\/plazadetoroslamalagueta.com\/de\/stierkampf-plakat-fuer-die-messe-in-malaga-2025\/"},"author":{"name":"FABIENNE MERIC","@id":"https:\/\/plazadetoroslamalagueta.com\/de\/#\/schema\/person\/12a2a38ea126782b7d042cd27f306172"},"headline":"Stierkampf-Plakat f\u00fcr die Messe in Malaga 2025","datePublished":"2025-07-03T08:03:31+00:00","dateModified":"2025-07-03T08:23:02+00:00","mainEntityOfPage":{"@id":"https:\/\/plazadetoroslamalagueta.com\/de\/stierkampf-plakat-fuer-die-messe-in-malaga-2025\/"},"wordCount":1308,"commentCount":0,"publisher":{"@id":"https:\/\/plazadetoroslamalagueta.com\/de\/#organization"},"image":{"@id":"https:\/\/plazadetoroslamalagueta.com\/de\/stierkampf-plakat-fuer-die-messe-in-malaga-2025\/#primaryimage"},"thumbnailUrl":"https:\/\/plazadetoroslamalagueta.com\/wp-content\/uploads\/2025\/06\/corrida-toros-2025.webp","articleSection":["Stierkampf-Veranstaltungen"],"inLanguage":"de","potentialAction":[{"@type":"CommentAction","name":"Comment","target":["https:\/\/plazadetoroslamalagueta.com\/de\/stierkampf-plakat-fuer-die-messe-in-malaga-2025\/#respond"]}]},{"@type":"WebPage","@id":"https:\/\/plazadetoroslamalagueta.com\/de\/stierkampf-plakat-fuer-die-messe-in-malaga-2025\/","url":"https:\/\/plazadetoroslamalagueta.com\/de\/stierkampf-plakat-fuer-die-messe-in-malaga-2025\/","name":"Stierkampf-Plakat f\u00fcr die Messe in Malaga 2025 - Plaza de Toros La Malagueta","isPartOf":{"@id":"https:\/\/plazadetoroslamalagueta.com\/de\/#website"},"primaryImageOfPage":{"@id":"https:\/\/plazadetoroslamalagueta.com\/de\/stierkampf-plakat-fuer-die-messe-in-malaga-2025\/#primaryimage"},"image":{"@id":"https:\/\/plazadetoroslamalagueta.com\/de\/stierkampf-plakat-fuer-die-messe-in-malaga-2025\/#primaryimage"},"thumbnailUrl":"https:\/\/plazadetoroslamalagueta.com\/wp-content\/uploads\/2025\/06\/corrida-toros-2025.webp","datePublished":"2025-07-03T08:03:31+00:00","dateModified":"2025-07-03T08:23:02+00:00","description":"Entdecken Sie die Stierk\u00e4mpfe, Stierk\u00e4mpfer, Stierkampfveranstaltungen und Stiertreiben von Malaga 2025: Kaufen Sie jetzt Ihre Tickets!","breadcrumb":{"@id":"https:\/\/plazadetoroslamalagueta.com\/de\/stierkampf-plakat-fuer-die-messe-in-malaga-2025\/#breadcrumb"},"inLanguage":"de","potentialAction":[{"@type":"ReadAction","target":["https:\/\/plazadetoroslamalagueta.com\/de\/stierkampf-plakat-fuer-die-messe-in-malaga-2025\/"]}]},{"@type":"ImageObject","inLanguage":"de","@id":"https:\/\/plazadetoroslamalagueta.com\/de\/stierkampf-plakat-fuer-die-messe-in-malaga-2025\/#primaryimage","url":"https:\/\/plazadetoroslamalagueta.com\/wp-content\/uploads\/2025\/06\/corrida-toros-2025.webp","contentUrl":"https:\/\/plazadetoroslamalagueta.com\/wp-content\/uploads\/2025\/06\/corrida-toros-2025.webp","width":480,"height":600,"caption":"Stierkampf 14. August 2025 Malaga"},{"@type":"BreadcrumbList","@id":"https:\/\/plazadetoroslamalagueta.com\/de\/stierkampf-plakat-fuer-die-messe-in-malaga-2025\/#breadcrumb","itemListElement":[{"@type":"ListItem","position":1,"name":"Inicio","item":"https:\/\/plazadetoroslamalagueta.com\/de\/"},{"@type":"ListItem","position":2,"name":"Stierkampf-Plakat f\u00fcr die Messe in Malaga 2025"}]},{"@type":"WebSite","@id":"https:\/\/plazadetoroslamalagueta.com\/de\/#website","url":"https:\/\/plazadetoroslamalagueta.com\/de\/","name":"Plaza de Toros de la Malagueta","description":"La Plaza de Toros de M\u00e1laga, de nombre La Malagueta, es un edificio reconocido Bien de Inter\u00e9s Cultural, que ofrece visitas tur\u00edsticas y corridas de toros y otros tipos de espect\u00e1culo durante todo el a\u00f1o.","publisher":{"@id":"https:\/\/plazadetoroslamalagueta.com\/de\/#organization"},"alternateName":"Plaza de Toros M\u00e1laga","potentialAction":[{"@type":"SearchAction","target":{"@type":"EntryPoint","urlTemplate":"https:\/\/plazadetoroslamalagueta.com\/de\/?s={search_term_string}"},"query-input":{"@type":"PropertyValueSpecification","valueRequired":true,"valueName":"search_term_string"}}],"inLanguage":"de"},{"@type":"Organization","@id":"https:\/\/plazadetoroslamalagueta.com\/de\/#organization","name":"Plaza de Toros la Malagueta","url":"https:\/\/plazadetoroslamalagueta.com\/de\/","logo":{"@type":"ImageObject","inLanguage":"de","@id":"https:\/\/plazadetoroslamalagueta.com\/de\/#\/schema\/logo\/image\/","url":"https:\/\/plazadetoroslamalagueta.com\/wp-content\/uploads\/2024\/02\/Logo-plaza-toros.webp","contentUrl":"https:\/\/plazadetoroslamalagueta.com\/wp-content\/uploads\/2024\/02\/Logo-plaza-toros.webp","width":100,"height":100,"caption":"Plaza de Toros la Malagueta"},"image":{"@id":"https:\/\/plazadetoroslamalagueta.com\/de\/#\/schema\/logo\/image\/"}},{"@type":"Person","@id":"https:\/\/plazadetoroslamalagueta.com\/de\/#\/schema\/person\/12a2a38ea126782b7d042cd27f306172","name":"FABIENNE MERIC","image":{"@type":"ImageObject","inLanguage":"de","@id":"https:\/\/secure.gravatar.com\/avatar\/33043d735d9e796699c090524606b3e310ddadd56204a0d1511b992e9e864944?s=96&d=mm&r=g","url":"https:\/\/secure.gravatar.com\/avatar\/33043d735d9e796699c090524606b3e310ddadd56204a0d1511b992e9e864944?s=96&d=mm&r=g","contentUrl":"https:\/\/secure.gravatar.com\/avatar\/33043d735d9e796699c090524606b3e310ddadd56204a0d1511b992e9e864944?s=96&d=mm&r=g","caption":"FABIENNE MERIC"},"url":"https:\/\/plazadetoroslamalagueta.com\/de\/author\/fabienne\/"}]}},"_links":{"self":[{"href":"https:\/\/plazadetoroslamalagueta.com\/de\/wp-json\/wp\/v2\/posts\/31372","targetHints":{"allow":["GET"]}}],"collection":[{"href":"https:\/\/plazadetoroslamalagueta.com\/de\/wp-json\/wp\/v2\/posts"}],"about":[{"href":"https:\/\/plazadetoroslamalagueta.com\/de\/wp-json\/wp\/v2\/types\/post"}],"author":[{"embeddable":true,"href":"https:\/\/plazadetoroslamalagueta.com\/de\/wp-json\/wp\/v2\/users\/5"}],"replies":[{"embeddable":true,"href":"https:\/\/plazadetoroslamalagueta.com\/de\/wp-json\/wp\/v2\/comments?post=31372"}],"version-history":[{"count":31,"href":"https:\/\/plazadetoroslamalagueta.com\/de\/wp-json\/wp\/v2\/posts\/31372\/revisions"}],"predecessor-version":[{"id":31484,"href":"https:\/\/plazadetoroslamalagueta.com\/de\/wp-json\/wp\/v2\/posts\/31372\/revisions\/31484"}],"wp:featuredmedia":[{"embeddable":true,"href":"https:\/\/plazadetoroslamalagueta.com\/de\/wp-json\/wp\/v2\/media\/30016"}],"wp:attachment":[{"href":"https:\/\/plazadetoroslamalagueta.com\/de\/wp-json\/wp\/v2\/media?parent=31372"}],"wp:term":[{"taxonomy":"category","embeddable":true,"href":"https:\/\/plazadetoroslamalagueta.com\/de\/wp-json\/wp\/v2\/categories?post=31372"},{"taxonomy":"post_tag","embeddable":true,"href":"https:\/\/plazadetoroslamalagueta.com\/de\/wp-json\/wp\/v2\/tags?post=31372"}],"curies":[{"name":"wp","href":"https:\/\/api.w.org\/{rel}","templated":true}]}}