{"id":24926,"date":"2025-04-01T09:46:08","date_gmt":"2025-04-01T07:46:08","guid":{"rendered":"https:\/\/plazadetoroslamalagueta.com\/24926\/"},"modified":"2025-04-01T09:47:14","modified_gmt":"2025-04-01T07:47:14","slug":"24926","status":"publish","type":"post","link":"https:\/\/plazadetoroslamalagueta.com\/de\/24926\/","title":{"rendered":""},"content":{"rendered":"<section class=\"l-section wpb_row height_medium\"><div class=\"l-section-h i-cf\"><div class=\"g-cols vc_row via_grid cols_1 laptops-cols_inherit tablets-cols_inherit mobiles-cols_1 valign_top type_default stacking_default\"><div class=\"wpb_column vc_column_container\"><div class=\"vc_column-inner\"><div class=\"wpb_text_column\"><div class=\"wpb_wrapper\"><h1><span>Juan Ortega und Roca Rey verbinden sich mit der Kultur M\u00e1lagas zum Auftakt der Corrida Picassiana<\/span><\/h1>\n<\/div><\/div><\/div><\/div><\/div><\/div><\/section><section class=\"l-section wpb_row height_medium\"><div class=\"l-section-h i-cf\"><div class=\"g-cols vc_row via_grid cols_1 laptops-cols_inherit tablets-cols_inherit mobiles-cols_1 valign_top type_default stacking_default\"><div class=\"wpb_column vc_column_container\"><div class=\"vc_column-inner\"><div class=\"wpb_text_column\"><div class=\"wpb_wrapper\"><p class=\"\" data-start=\"344\" data-end=\"475\"><strong data-start=\"344\" data-end=\"475\">Die Stierk\u00e4mpfer besuchen das CEIT und die Ruta Picassiana in M\u00e1laga, um die Beziehung zwischen Stierkampf, Kunst und Tradition zu erkunden.<\/strong><\/p>\n<p class=\"\" data-start=\"477\" data-end=\"795\">Die<strong><span> <\/span>Matadore Juan Ortega und Andr\u00e9s Roca Rey<\/strong><span> <\/span>haben der Stadt M\u00e1laga k\u00fcrzlich einen Besuch abgestattet und dabei verschiedene Facetten des kulturellen und stierk\u00e4mpferischen Erbes der Stadt erkundet, um sich auf die mit Spannung erwartete Corrida Picassiana vorzubereiten, die am<strong>kommenden 19. April<\/strong> auf der<strong>Plaza de Toros de La Malagueta (<\/strong><span> <\/span><strong>)<\/strong> stattfinden wird.<\/p>\n<h3 class=\"\" data-start=\"797\" data-end=\"879\">Juan Ortega im Centre for Immersive Experiences of Bullfighting (CEIT)<\/h3>\n<p class=\"\" data-start=\"880\" data-end=\"1205\"><strong>Juan Ortega war der erste Stierk\u00e4mpfer, der das CEIT<\/strong>, das sich in der Umgebung der Stierkampfarena von M\u00e1laga befindet<strong>, offiziell besuchte<\/strong>. Dieser innovative Raum bietet eine <span> <\/span><strong>ein einzigartiges Erlebnis, das k\u00fcnstliche Intelligenz, Videomapping, Augmented Reality und Surround Sound mit einer Sammlung von mehr als 350 St\u00fccken zum Thema Stierkampf kombiniert.<\/strong><\/p>\n<p class=\"\" data-start=\"1207\" data-end=\"1502\">W\u00e4hrend seines Rundgangs<strong>erkundete<\/strong><span> <\/span><strong>Ortega die verschiedenen R\u00e4ume des Zentrums<\/strong>, von<span> <\/span><strong>immersiven Projektionen, die die historische Entwicklung des Stierkampfes erz\u00e4hlen, bis hin zu Vitrinen mit emblematischen Stierkampfkost\u00fcmen und einer interaktiven Erfahrung, die es den Besuchern erm\u00f6glicht, sich symbolisch &#8222;in die Haut des Stierk\u00e4mpfers&#8220; zu versetzen.<\/strong><\/p>\n<p class=\"\" data-start=\"1504\" data-end=\"1724\">Diese Art von Raum tr\u00e4gt dazu bei, unsere Tradition auf innovative und spannende Weise zu bewahren und weiterzugeben. Es ist ein gro\u00dfartiges Instrument, um den Stierkampf allen Zuschauern n\u00e4her zu bringen, sagte der Stierk\u00e4mpfer nach seinem Besuch. <\/p>\n<h3 class=\"\" data-start=\"1726\" data-end=\"1761\">Roca Rey und die Picassische Route<\/h3>\n<p class=\"\" data-start=\"1762\" data-end=\"2082\">F\u00fcr seinen Teil,<span> <\/span><strong>Andr\u00e9s Roca Rey leitete eine kulturelle Tour zu den wichtigsten Orten im Leben von Pablo Picasso in M\u00e1laga<\/strong>. Der von Lances de Futuro in Zusammenarbeit mit der Stadtverwaltung organisierte Besuch umfasste Stationen im Museum des Geburtshauses des Malers, auf der Plaza de la Merced und in der Santiago-Kirche, wo er getauft wurde. <\/p>\n<p class=\"\" data-start=\"2084\" data-end=\"2379\">Der peruanische Stierk\u00e4mpfer interessierte sich sehr f\u00fcr das Leben und die Arbeit des in M\u00e1laga geborenen K\u00fcnstlers und betonte den Einfluss, den der Stierkampf auf seinen kreativen Prozess hatte.<strong>&#8222;Es ist spannend zu entdecken, wie die Kunst des Stierkampfes das Werk eines der gr\u00f6\u00dften Genies des 20. Jahrhunderts gepr\u00e4gt hat&#8220;, erkl\u00e4rte Roca Rey.<\/strong><\/p>\n<h3 class=\"\" data-start=\"2381\" data-end=\"2445\">Kultur, Kunst und Tradition treffen auf der Corrida Picassiana aufeinander<\/h3>\n<p class=\"\" data-start=\"2446\" data-end=\"2684\">Diese Aktionen verst\u00e4rken die Verbindung zwischen dem Stierkampf und dem kulturellen Angebot M\u00e1lagas und festigen die Corrida Picassiana als ein Ereignis, das \u00fcber die Stierkampfarena hinausgeht und zu einer lebendigen Hommage an die Verschmelzung von Kunst und Tradition wird.<\/p>\n<p class=\"\" data-start=\"2686\" data-end=\"2874\"><strong>Beide Besuche spiegeln die Verbundenheit der Stierk\u00e4mpfer mit der Stadt und ihrem Erbe wider und dienen als Auftakt zu einem der einzigartigsten und symboltr\u00e4chtigsten Feste im nationalen Stierkampfkalender.<\/strong><\/p>\n<\/div><\/div><\/div><\/div><\/div><\/div><\/section><section class=\"l-section wpb_row height_medium\"><div class=\"l-section-h i-cf\"><div class=\"g-cols vc_row via_grid cols_1 laptops-cols_inherit tablets-cols_inherit mobiles-cols_1 valign_top type_default stacking_default\"><div class=\"wpb_column vc_column_container\"><div class=\"vc_column-inner\"><div class=\"w-content-carousel items_3\"><div class=\"owl-carousel valign_stretch dotstyle_circle navstyle_circle arrows-ver-pos_middle arrows-hor-pos_on_sides_outside arrows-disabled_hide owl-responsive-2000 with_arrows\" style=\"--items-gap:30px;--transition-duration:350ms;--arrows-size:1.5rem;--arrows-gap:10px;\" onclick=\"return {&quot;aria_labels&quot;:{&quot;prev&quot;:&quot;Zur\\u00fcck&quot;,&quot;next&quot;:&quot;Weiter&quot;},&quot;autoplayContinual&quot;:false,&quot;autoplayHoverPause&quot;:false,&quot;autoplayTimeout&quot;:3000,&quot;autoWidth&quot;:false,&quot;smartSpeed&quot;:350,&quot;margin&quot;:30,&quot;mouseDrag&quot;:true,&quot;rtl&quot;:false,&quot;slideBy&quot;:&quot;1&quot;,&quot;touchDrag&quot;:true,&quot;slideTransition&quot;:&quot;&quot;,&quot;responsive&quot;:{&quot;0&quot;:{&quot;autoHeight&quot;:false,&quot;autoplay&quot;:false,&quot;autoWidth&quot;:false,&quot;center&quot;:false,&quot;dots&quot;:false,&quot;items&quot;:1,&quot;loop&quot;:false,&quot;nav&quot;:false,&quot;stagePadding&quot;:0,&quot;slideBy&quot;:&quot;1&quot;},&quot;601&quot;:{&quot;autoHeight&quot;:false,&quot;autoplay&quot;:false,&quot;autoWidth&quot;:false,&quot;center&quot;:false,&quot;dots&quot;:false,&quot;items&quot;:3,&quot;loop&quot;:false,&quot;nav&quot;:true,&quot;stagePadding&quot;:0}}}\"><div class=\"w-image align_none\"><div class=\"w-image-h\"><img decoding=\"async\" width=\"1024\" height=\"683\" src=\"https:\/\/plazadetoroslamalagueta.com\/wp-content\/uploads\/2025\/03\/juanortegaceit7-1024x683.jpeg\" class=\"attachment-large size-large\" alt=\"\" loading=\"lazy\" srcset=\"https:\/\/plazadetoroslamalagueta.com\/wp-content\/uploads\/2025\/03\/juanortegaceit7-1024x683.jpeg 1024w, https:\/\/plazadetoroslamalagueta.com\/wp-content\/uploads\/2025\/03\/juanortegaceit7-300x200.jpeg 300w, https:\/\/plazadetoroslamalagueta.com\/wp-content\/uploads\/2025\/03\/juanortegaceit7.jpeg 1536w\" sizes=\"auto, (max-width: 1024px) 100vw, 1024px\" \/><\/div><\/div><div class=\"w-image align_none\"><div class=\"w-image-h\"><img decoding=\"async\" width=\"1024\" height=\"682\" src=\"https:\/\/plazadetoroslamalagueta.com\/wp-content\/uploads\/2025\/03\/juanortega-malagueta-1024x682.jpeg\" class=\"attachment-large size-large\" alt=\"\" loading=\"lazy\" srcset=\"https:\/\/plazadetoroslamalagueta.com\/wp-content\/uploads\/2025\/03\/juanortega-malagueta-1024x682.jpeg 1024w, https:\/\/plazadetoroslamalagueta.com\/wp-content\/uploads\/2025\/03\/juanortega-malagueta-300x200.jpeg 300w, https:\/\/plazadetoroslamalagueta.com\/wp-content\/uploads\/2025\/03\/juanortega-malagueta.jpeg 1600w\" sizes=\"auto, (max-width: 1024px) 100vw, 1024px\" \/><\/div><\/div><div class=\"w-image align_none\"><div class=\"w-image-h\"><img decoding=\"async\" width=\"1024\" height=\"682\" src=\"https:\/\/plazadetoroslamalagueta.com\/wp-content\/uploads\/2025\/04\/juanortegaceit1-1024x682.jpeg\" class=\"attachment-large size-large\" alt=\"\" loading=\"lazy\" srcset=\"https:\/\/plazadetoroslamalagueta.com\/wp-content\/uploads\/2025\/04\/juanortegaceit1-1024x682.jpeg 1024w, https:\/\/plazadetoroslamalagueta.com\/wp-content\/uploads\/2025\/04\/juanortegaceit1-300x200.jpeg 300w, https:\/\/plazadetoroslamalagueta.com\/wp-content\/uploads\/2025\/04\/juanortegaceit1.jpeg 1600w\" sizes=\"auto, (max-width: 1024px) 100vw, 1024px\" \/><\/div><\/div><\/div><\/div><\/div><\/div><\/div><\/div><\/section>\n","protected":false},"excerpt":{"rendered":"Juan Ortega und Roca Rey verbinden sich mit der Kultur M\u00e1lagas zum Auftakt der Corrida Picassiana Die Stierk\u00e4mpfer besuchen das CEIT und die Ruta Picassiana in M\u00e1laga, um die Beziehung zwischen Stierkampf, Kunst und Tradition zu erkunden. Die Matadore Juan Ortega und Andr\u00e9s Roca Rey haben der Stadt M\u00e1laga k\u00fcrzlich einen Besuch abgestattet und dabei...","protected":false},"author":4,"featured_media":24918,"comment_status":"open","ping_status":"open","sticky":false,"template":"","format":"standard","meta":{"footnotes":""},"categories":[557],"tags":[],"class_list":["post-24926","post","type-post","status-publish","format-standard","has-post-thumbnail","hentry","category-uber-den-platz"],"yoast_head":"<!-- This site is optimized with the Yoast SEO plugin v27.4 - https:\/\/yoast.com\/product\/yoast-seo-wordpress\/ -->\n<title>- Plaza de Toros La Malagueta<\/title>\n<meta name=\"robots\" content=\"index, follow, max-snippet:-1, max-image-preview:large, max-video-preview:-1\" \/>\n<link rel=\"canonical\" href=\"https:\/\/plazadetoroslamalagueta.com\/de\/24926\/\" \/>\n<meta property=\"og:locale\" content=\"de_DE\" \/>\n<meta property=\"og:type\" content=\"article\" \/>\n<meta property=\"og:title\" content=\"- Plaza de Toros La Malagueta\" \/>\n<meta property=\"og:url\" content=\"https:\/\/plazadetoroslamalagueta.com\/de\/24926\/\" \/>\n<meta property=\"og:site_name\" content=\"Plaza de Toros La Malagueta\" \/>\n<meta property=\"article:published_time\" content=\"2025-04-01T07:46:08+00:00\" \/>\n<meta property=\"article:modified_time\" content=\"2025-04-01T07:47:14+00:00\" \/>\n<meta property=\"og:image\" content=\"https:\/\/plazadetoroslamalagueta.com\/wp-content\/uploads\/2025\/04\/juanortegaceit1.jpeg\" \/>\n\t<meta property=\"og:image:width\" content=\"1600\" \/>\n\t<meta property=\"og:image:height\" content=\"1066\" \/>\n\t<meta property=\"og:image:type\" content=\"image\/jpeg\" \/>\n<meta name=\"author\" content=\"Marketing\" \/>\n<meta name=\"twitter:card\" content=\"summary_large_image\" \/>\n<meta name=\"twitter:label1\" content=\"Verfasst von\" \/>\n\t<meta name=\"twitter:data1\" content=\"Marketing\" \/>\n\t<meta name=\"twitter:label2\" content=\"Gesch\u00e4tzte Lesezeit\" \/>\n\t<meta name=\"twitter:data2\" content=\"3\u00a0Minuten\" \/>\n<script type=\"application\/ld+json\" class=\"yoast-schema-graph\">{\"@context\":\"https:\\\/\\\/schema.org\",\"@graph\":[{\"@type\":\"Article\",\"@id\":\"https:\\\/\\\/plazadetoroslamalagueta.com\\\/de\\\/24926\\\/#article\",\"isPartOf\":{\"@id\":\"https:\\\/\\\/plazadetoroslamalagueta.com\\\/de\\\/24926\\\/\"},\"author\":{\"name\":\"Marketing\",\"@id\":\"https:\\\/\\\/plazadetoroslamalagueta.com\\\/de\\\/#\\\/schema\\\/person\\\/38da8099bb302a43fd2c5eaec4713c5e\"},\"headline\":\"Kein Titel\",\"datePublished\":\"2025-04-01T07:46:08+00:00\",\"dateModified\":\"2025-04-01T07:47:14+00:00\",\"mainEntityOfPage\":{\"@id\":\"https:\\\/\\\/plazadetoroslamalagueta.com\\\/de\\\/24926\\\/\"},\"wordCount\":560,\"commentCount\":0,\"publisher\":{\"@id\":\"https:\\\/\\\/plazadetoroslamalagueta.com\\\/de\\\/#organization\"},\"image\":{\"@id\":\"https:\\\/\\\/plazadetoroslamalagueta.com\\\/de\\\/24926\\\/#primaryimage\"},\"thumbnailUrl\":\"https:\\\/\\\/plazadetoroslamalagueta.com\\\/wp-content\\\/uploads\\\/2025\\\/04\\\/juanortegaceit1.jpeg\",\"articleSection\":[\"\u00dcber den Platz\"],\"inLanguage\":\"de\",\"potentialAction\":[{\"@type\":\"CommentAction\",\"name\":\"Comment\",\"target\":[\"https:\\\/\\\/plazadetoroslamalagueta.com\\\/de\\\/24926\\\/#respond\"]}]},{\"@type\":\"WebPage\",\"@id\":\"https:\\\/\\\/plazadetoroslamalagueta.com\\\/de\\\/24926\\\/\",\"url\":\"https:\\\/\\\/plazadetoroslamalagueta.com\\\/de\\\/24926\\\/\",\"name\":\"- Plaza de Toros La Malagueta\",\"isPartOf\":{\"@id\":\"https:\\\/\\\/plazadetoroslamalagueta.com\\\/de\\\/#website\"},\"primaryImageOfPage\":{\"@id\":\"https:\\\/\\\/plazadetoroslamalagueta.com\\\/de\\\/24926\\\/#primaryimage\"},\"image\":{\"@id\":\"https:\\\/\\\/plazadetoroslamalagueta.com\\\/de\\\/24926\\\/#primaryimage\"},\"thumbnailUrl\":\"https:\\\/\\\/plazadetoroslamalagueta.com\\\/wp-content\\\/uploads\\\/2025\\\/04\\\/juanortegaceit1.jpeg\",\"datePublished\":\"2025-04-01T07:46:08+00:00\",\"dateModified\":\"2025-04-01T07:47:14+00:00\",\"inLanguage\":\"de\",\"potentialAction\":[{\"@type\":\"ReadAction\",\"target\":[\"https:\\\/\\\/plazadetoroslamalagueta.com\\\/de\\\/24926\\\/\"]}]},{\"@type\":\"ImageObject\",\"inLanguage\":\"de\",\"@id\":\"https:\\\/\\\/plazadetoroslamalagueta.com\\\/de\\\/24926\\\/#primaryimage\",\"url\":\"https:\\\/\\\/plazadetoroslamalagueta.com\\\/wp-content\\\/uploads\\\/2025\\\/04\\\/juanortegaceit1.jpeg\",\"contentUrl\":\"https:\\\/\\\/plazadetoroslamalagueta.com\\\/wp-content\\\/uploads\\\/2025\\\/04\\\/juanortegaceit1.jpeg\",\"width\":1600,\"height\":1066},{\"@type\":\"WebSite\",\"@id\":\"https:\\\/\\\/plazadetoroslamalagueta.com\\\/de\\\/#website\",\"url\":\"https:\\\/\\\/plazadetoroslamalagueta.com\\\/de\\\/\",\"name\":\"Plaza de Toros de la Malagueta\",\"description\":\"La Plaza de Toros de M\u00e1laga, de nombre La Malagueta, es un edificio reconocido Bien de Inter\u00e9s Cultural, que ofrece visitas tur\u00edsticas y corridas de toros y otros tipos de espect\u00e1culo durante todo el a\u00f1o.\",\"publisher\":{\"@id\":\"https:\\\/\\\/plazadetoroslamalagueta.com\\\/de\\\/#organization\"},\"alternateName\":\"Plaza de Toros M\u00e1laga\",\"potentialAction\":[{\"@type\":\"SearchAction\",\"target\":{\"@type\":\"EntryPoint\",\"urlTemplate\":\"https:\\\/\\\/plazadetoroslamalagueta.com\\\/de\\\/?s={search_term_string}\"},\"query-input\":{\"@type\":\"PropertyValueSpecification\",\"valueRequired\":true,\"valueName\":\"search_term_string\"}}],\"inLanguage\":\"de\"},{\"@type\":\"Organization\",\"@id\":\"https:\\\/\\\/plazadetoroslamalagueta.com\\\/de\\\/#organization\",\"name\":\"Plaza de Toros la Malagueta\",\"url\":\"https:\\\/\\\/plazadetoroslamalagueta.com\\\/de\\\/\",\"logo\":{\"@type\":\"ImageObject\",\"inLanguage\":\"de\",\"@id\":\"https:\\\/\\\/plazadetoroslamalagueta.com\\\/de\\\/#\\\/schema\\\/logo\\\/image\\\/\",\"url\":\"https:\\\/\\\/plazadetoroslamalagueta.com\\\/wp-content\\\/uploads\\\/2024\\\/02\\\/Logo-plaza-toros.webp\",\"contentUrl\":\"https:\\\/\\\/plazadetoroslamalagueta.com\\\/wp-content\\\/uploads\\\/2024\\\/02\\\/Logo-plaza-toros.webp\",\"width\":100,\"height\":100,\"caption\":\"Plaza de Toros la Malagueta\"},\"image\":{\"@id\":\"https:\\\/\\\/plazadetoroslamalagueta.com\\\/de\\\/#\\\/schema\\\/logo\\\/image\\\/\"}},{\"@type\":\"Person\",\"@id\":\"https:\\\/\\\/plazadetoroslamalagueta.com\\\/de\\\/#\\\/schema\\\/person\\\/38da8099bb302a43fd2c5eaec4713c5e\",\"name\":\"Marketing\",\"image\":{\"@type\":\"ImageObject\",\"inLanguage\":\"de\",\"@id\":\"https:\\\/\\\/secure.gravatar.com\\\/avatar\\\/2c03e1a8691cff42cdbffdaf0b1a4a8d0203aaa61e9a18db2956bd6c8b777fd6?s=96&d=mm&r=g\",\"url\":\"https:\\\/\\\/secure.gravatar.com\\\/avatar\\\/2c03e1a8691cff42cdbffdaf0b1a4a8d0203aaa61e9a18db2956bd6c8b777fd6?s=96&d=mm&r=g\",\"contentUrl\":\"https:\\\/\\\/secure.gravatar.com\\\/avatar\\\/2c03e1a8691cff42cdbffdaf0b1a4a8d0203aaa61e9a18db2956bd6c8b777fd6?s=96&d=mm&r=g\",\"caption\":\"Marketing\"},\"url\":\"https:\\\/\\\/plazadetoroslamalagueta.com\\\/de\\\/author\\\/marketing\\\/\"}]}<\/script>\n<!-- \/ Yoast SEO plugin. -->","yoast_head_json":{"title":"- Plaza de Toros La Malagueta","robots":{"index":"index","follow":"follow","max-snippet":"max-snippet:-1","max-image-preview":"max-image-preview:large","max-video-preview":"max-video-preview:-1"},"canonical":"https:\/\/plazadetoroslamalagueta.com\/de\/24926\/","og_locale":"de_DE","og_type":"article","og_title":"- Plaza de Toros La Malagueta","og_url":"https:\/\/plazadetoroslamalagueta.com\/de\/24926\/","og_site_name":"Plaza de Toros La Malagueta","article_published_time":"2025-04-01T07:46:08+00:00","article_modified_time":"2025-04-01T07:47:14+00:00","og_image":[{"width":1600,"height":1066,"url":"https:\/\/plazadetoroslamalagueta.com\/wp-content\/uploads\/2025\/04\/juanortegaceit1.jpeg","type":"image\/jpeg"}],"author":"Marketing","twitter_card":"summary_large_image","twitter_misc":{"Verfasst von":"Marketing","Gesch\u00e4tzte Lesezeit":"3\u00a0Minuten"},"schema":{"@context":"https:\/\/schema.org","@graph":[{"@type":"Article","@id":"https:\/\/plazadetoroslamalagueta.com\/de\/24926\/#article","isPartOf":{"@id":"https:\/\/plazadetoroslamalagueta.com\/de\/24926\/"},"author":{"name":"Marketing","@id":"https:\/\/plazadetoroslamalagueta.com\/de\/#\/schema\/person\/38da8099bb302a43fd2c5eaec4713c5e"},"headline":"Kein Titel","datePublished":"2025-04-01T07:46:08+00:00","dateModified":"2025-04-01T07:47:14+00:00","mainEntityOfPage":{"@id":"https:\/\/plazadetoroslamalagueta.com\/de\/24926\/"},"wordCount":560,"commentCount":0,"publisher":{"@id":"https:\/\/plazadetoroslamalagueta.com\/de\/#organization"},"image":{"@id":"https:\/\/plazadetoroslamalagueta.com\/de\/24926\/#primaryimage"},"thumbnailUrl":"https:\/\/plazadetoroslamalagueta.com\/wp-content\/uploads\/2025\/04\/juanortegaceit1.jpeg","articleSection":["\u00dcber den Platz"],"inLanguage":"de","potentialAction":[{"@type":"CommentAction","name":"Comment","target":["https:\/\/plazadetoroslamalagueta.com\/de\/24926\/#respond"]}]},{"@type":"WebPage","@id":"https:\/\/plazadetoroslamalagueta.com\/de\/24926\/","url":"https:\/\/plazadetoroslamalagueta.com\/de\/24926\/","name":"- Plaza de Toros La Malagueta","isPartOf":{"@id":"https:\/\/plazadetoroslamalagueta.com\/de\/#website"},"primaryImageOfPage":{"@id":"https:\/\/plazadetoroslamalagueta.com\/de\/24926\/#primaryimage"},"image":{"@id":"https:\/\/plazadetoroslamalagueta.com\/de\/24926\/#primaryimage"},"thumbnailUrl":"https:\/\/plazadetoroslamalagueta.com\/wp-content\/uploads\/2025\/04\/juanortegaceit1.jpeg","datePublished":"2025-04-01T07:46:08+00:00","dateModified":"2025-04-01T07:47:14+00:00","inLanguage":"de","potentialAction":[{"@type":"ReadAction","target":["https:\/\/plazadetoroslamalagueta.com\/de\/24926\/"]}]},{"@type":"ImageObject","inLanguage":"de","@id":"https:\/\/plazadetoroslamalagueta.com\/de\/24926\/#primaryimage","url":"https:\/\/plazadetoroslamalagueta.com\/wp-content\/uploads\/2025\/04\/juanortegaceit1.jpeg","contentUrl":"https:\/\/plazadetoroslamalagueta.com\/wp-content\/uploads\/2025\/04\/juanortegaceit1.jpeg","width":1600,"height":1066},{"@type":"WebSite","@id":"https:\/\/plazadetoroslamalagueta.com\/de\/#website","url":"https:\/\/plazadetoroslamalagueta.com\/de\/","name":"Plaza de Toros de la Malagueta","description":"La Plaza de Toros de M\u00e1laga, de nombre La Malagueta, es un edificio reconocido Bien de Inter\u00e9s Cultural, que ofrece visitas tur\u00edsticas y corridas de toros y otros tipos de espect\u00e1culo durante todo el a\u00f1o.","publisher":{"@id":"https:\/\/plazadetoroslamalagueta.com\/de\/#organization"},"alternateName":"Plaza de Toros M\u00e1laga","potentialAction":[{"@type":"SearchAction","target":{"@type":"EntryPoint","urlTemplate":"https:\/\/plazadetoroslamalagueta.com\/de\/?s={search_term_string}"},"query-input":{"@type":"PropertyValueSpecification","valueRequired":true,"valueName":"search_term_string"}}],"inLanguage":"de"},{"@type":"Organization","@id":"https:\/\/plazadetoroslamalagueta.com\/de\/#organization","name":"Plaza de Toros la Malagueta","url":"https:\/\/plazadetoroslamalagueta.com\/de\/","logo":{"@type":"ImageObject","inLanguage":"de","@id":"https:\/\/plazadetoroslamalagueta.com\/de\/#\/schema\/logo\/image\/","url":"https:\/\/plazadetoroslamalagueta.com\/wp-content\/uploads\/2024\/02\/Logo-plaza-toros.webp","contentUrl":"https:\/\/plazadetoroslamalagueta.com\/wp-content\/uploads\/2024\/02\/Logo-plaza-toros.webp","width":100,"height":100,"caption":"Plaza de Toros la Malagueta"},"image":{"@id":"https:\/\/plazadetoroslamalagueta.com\/de\/#\/schema\/logo\/image\/"}},{"@type":"Person","@id":"https:\/\/plazadetoroslamalagueta.com\/de\/#\/schema\/person\/38da8099bb302a43fd2c5eaec4713c5e","name":"Marketing","image":{"@type":"ImageObject","inLanguage":"de","@id":"https:\/\/secure.gravatar.com\/avatar\/2c03e1a8691cff42cdbffdaf0b1a4a8d0203aaa61e9a18db2956bd6c8b777fd6?s=96&d=mm&r=g","url":"https:\/\/secure.gravatar.com\/avatar\/2c03e1a8691cff42cdbffdaf0b1a4a8d0203aaa61e9a18db2956bd6c8b777fd6?s=96&d=mm&r=g","contentUrl":"https:\/\/secure.gravatar.com\/avatar\/2c03e1a8691cff42cdbffdaf0b1a4a8d0203aaa61e9a18db2956bd6c8b777fd6?s=96&d=mm&r=g","caption":"Marketing"},"url":"https:\/\/plazadetoroslamalagueta.com\/de\/author\/marketing\/"}]}},"_links":{"self":[{"href":"https:\/\/plazadetoroslamalagueta.com\/de\/wp-json\/wp\/v2\/posts\/24926","targetHints":{"allow":["GET"]}}],"collection":[{"href":"https:\/\/plazadetoroslamalagueta.com\/de\/wp-json\/wp\/v2\/posts"}],"about":[{"href":"https:\/\/plazadetoroslamalagueta.com\/de\/wp-json\/wp\/v2\/types\/post"}],"author":[{"embeddable":true,"href":"https:\/\/plazadetoroslamalagueta.com\/de\/wp-json\/wp\/v2\/users\/4"}],"replies":[{"embeddable":true,"href":"https:\/\/plazadetoroslamalagueta.com\/de\/wp-json\/wp\/v2\/comments?post=24926"}],"version-history":[{"count":4,"href":"https:\/\/plazadetoroslamalagueta.com\/de\/wp-json\/wp\/v2\/posts\/24926\/revisions"}],"predecessor-version":[{"id":24936,"href":"https:\/\/plazadetoroslamalagueta.com\/de\/wp-json\/wp\/v2\/posts\/24926\/revisions\/24936"}],"wp:featuredmedia":[{"embeddable":true,"href":"https:\/\/plazadetoroslamalagueta.com\/de\/wp-json\/wp\/v2\/media\/24918"}],"wp:attachment":[{"href":"https:\/\/plazadetoroslamalagueta.com\/de\/wp-json\/wp\/v2\/media?parent=24926"}],"wp:term":[{"taxonomy":"category","embeddable":true,"href":"https:\/\/plazadetoroslamalagueta.com\/de\/wp-json\/wp\/v2\/categories?post=24926"},{"taxonomy":"post_tag","embeddable":true,"href":"https:\/\/plazadetoroslamalagueta.com\/de\/wp-json\/wp\/v2\/tags?post=24926"}],"curies":[{"name":"wp","href":"https:\/\/api.w.org\/{rel}","templated":true}]}}