{"id":24872,"date":"2025-03-31T13:39:55","date_gmt":"2025-03-31T11:39:55","guid":{"rendered":"https:\/\/plazadetoroslamalagueta.com\/la-malagueta-beginnt-mit-stierkampfstars\/"},"modified":"2025-03-31T13:46:16","modified_gmt":"2025-03-31T11:46:16","slug":"la-malagueta-beginnt-mit-stierkampfstars","status":"publish","type":"post","link":"https:\/\/plazadetoroslamalagueta.com\/de\/la-malagueta-beginnt-mit-stierkampfstars\/","title":{"rendered":"La Malagueta beginnt mit Stierkampfstars"},"content":{"rendered":"<section class=\"l-section wpb_row height_medium\"><div class=\"l-section-h i-cf\"><div class=\"g-cols vc_row via_grid cols_1 laptops-cols_inherit tablets-cols_inherit mobiles-cols_1 valign_top type_default stacking_default\"><div class=\"wpb_column vc_column_container\"><div class=\"vc_column-inner\"><div class=\"wpb_text_column\"><div class=\"wpb_wrapper\"><h1><strong>La Malagueta beginnt mit Stierkampfstars<\/strong><\/h1>\n<\/div><\/div><div class=\"w-separator size_medium\"><\/div><div class=\"w-image align_none\"><div class=\"w-image-h\"><img decoding=\"async\" width=\"1024\" height=\"683\" src=\"https:\/\/plazadetoroslamalagueta.com\/wp-content\/uploads\/2025\/03\/juanortegaceit7-1024x683.jpeg\" class=\"attachment-large size-large\" alt=\"\" loading=\"lazy\" srcset=\"https:\/\/plazadetoroslamalagueta.com\/wp-content\/uploads\/2025\/03\/juanortegaceit7-1024x683.jpeg 1024w, https:\/\/plazadetoroslamalagueta.com\/wp-content\/uploads\/2025\/03\/juanortegaceit7-300x200.jpeg 300w, https:\/\/plazadetoroslamalagueta.com\/wp-content\/uploads\/2025\/03\/juanortegaceit7.jpeg 1536w\" sizes=\"auto, (max-width: 1024px) 100vw, 1024px\" \/><\/div><\/div><\/div><\/div><\/div><\/div><\/section><section class=\"l-section wpb_row height_medium\"><div class=\"l-section-h i-cf\"><div class=\"g-cols vc_row via_grid cols_1 laptops-cols_inherit tablets-cols_inherit mobiles-cols_1 valign_top type_default stacking_default\"><div class=\"wpb_column vc_column_container\"><div class=\"vc_column-inner\"><div class=\"wpb_text_column\"><div class=\"wpb_wrapper\"><h3>Tradition und Moderne: Stierk\u00e4mpfer Juan Ortega und Roca Rey auf Tournee durch das CEIT in M\u00e1laga<\/h3>\n<\/div><\/div><div class=\"wpb_text_column\"><div class=\"wpb_wrapper\"><p>Am vergangenen <strong>Donnerstag, den 27. M\u00e4rz<\/strong>, war die<strong>Stierkampfarena La Malagueta in M\u00e1laga<\/strong> Schauplatz eines <strong>herausragenden Ereignisses im Bereich des Stierkampfes und der Kultur<\/strong>. Die ber\u00fchmten Matadore <strong>Juan Ortega und Roca Rey besuchten das Centro de<\/strong><strong style=\"letter-spacing: 0em;\">Experiencias Inmersivas de la Tauromaquia (CEIT)<\/strong><span style=\"letter-spacing: 0em;\">, eine Einrichtung, die sich der Verbreitung und Erhaltung der reichen Stierkampftradition der Region widmet.<\/span> <\/p>\n<p>W\u00e4hrend ihres Besuchs besichtigten die Stierk\u00e4mpfer die Einrichtungen des CEIT, wo sie <strong>interaktive Ausstellungen und multimediale Inhalte sehen konnten, die die Geschichte und die Entwicklung des Stierkampfes in M\u00e1laga und Spanien erz\u00e4hlen.<\/strong> Diese Initiative ist Teil der Gedenkaktivit\u00e4ten zum 150. Jahrestag von La Malagueta, einem Ereignis, das im Jahr 2026 gefeiert wird und das bereits jetzt mit verschiedenen kulturellen und stierk\u00e4mpferischen Veranstaltungen gew\u00fcrdigt wird.\ue206<\/p>\n<p><strong>Eines der am sehnlichsten erwarteten Ereignisse in diesem Zusammenhang ist die Corrida Picassiana, die f\u00fcr den 19. April geplant ist.<\/strong><strong style=\"letter-spacing: 0em;\">am 19. April<\/strong><span style=\"letter-spacing: 0em;\">. An dem Stierkampf werden Juan Ortega und Roca Rey sowie der Stierk\u00e4mpfer aus M\u00e1laga, Sa\u00fal Jim\u00e9nez Fortes, teilnehmen. Die drei werden gegen Stiere aus der Stierkampfarena von \u00c1lvaro N\u00fa\u00f1ez in einem Stierkampf antreten, der unvergesslich zu werden verspricht. Die Stierkampfarena wird in einem besonderen Stil dekoriert sein, der von den verschiedenen Epochen der     <\/span><strong style=\"letter-spacing: 0em;\">Pablo Picasso, ein Werk des Malers Pablo Alonso Herr\u00e1iz,<\/strong><span style=\"letter-spacing: 0em;\">  der auch das offizielle Plakat f\u00fcr die Veranstaltung entworfen hat. Diese Szenografie wird Elemente enthalten, die an die Urspr\u00fcnge von La Malagueta erinnern, wie die roten Streifen in der Stierkampfarena und die Dekoration der Boxen mit Girlanden, Fahnen und Manilat\u00fcchern. <\/span><\/p>\n<p>Der Besuch von Juan Ortega und Roca Rey im CEIT unterstreicht die Bedeutung der Verschmelzung von Tradition und Moderne im Stierkampf, um diese kulturelle Manifestation neuen Generationen n\u00e4her zu bringen und ihre Relevanz im zeitgen\u00f6ssischen Kulturpanorama zu bekr\u00e4ftigen.<\/p>\n<\/div><\/div><div class=\"w-separator size_medium\"><\/div><div class=\"w-btn-wrapper align_center\"><a class=\"w-btn us-btn-style_1\" href=\"https:\/\/lamalaguetatour.com\/visitas-individuales\/\"><span class=\"w-btn-label\">Tickets kaufen<\/span><\/a><\/div><\/div><\/div><\/div><\/div><\/section><section class=\"l-section wpb_row height_medium\"><div class=\"l-section-h i-cf\"><div class=\"g-cols vc_row via_grid cols_1 laptops-cols_inherit tablets-cols_inherit mobiles-cols_1 valign_top type_default stacking_default\"><div class=\"wpb_column vc_column_container\"><div class=\"vc_column-inner\"><div class=\"w-gallery fit_cover type_grid ratio_1x1 count_8\" style=\"--columns:4;--items-gap:10px;\"><div class=\"w-gallery-list\"><div class=\"w-gallery-item\"><div class=\"w-gallery-item-img\"><img loading=\"lazy\" decoding=\"async\" width=\"1024\" height=\"682\" src=\"https:\/\/plazadetoroslamalagueta.com\/wp-content\/uploads\/2025\/03\/juanortega-malagueta-1024x682.jpeg\" class=\"attachment-large size-large\" alt=\"\" srcset=\"https:\/\/plazadetoroslamalagueta.com\/wp-content\/uploads\/2025\/03\/juanortega-malagueta-1024x682.jpeg 1024w, https:\/\/plazadetoroslamalagueta.com\/wp-content\/uploads\/2025\/03\/juanortega-malagueta-300x200.jpeg 300w, https:\/\/plazadetoroslamalagueta.com\/wp-content\/uploads\/2025\/03\/juanortega-malagueta.jpeg 1600w\" sizes=\"auto, (max-width: 1024px) 100vw, 1024px\" \/><\/div><\/div><div class=\"w-gallery-item\"><div class=\"w-gallery-item-img\"><img loading=\"lazy\" decoding=\"async\" width=\"1024\" height=\"683\" src=\"https:\/\/plazadetoroslamalagueta.com\/wp-content\/uploads\/2025\/03\/La-Malagueta-Tour-CEIT-11-1024x683.jpeg\" class=\"attachment-large size-large\" alt=\"\" srcset=\"https:\/\/plazadetoroslamalagueta.com\/wp-content\/uploads\/2025\/03\/La-Malagueta-Tour-CEIT-11-1024x683.jpeg 1024w, https:\/\/plazadetoroslamalagueta.com\/wp-content\/uploads\/2025\/03\/La-Malagueta-Tour-CEIT-11-300x200.jpeg 300w, https:\/\/plazadetoroslamalagueta.com\/wp-content\/uploads\/2025\/03\/La-Malagueta-Tour-CEIT-11.jpeg 2048w\" sizes=\"auto, (max-width: 1024px) 100vw, 1024px\" \/><\/div><\/div><div class=\"w-gallery-item\"><div class=\"w-gallery-item-img\"><img loading=\"lazy\" decoding=\"async\" width=\"1024\" height=\"683\" src=\"https:\/\/plazadetoroslamalagueta.com\/wp-content\/uploads\/2025\/03\/La-Malagueta-Tour-CEIT-67-1024x683.jpg\" class=\"attachment-large size-large\" alt=\"\" srcset=\"https:\/\/plazadetoroslamalagueta.com\/wp-content\/uploads\/2025\/03\/La-Malagueta-Tour-CEIT-67-1024x683.jpg 1024w, https:\/\/plazadetoroslamalagueta.com\/wp-content\/uploads\/2025\/03\/La-Malagueta-Tour-CEIT-67-300x200.jpg 300w\" sizes=\"auto, (max-width: 1024px) 100vw, 1024px\" \/><\/div><\/div><div class=\"w-gallery-item\"><div class=\"w-gallery-item-img\"><img loading=\"lazy\" decoding=\"async\" width=\"1024\" height=\"682\" src=\"https:\/\/plazadetoroslamalagueta.com\/wp-content\/uploads\/2025\/03\/La-Malagueta-Tour-CEIT-10-1024x682.jpeg\" class=\"attachment-large size-large\" alt=\"\" srcset=\"https:\/\/plazadetoroslamalagueta.com\/wp-content\/uploads\/2025\/03\/La-Malagueta-Tour-CEIT-10-1024x682.jpeg 1024w, https:\/\/plazadetoroslamalagueta.com\/wp-content\/uploads\/2025\/03\/La-Malagueta-Tour-CEIT-10-300x200.jpeg 300w, https:\/\/plazadetoroslamalagueta.com\/wp-content\/uploads\/2025\/03\/La-Malagueta-Tour-CEIT-10.jpeg 2048w\" sizes=\"auto, (max-width: 1024px) 100vw, 1024px\" \/><\/div><\/div><div class=\"w-gallery-item\"><div class=\"w-gallery-item-img\"><img loading=\"lazy\" decoding=\"async\" width=\"1024\" height=\"682\" src=\"https:\/\/plazadetoroslamalagueta.com\/wp-content\/uploads\/2025\/03\/La-Malagueta-Tour-CEIT-4-1024x682.jpeg\" class=\"attachment-large size-large\" alt=\"\" srcset=\"https:\/\/plazadetoroslamalagueta.com\/wp-content\/uploads\/2025\/03\/La-Malagueta-Tour-CEIT-4-1024x682.jpeg 1024w, https:\/\/plazadetoroslamalagueta.com\/wp-content\/uploads\/2025\/03\/La-Malagueta-Tour-CEIT-4-300x200.jpeg 300w, https:\/\/plazadetoroslamalagueta.com\/wp-content\/uploads\/2025\/03\/La-Malagueta-Tour-CEIT-4.jpeg 2048w\" sizes=\"auto, (max-width: 1024px) 100vw, 1024px\" \/><\/div><\/div><div class=\"w-gallery-item\"><div class=\"w-gallery-item-img\"><img loading=\"lazy\" decoding=\"async\" width=\"1024\" height=\"683\" src=\"https:\/\/plazadetoroslamalagueta.com\/wp-content\/uploads\/2025\/03\/La-Malagueta-Tour-CEIT-7-1024x683.jpeg\" class=\"attachment-large size-large\" alt=\"\" srcset=\"https:\/\/plazadetoroslamalagueta.com\/wp-content\/uploads\/2025\/03\/La-Malagueta-Tour-CEIT-7-1024x683.jpeg 1024w, https:\/\/plazadetoroslamalagueta.com\/wp-content\/uploads\/2025\/03\/La-Malagueta-Tour-CEIT-7-300x200.jpeg 300w, https:\/\/plazadetoroslamalagueta.com\/wp-content\/uploads\/2025\/03\/La-Malagueta-Tour-CEIT-7.jpeg 2048w\" sizes=\"auto, (max-width: 1024px) 100vw, 1024px\" \/><\/div><\/div><div class=\"w-gallery-item\"><div class=\"w-gallery-item-img\"><img loading=\"lazy\" decoding=\"async\" width=\"1024\" height=\"682\" src=\"https:\/\/plazadetoroslamalagueta.com\/wp-content\/uploads\/2025\/03\/apertura-ceit-picassiana--1024x682.webp\" class=\"attachment-large size-large\" alt=\"\" srcset=\"https:\/\/plazadetoroslamalagueta.com\/wp-content\/uploads\/2025\/03\/apertura-ceit-picassiana--1024x682.webp 1024w, https:\/\/plazadetoroslamalagueta.com\/wp-content\/uploads\/2025\/03\/apertura-ceit-picassiana--300x200.webp 300w, https:\/\/plazadetoroslamalagueta.com\/wp-content\/uploads\/2025\/03\/apertura-ceit-picassiana-.webp 1550w\" sizes=\"auto, (max-width: 1024px) 100vw, 1024px\" \/><\/div><\/div><div class=\"w-gallery-item\"><div class=\"w-gallery-item-img\"><img loading=\"lazy\" decoding=\"async\" width=\"683\" height=\"1024\" src=\"https:\/\/plazadetoroslamalagueta.com\/wp-content\/uploads\/2025\/03\/La-Malagueta-Tour-CEIT-62-683x1024.jpg\" class=\"attachment-large size-large\" alt=\"\" srcset=\"https:\/\/plazadetoroslamalagueta.com\/wp-content\/uploads\/2025\/03\/La-Malagueta-Tour-CEIT-62-683x1024.jpg 683w, https:\/\/plazadetoroslamalagueta.com\/wp-content\/uploads\/2025\/03\/La-Malagueta-Tour-CEIT-62-200x300.jpg 200w, https:\/\/plazadetoroslamalagueta.com\/wp-content\/uploads\/2025\/03\/La-Malagueta-Tour-CEIT-62-300x450.jpg 300w, https:\/\/plazadetoroslamalagueta.com\/wp-content\/uploads\/2025\/03\/La-Malagueta-Tour-CEIT-62-scaled.jpg 1707w\" sizes=\"auto, (max-width: 683px) 100vw, 683px\" \/><\/div><\/div><\/div><\/div><\/div><\/div><\/div><\/div><\/section>\n","protected":false},"excerpt":{"rendered":"La Malagueta beginnt mit Stierkampfstars Tradition und Moderne: Stierk\u00e4mpfer Juan Ortega und Roca Rey auf Tournee durch das CEIT in M\u00e1laga Am vergangenen Donnerstag, den 27. M\u00e4rz, war dieStierkampfarena La Malagueta in M\u00e1laga Schauplatz eines herausragenden Ereignisses im Bereich des Stierkampfes und der Kultur. Die ber\u00fchmten Matadore Juan Ortega und Roca Rey besuchten das Centro...","protected":false},"author":4,"featured_media":24815,"comment_status":"open","ping_status":"open","sticky":false,"template":"","format":"standard","meta":{"footnotes":""},"categories":[557],"tags":[],"class_list":["post-24872","post","type-post","status-publish","format-standard","has-post-thumbnail","hentry","category-uber-den-platz"],"yoast_head":"<!-- This site is optimized with the Yoast SEO plugin v27.4 - https:\/\/yoast.com\/product\/yoast-seo-wordpress\/ -->\n<title>La Malagueta beginnt mit Stierkampfstars - Plaza de Toros La Malagueta<\/title>\n<meta name=\"robots\" content=\"index, follow, max-snippet:-1, max-image-preview:large, max-video-preview:-1\" \/>\n<link rel=\"canonical\" href=\"https:\/\/plazadetoroslamalagueta.com\/de\/la-malagueta-beginnt-mit-stierkampfstars\/\" \/>\n<meta property=\"og:locale\" content=\"de_DE\" \/>\n<meta property=\"og:type\" content=\"article\" \/>\n<meta property=\"og:title\" content=\"La Malagueta beginnt mit Stierkampfstars - Plaza de Toros La Malagueta\" \/>\n<meta property=\"og:url\" content=\"https:\/\/plazadetoroslamalagueta.com\/de\/la-malagueta-beginnt-mit-stierkampfstars\/\" \/>\n<meta property=\"og:site_name\" content=\"Plaza de Toros La Malagueta\" \/>\n<meta property=\"article:published_time\" content=\"2025-03-31T11:39:55+00:00\" \/>\n<meta property=\"article:modified_time\" content=\"2025-03-31T11:46:16+00:00\" \/>\n<meta property=\"og:image\" content=\"https:\/\/plazadetoroslamalagueta.com\/wp-content\/uploads\/2025\/03\/juanortegaceit7.jpeg\" \/>\n\t<meta property=\"og:image:width\" content=\"1536\" \/>\n\t<meta property=\"og:image:height\" content=\"1024\" \/>\n\t<meta property=\"og:image:type\" content=\"image\/jpeg\" \/>\n<meta name=\"author\" content=\"Marketing\" \/>\n<meta name=\"twitter:card\" content=\"summary_large_image\" \/>\n<meta name=\"twitter:label1\" content=\"Verfasst von\" \/>\n\t<meta name=\"twitter:data1\" content=\"Marketing\" \/>\n\t<meta name=\"twitter:label2\" content=\"Gesch\u00e4tzte Lesezeit\" \/>\n\t<meta name=\"twitter:data2\" content=\"2\u00a0Minuten\" \/>\n<script type=\"application\/ld+json\" class=\"yoast-schema-graph\">{\"@context\":\"https:\\\/\\\/schema.org\",\"@graph\":[{\"@type\":\"Article\",\"@id\":\"https:\\\/\\\/plazadetoroslamalagueta.com\\\/de\\\/la-malagueta-beginnt-mit-stierkampfstars\\\/#article\",\"isPartOf\":{\"@id\":\"https:\\\/\\\/plazadetoroslamalagueta.com\\\/de\\\/la-malagueta-beginnt-mit-stierkampfstars\\\/\"},\"author\":{\"name\":\"Marketing\",\"@id\":\"https:\\\/\\\/plazadetoroslamalagueta.com\\\/de\\\/#\\\/schema\\\/person\\\/38da8099bb302a43fd2c5eaec4713c5e\"},\"headline\":\"La Malagueta beginnt mit Stierkampfstars\",\"datePublished\":\"2025-03-31T11:39:55+00:00\",\"dateModified\":\"2025-03-31T11:46:16+00:00\",\"mainEntityOfPage\":{\"@id\":\"https:\\\/\\\/plazadetoroslamalagueta.com\\\/de\\\/la-malagueta-beginnt-mit-stierkampfstars\\\/\"},\"wordCount\":412,\"commentCount\":0,\"publisher\":{\"@id\":\"https:\\\/\\\/plazadetoroslamalagueta.com\\\/de\\\/#organization\"},\"image\":{\"@id\":\"https:\\\/\\\/plazadetoroslamalagueta.com\\\/de\\\/la-malagueta-beginnt-mit-stierkampfstars\\\/#primaryimage\"},\"thumbnailUrl\":\"https:\\\/\\\/plazadetoroslamalagueta.com\\\/wp-content\\\/uploads\\\/2025\\\/03\\\/juanortegaceit7.jpeg\",\"articleSection\":[\"\u00dcber den Platz\"],\"inLanguage\":\"de\",\"potentialAction\":[{\"@type\":\"CommentAction\",\"name\":\"Comment\",\"target\":[\"https:\\\/\\\/plazadetoroslamalagueta.com\\\/de\\\/la-malagueta-beginnt-mit-stierkampfstars\\\/#respond\"]}]},{\"@type\":\"WebPage\",\"@id\":\"https:\\\/\\\/plazadetoroslamalagueta.com\\\/de\\\/la-malagueta-beginnt-mit-stierkampfstars\\\/\",\"url\":\"https:\\\/\\\/plazadetoroslamalagueta.com\\\/de\\\/la-malagueta-beginnt-mit-stierkampfstars\\\/\",\"name\":\"La Malagueta beginnt mit Stierkampfstars - Plaza de Toros La Malagueta\",\"isPartOf\":{\"@id\":\"https:\\\/\\\/plazadetoroslamalagueta.com\\\/de\\\/#website\"},\"primaryImageOfPage\":{\"@id\":\"https:\\\/\\\/plazadetoroslamalagueta.com\\\/de\\\/la-malagueta-beginnt-mit-stierkampfstars\\\/#primaryimage\"},\"image\":{\"@id\":\"https:\\\/\\\/plazadetoroslamalagueta.com\\\/de\\\/la-malagueta-beginnt-mit-stierkampfstars\\\/#primaryimage\"},\"thumbnailUrl\":\"https:\\\/\\\/plazadetoroslamalagueta.com\\\/wp-content\\\/uploads\\\/2025\\\/03\\\/juanortegaceit7.jpeg\",\"datePublished\":\"2025-03-31T11:39:55+00:00\",\"dateModified\":\"2025-03-31T11:46:16+00:00\",\"breadcrumb\":{\"@id\":\"https:\\\/\\\/plazadetoroslamalagueta.com\\\/de\\\/la-malagueta-beginnt-mit-stierkampfstars\\\/#breadcrumb\"},\"inLanguage\":\"de\",\"potentialAction\":[{\"@type\":\"ReadAction\",\"target\":[\"https:\\\/\\\/plazadetoroslamalagueta.com\\\/de\\\/la-malagueta-beginnt-mit-stierkampfstars\\\/\"]}]},{\"@type\":\"ImageObject\",\"inLanguage\":\"de\",\"@id\":\"https:\\\/\\\/plazadetoroslamalagueta.com\\\/de\\\/la-malagueta-beginnt-mit-stierkampfstars\\\/#primaryimage\",\"url\":\"https:\\\/\\\/plazadetoroslamalagueta.com\\\/wp-content\\\/uploads\\\/2025\\\/03\\\/juanortegaceit7.jpeg\",\"contentUrl\":\"https:\\\/\\\/plazadetoroslamalagueta.com\\\/wp-content\\\/uploads\\\/2025\\\/03\\\/juanortegaceit7.jpeg\",\"width\":1536,\"height\":1024},{\"@type\":\"BreadcrumbList\",\"@id\":\"https:\\\/\\\/plazadetoroslamalagueta.com\\\/de\\\/la-malagueta-beginnt-mit-stierkampfstars\\\/#breadcrumb\",\"itemListElement\":[{\"@type\":\"ListItem\",\"position\":1,\"name\":\"Inicio\",\"item\":\"https:\\\/\\\/plazadetoroslamalagueta.com\\\/de\\\/\"},{\"@type\":\"ListItem\",\"position\":2,\"name\":\"La Malagueta beginnt mit Stierkampfstars\"}]},{\"@type\":\"WebSite\",\"@id\":\"https:\\\/\\\/plazadetoroslamalagueta.com\\\/de\\\/#website\",\"url\":\"https:\\\/\\\/plazadetoroslamalagueta.com\\\/de\\\/\",\"name\":\"Plaza de Toros de la Malagueta\",\"description\":\"La Plaza de Toros de M\u00e1laga, de nombre La Malagueta, es un edificio reconocido Bien de Inter\u00e9s Cultural, que ofrece visitas tur\u00edsticas y corridas de toros y otros tipos de espect\u00e1culo durante todo el a\u00f1o.\",\"publisher\":{\"@id\":\"https:\\\/\\\/plazadetoroslamalagueta.com\\\/de\\\/#organization\"},\"alternateName\":\"Plaza de Toros M\u00e1laga\",\"potentialAction\":[{\"@type\":\"SearchAction\",\"target\":{\"@type\":\"EntryPoint\",\"urlTemplate\":\"https:\\\/\\\/plazadetoroslamalagueta.com\\\/de\\\/?s={search_term_string}\"},\"query-input\":{\"@type\":\"PropertyValueSpecification\",\"valueRequired\":true,\"valueName\":\"search_term_string\"}}],\"inLanguage\":\"de\"},{\"@type\":\"Organization\",\"@id\":\"https:\\\/\\\/plazadetoroslamalagueta.com\\\/de\\\/#organization\",\"name\":\"Plaza de Toros la Malagueta\",\"url\":\"https:\\\/\\\/plazadetoroslamalagueta.com\\\/de\\\/\",\"logo\":{\"@type\":\"ImageObject\",\"inLanguage\":\"de\",\"@id\":\"https:\\\/\\\/plazadetoroslamalagueta.com\\\/de\\\/#\\\/schema\\\/logo\\\/image\\\/\",\"url\":\"https:\\\/\\\/plazadetoroslamalagueta.com\\\/wp-content\\\/uploads\\\/2024\\\/02\\\/Logo-plaza-toros.webp\",\"contentUrl\":\"https:\\\/\\\/plazadetoroslamalagueta.com\\\/wp-content\\\/uploads\\\/2024\\\/02\\\/Logo-plaza-toros.webp\",\"width\":100,\"height\":100,\"caption\":\"Plaza de Toros la Malagueta\"},\"image\":{\"@id\":\"https:\\\/\\\/plazadetoroslamalagueta.com\\\/de\\\/#\\\/schema\\\/logo\\\/image\\\/\"}},{\"@type\":\"Person\",\"@id\":\"https:\\\/\\\/plazadetoroslamalagueta.com\\\/de\\\/#\\\/schema\\\/person\\\/38da8099bb302a43fd2c5eaec4713c5e\",\"name\":\"Marketing\",\"image\":{\"@type\":\"ImageObject\",\"inLanguage\":\"de\",\"@id\":\"https:\\\/\\\/secure.gravatar.com\\\/avatar\\\/2c03e1a8691cff42cdbffdaf0b1a4a8d0203aaa61e9a18db2956bd6c8b777fd6?s=96&d=mm&r=g\",\"url\":\"https:\\\/\\\/secure.gravatar.com\\\/avatar\\\/2c03e1a8691cff42cdbffdaf0b1a4a8d0203aaa61e9a18db2956bd6c8b777fd6?s=96&d=mm&r=g\",\"contentUrl\":\"https:\\\/\\\/secure.gravatar.com\\\/avatar\\\/2c03e1a8691cff42cdbffdaf0b1a4a8d0203aaa61e9a18db2956bd6c8b777fd6?s=96&d=mm&r=g\",\"caption\":\"Marketing\"},\"url\":\"https:\\\/\\\/plazadetoroslamalagueta.com\\\/de\\\/author\\\/marketing\\\/\"}]}<\/script>\n<!-- \/ Yoast SEO plugin. -->","yoast_head_json":{"title":"La Malagueta beginnt mit Stierkampfstars - Plaza de Toros La Malagueta","robots":{"index":"index","follow":"follow","max-snippet":"max-snippet:-1","max-image-preview":"max-image-preview:large","max-video-preview":"max-video-preview:-1"},"canonical":"https:\/\/plazadetoroslamalagueta.com\/de\/la-malagueta-beginnt-mit-stierkampfstars\/","og_locale":"de_DE","og_type":"article","og_title":"La Malagueta beginnt mit Stierkampfstars - Plaza de Toros La Malagueta","og_url":"https:\/\/plazadetoroslamalagueta.com\/de\/la-malagueta-beginnt-mit-stierkampfstars\/","og_site_name":"Plaza de Toros La Malagueta","article_published_time":"2025-03-31T11:39:55+00:00","article_modified_time":"2025-03-31T11:46:16+00:00","og_image":[{"width":1536,"height":1024,"url":"https:\/\/plazadetoroslamalagueta.com\/wp-content\/uploads\/2025\/03\/juanortegaceit7.jpeg","type":"image\/jpeg"}],"author":"Marketing","twitter_card":"summary_large_image","twitter_misc":{"Verfasst von":"Marketing","Gesch\u00e4tzte Lesezeit":"2\u00a0Minuten"},"schema":{"@context":"https:\/\/schema.org","@graph":[{"@type":"Article","@id":"https:\/\/plazadetoroslamalagueta.com\/de\/la-malagueta-beginnt-mit-stierkampfstars\/#article","isPartOf":{"@id":"https:\/\/plazadetoroslamalagueta.com\/de\/la-malagueta-beginnt-mit-stierkampfstars\/"},"author":{"name":"Marketing","@id":"https:\/\/plazadetoroslamalagueta.com\/de\/#\/schema\/person\/38da8099bb302a43fd2c5eaec4713c5e"},"headline":"La Malagueta beginnt mit Stierkampfstars","datePublished":"2025-03-31T11:39:55+00:00","dateModified":"2025-03-31T11:46:16+00:00","mainEntityOfPage":{"@id":"https:\/\/plazadetoroslamalagueta.com\/de\/la-malagueta-beginnt-mit-stierkampfstars\/"},"wordCount":412,"commentCount":0,"publisher":{"@id":"https:\/\/plazadetoroslamalagueta.com\/de\/#organization"},"image":{"@id":"https:\/\/plazadetoroslamalagueta.com\/de\/la-malagueta-beginnt-mit-stierkampfstars\/#primaryimage"},"thumbnailUrl":"https:\/\/plazadetoroslamalagueta.com\/wp-content\/uploads\/2025\/03\/juanortegaceit7.jpeg","articleSection":["\u00dcber den Platz"],"inLanguage":"de","potentialAction":[{"@type":"CommentAction","name":"Comment","target":["https:\/\/plazadetoroslamalagueta.com\/de\/la-malagueta-beginnt-mit-stierkampfstars\/#respond"]}]},{"@type":"WebPage","@id":"https:\/\/plazadetoroslamalagueta.com\/de\/la-malagueta-beginnt-mit-stierkampfstars\/","url":"https:\/\/plazadetoroslamalagueta.com\/de\/la-malagueta-beginnt-mit-stierkampfstars\/","name":"La Malagueta beginnt mit Stierkampfstars - Plaza de Toros La Malagueta","isPartOf":{"@id":"https:\/\/plazadetoroslamalagueta.com\/de\/#website"},"primaryImageOfPage":{"@id":"https:\/\/plazadetoroslamalagueta.com\/de\/la-malagueta-beginnt-mit-stierkampfstars\/#primaryimage"},"image":{"@id":"https:\/\/plazadetoroslamalagueta.com\/de\/la-malagueta-beginnt-mit-stierkampfstars\/#primaryimage"},"thumbnailUrl":"https:\/\/plazadetoroslamalagueta.com\/wp-content\/uploads\/2025\/03\/juanortegaceit7.jpeg","datePublished":"2025-03-31T11:39:55+00:00","dateModified":"2025-03-31T11:46:16+00:00","breadcrumb":{"@id":"https:\/\/plazadetoroslamalagueta.com\/de\/la-malagueta-beginnt-mit-stierkampfstars\/#breadcrumb"},"inLanguage":"de","potentialAction":[{"@type":"ReadAction","target":["https:\/\/plazadetoroslamalagueta.com\/de\/la-malagueta-beginnt-mit-stierkampfstars\/"]}]},{"@type":"ImageObject","inLanguage":"de","@id":"https:\/\/plazadetoroslamalagueta.com\/de\/la-malagueta-beginnt-mit-stierkampfstars\/#primaryimage","url":"https:\/\/plazadetoroslamalagueta.com\/wp-content\/uploads\/2025\/03\/juanortegaceit7.jpeg","contentUrl":"https:\/\/plazadetoroslamalagueta.com\/wp-content\/uploads\/2025\/03\/juanortegaceit7.jpeg","width":1536,"height":1024},{"@type":"BreadcrumbList","@id":"https:\/\/plazadetoroslamalagueta.com\/de\/la-malagueta-beginnt-mit-stierkampfstars\/#breadcrumb","itemListElement":[{"@type":"ListItem","position":1,"name":"Inicio","item":"https:\/\/plazadetoroslamalagueta.com\/de\/"},{"@type":"ListItem","position":2,"name":"La Malagueta beginnt mit Stierkampfstars"}]},{"@type":"WebSite","@id":"https:\/\/plazadetoroslamalagueta.com\/de\/#website","url":"https:\/\/plazadetoroslamalagueta.com\/de\/","name":"Plaza de Toros de la Malagueta","description":"La Plaza de Toros de M\u00e1laga, de nombre La Malagueta, es un edificio reconocido Bien de Inter\u00e9s Cultural, que ofrece visitas tur\u00edsticas y corridas de toros y otros tipos de espect\u00e1culo durante todo el a\u00f1o.","publisher":{"@id":"https:\/\/plazadetoroslamalagueta.com\/de\/#organization"},"alternateName":"Plaza de Toros M\u00e1laga","potentialAction":[{"@type":"SearchAction","target":{"@type":"EntryPoint","urlTemplate":"https:\/\/plazadetoroslamalagueta.com\/de\/?s={search_term_string}"},"query-input":{"@type":"PropertyValueSpecification","valueRequired":true,"valueName":"search_term_string"}}],"inLanguage":"de"},{"@type":"Organization","@id":"https:\/\/plazadetoroslamalagueta.com\/de\/#organization","name":"Plaza de Toros la Malagueta","url":"https:\/\/plazadetoroslamalagueta.com\/de\/","logo":{"@type":"ImageObject","inLanguage":"de","@id":"https:\/\/plazadetoroslamalagueta.com\/de\/#\/schema\/logo\/image\/","url":"https:\/\/plazadetoroslamalagueta.com\/wp-content\/uploads\/2024\/02\/Logo-plaza-toros.webp","contentUrl":"https:\/\/plazadetoroslamalagueta.com\/wp-content\/uploads\/2024\/02\/Logo-plaza-toros.webp","width":100,"height":100,"caption":"Plaza de Toros la Malagueta"},"image":{"@id":"https:\/\/plazadetoroslamalagueta.com\/de\/#\/schema\/logo\/image\/"}},{"@type":"Person","@id":"https:\/\/plazadetoroslamalagueta.com\/de\/#\/schema\/person\/38da8099bb302a43fd2c5eaec4713c5e","name":"Marketing","image":{"@type":"ImageObject","inLanguage":"de","@id":"https:\/\/secure.gravatar.com\/avatar\/2c03e1a8691cff42cdbffdaf0b1a4a8d0203aaa61e9a18db2956bd6c8b777fd6?s=96&d=mm&r=g","url":"https:\/\/secure.gravatar.com\/avatar\/2c03e1a8691cff42cdbffdaf0b1a4a8d0203aaa61e9a18db2956bd6c8b777fd6?s=96&d=mm&r=g","contentUrl":"https:\/\/secure.gravatar.com\/avatar\/2c03e1a8691cff42cdbffdaf0b1a4a8d0203aaa61e9a18db2956bd6c8b777fd6?s=96&d=mm&r=g","caption":"Marketing"},"url":"https:\/\/plazadetoroslamalagueta.com\/de\/author\/marketing\/"}]}},"_links":{"self":[{"href":"https:\/\/plazadetoroslamalagueta.com\/de\/wp-json\/wp\/v2\/posts\/24872","targetHints":{"allow":["GET"]}}],"collection":[{"href":"https:\/\/plazadetoroslamalagueta.com\/de\/wp-json\/wp\/v2\/posts"}],"about":[{"href":"https:\/\/plazadetoroslamalagueta.com\/de\/wp-json\/wp\/v2\/types\/post"}],"author":[{"embeddable":true,"href":"https:\/\/plazadetoroslamalagueta.com\/de\/wp-json\/wp\/v2\/users\/4"}],"replies":[{"embeddable":true,"href":"https:\/\/plazadetoroslamalagueta.com\/de\/wp-json\/wp\/v2\/comments?post=24872"}],"version-history":[{"count":2,"href":"https:\/\/plazadetoroslamalagueta.com\/de\/wp-json\/wp\/v2\/posts\/24872\/revisions"}],"predecessor-version":[{"id":24874,"href":"https:\/\/plazadetoroslamalagueta.com\/de\/wp-json\/wp\/v2\/posts\/24872\/revisions\/24874"}],"wp:featuredmedia":[{"embeddable":true,"href":"https:\/\/plazadetoroslamalagueta.com\/de\/wp-json\/wp\/v2\/media\/24815"}],"wp:attachment":[{"href":"https:\/\/plazadetoroslamalagueta.com\/de\/wp-json\/wp\/v2\/media?parent=24872"}],"wp:term":[{"taxonomy":"category","embeddable":true,"href":"https:\/\/plazadetoroslamalagueta.com\/de\/wp-json\/wp\/v2\/categories?post=24872"},{"taxonomy":"post_tag","embeddable":true,"href":"https:\/\/plazadetoroslamalagueta.com\/de\/wp-json\/wp\/v2\/tags?post=24872"}],"curies":[{"name":"wp","href":"https:\/\/api.w.org\/{rel}","templated":true}]}}