{"id":23694,"date":"2025-02-17T10:28:49","date_gmt":"2025-02-17T09:28:49","guid":{"rendered":"https:\/\/plazadetoroslamalagueta.com\/praesentation-poster-picassiana-2025\/"},"modified":"2025-02-17T10:31:16","modified_gmt":"2025-02-17T09:31:16","slug":"praesentation-poster-picassiana-2025","status":"publish","type":"post","link":"https:\/\/plazadetoroslamalagueta.com\/de\/praesentation-poster-picassiana-2025\/","title":{"rendered":"Pr\u00e4sentation Poster picassiana 2025"},"content":{"rendered":"<section class=\"l-section wpb_row height_medium\"><div class=\"l-section-h i-cf\"><div class=\"g-cols vc_row via_grid cols_1 laptops-cols_inherit tablets-cols_inherit mobiles-cols_1 valign_top type_default stacking_default\"><div class=\"wpb_column vc_column_container\"><div class=\"vc_column-inner\"><div class=\"wpb_text_column\"><div class=\"wpb_wrapper\"><h1 class=\"elementor-heading-title elementor-size-default\">Die Diputaci\u00f3n de M\u00e1laga pr\u00e4sentiert die k\u00fcnstlerische Inszenierung des Stierkampfes der Picassiana, das Werk von Pablo Alonso Herr\u00e1iz<\/h1>\n<\/div><\/div><div class=\"w-separator size_medium\"><\/div><div class=\"w-image align_none\"><div class=\"w-image-h\"><img decoding=\"async\" width=\"1024\" height=\"767\" src=\"https:\/\/plazadetoroslamalagueta.com\/wp-content\/uploads\/2025\/02\/presentacion-del-cartel.webp\" class=\"attachment-large size-large\" alt=\"\" loading=\"lazy\" srcset=\"https:\/\/plazadetoroslamalagueta.com\/wp-content\/uploads\/2025\/02\/presentacion-del-cartel.webp 1024w, https:\/\/plazadetoroslamalagueta.com\/wp-content\/uploads\/2025\/02\/presentacion-del-cartel-300x225.webp 300w\" sizes=\"auto, (max-width: 1024px) 100vw, 1024px\" \/><\/div><\/div><\/div><\/div><\/div><\/div><\/section><section class=\"l-section wpb_row height_medium\"><div class=\"l-section-h i-cf\"><div class=\"g-cols vc_row via_grid cols_1 laptops-cols_inherit tablets-cols_inherit mobiles-cols_1 valign_top type_default stacking_default\"><div class=\"wpb_column vc_column_container\"><div class=\"vc_column-inner\"><div class=\"wpb_text_column\"><div class=\"wpb_wrapper\"><div class=\"flex max-w-full flex-col flex-grow\">\n<div class=\"min-h-8 text-message flex w-full flex-col items-end gap-2 whitespace-normal break-words text-start &#091;.text-message+&amp;&#093;:mt-5\" dir=\"auto\" data-message-author-role=\"assistant\" data-message-id=\"abb759ef-4215-4eea-aeff-cc54a5409bbc\" data-message-model-slug=\"gpt-4o\">\n<div class=\"flex w-full flex-col gap-1 empty:hidden first:pt-&#091;3px&#093;\">\n<div class=\"markdown prose w-full break-words dark:prose-invert light\">\n<p data-start=\"72\" data-end=\"308\">Der Maler <strong data-start=\"82\" data-end=\"106\">Pablo Alonso Herr\u00e1iz<\/strong> hat das offizielle Plakat f\u00fcr die <strong data-start=\"145\" data-end=\"172\">Corrida Picassiana 2025<\/strong> vorgestellt, bei der er eine k\u00fcnstlerische Intervention auf den Tischen am Ring vornehmen wird, die an die verschiedenen Phasen des Meisters <strong data-start=\"288\" data-end=\"305\">Pablo Picasso<\/strong> erinnert.<\/p>\n<p data-start=\"310\" data-end=\"560\">Die Veranstaltung, die am <strong data-start=\"341\" data-end=\"381\">Samstag, den 19. April um 18:00 Uhr<\/strong> stattfindet, wird mit einer erstklassigen Besetzung aufwarten, darunter die Stierk\u00e4mpfer <strong data-start=\"450\" data-end=\"497\">Sa\u00fal Jim\u00e9nez Fortes, Juan Ortega und Roca Rey<\/strong>, die gegen Stiere aus der <strong data-start=\"541\" data-end=\"557\">\u00c1lvaro N\u00fa\u00f1ez-Stierzucht<\/strong> k\u00e4mpfen werden.<\/p>\n<p data-start=\"562\" data-end=\"1020\">Die Pr\u00e4sentation fand in der <strong data-start=\"595\" data-end=\"641\">Real Academia de Bellas Artes de San Telmo<\/strong> statt, in Anwesenheit des Pr\u00e4sidenten der Diputaci\u00f3n de M\u00e1laga, <strong data-start=\"703\" data-end=\"723\">Francisco Salado<\/strong>, der Stadtr\u00e4tin f\u00fcr Fiestas, <strong data-start=\"750\" data-end=\"767\">Teresa Porras<\/strong>, des Gesch\u00e4ftsmanns von Lances de Futuro, <strong data-start=\"804\" data-end=\"825\">Jos\u00e9 Mar\u00eda Garz\u00f3n<\/strong>, des Pr\u00e4sidenten der Akademie, <strong data-start=\"857\" data-end=\"886\">Jos\u00e9 Manuel Cabra de Luna<\/strong>, und des Stierk\u00e4mpfers <strong data-start=\"900\" data-end=\"923\">Sa\u00fal Jim\u00e9nez Fortes<\/strong>, der f\u00fcr seine herausragende Leistung auf der Messe 2024 mit dem Estoque de Plata ausgezeichnet wurde.<\/p>\n<h2 data-start=\"1022\" data-end=\"1060\">Eine k\u00fcnstlerische und kulturelle Hommage<\/h2>\n<p data-start=\"1062\" data-end=\"1459\">W\u00e4hrend der Veranstaltung hob <strong data-start=\"1079\" data-end=\"1099\">Francisco Salado<\/strong> den avantgardistischen Charakter des Stierkampfes und seine wachsende Anziehungskraft auf junge Menschen hervor und bezeichnete ihn als modernen kulturellen Ausdruck von gro\u00dfer Wirkung. Er hob auch Picassos historische Beziehung zur Akademie von San Telmo und zur Stierkampfarena La Malagueta selbst hervor, wo der Maler als Kind mit seinem Vater Stierk\u00e4mpfe besuchte. <\/p>\n<p data-start=\"1461\" data-end=\"1823\">Das Plakat f\u00fcr den Stierkampf, das Werk von <strong data-start=\"1494\" data-end=\"1518\">Pablo Alonso Herr\u00e1iz<\/strong>, spiegelt einen modernen, avantgardistischen Stil wider, mit Einfl\u00fcssen aus dem klassischen Plakatdesign und einer klaren Anspielung auf die mexikanische Kunsttradition. Herr\u00e1iz, der als einer der innovativsten Maler der spanischen Szene gilt, verbindet seine k\u00fcnstlerische Arbeit mit einer Lehrt\u00e4tigkeit an der Universit\u00e4t von Guadalajara (Mexiko). <\/p>\n<p data-start=\"1825\" data-end=\"1960\">Als Teil dieser Initiative wird das Poster gespendet und im zuk\u00fcnftigen <strong data-start=\"1902\" data-end=\"1957\">Stierkampf-Erlebniszentrum<\/strong> ausgestellt.<\/p>\n<h3 data-start=\"1962\" data-end=\"2010\">La Malagueta gewinnt seine historische Essenz zur\u00fcck<\/h3>\n<p data-start=\"2012\" data-end=\"2408\">Die Stierkampfarena von M\u00e1laga wird zu diesem Anlass ein besonderes B\u00fchnenbild erhalten. In Zusammenarbeit mit <strong data-start=\"2110\" data-end=\"2130\">Lances de Futuro<\/strong> hat die <strong data-start=\"2135\" data-end=\"2159\">Diputaci\u00f3n de M\u00e1laga<\/strong> eine Kulisse entworfen, die an die Urspr\u00fcnge der Stierkampfarena erinnert. Die Streifen der Stierkampfarena werden rot gestrichen, die Logen im ersten Stock werden mit Girlanden und die im zweiten Stock mit <strong data-start=\"2363\" data-end=\"2405\">spanischen und andalusischen<\/strong> Flaggen <strong data-start=\"2363\" data-end=\"2405\">und Manilat\u00fcchern<\/strong> geschm\u00fcckt sein.  <\/p>\n<p data-start=\"2410\" data-end=\"2546\">Au\u00dferdem wird eine alte Tradition wiederbelebt: die Ank\u00fcndigung der Stierk\u00e4mpfe \u00fcber die Lautsprecher, wie sie in M\u00e1laga bis in die 1970er Jahre \u00fcblich war.<\/p>\n<\/div>\n<\/div>\n<\/div>\n<\/div>\n<\/div><\/div><div class=\"w-separator size_medium\"><\/div><div class=\"w-btn-wrapper align_center\"><a class=\"w-btn us-btn-style_1\" href=\"https:\/\/plazadetoroslamalagueta.com\/de\/stierkampf-tickets-malaga\/\"><span class=\"w-btn-label\">Tickets kaufen<\/span><\/a><\/div><\/div><\/div><\/div><\/div><\/section><section class=\"l-section wpb_row height_medium\"><div class=\"l-section-h i-cf\"><div class=\"g-cols vc_row via_grid cols_1 laptops-cols_inherit tablets-cols_inherit mobiles-cols_1 valign_top type_default stacking_default\"><div class=\"wpb_column vc_column_container\"><div class=\"vc_column-inner\"><div class=\"w-gallery fit_cover type_grid ratio_1x1 count_4\" style=\"--columns:4;--items-gap:10px;\"><div class=\"w-gallery-list\"><div class=\"w-gallery-item\"><div class=\"w-gallery-item-img\"><img loading=\"lazy\" decoding=\"async\" width=\"1024\" height=\"768\" src=\"https:\/\/plazadetoroslamalagueta.com\/wp-content\/uploads\/2025\/02\/presentacion-cartel-malaga.webp\" class=\"attachment-large size-large\" alt=\"\" srcset=\"https:\/\/plazadetoroslamalagueta.com\/wp-content\/uploads\/2025\/02\/presentacion-cartel-malaga.webp 1024w, https:\/\/plazadetoroslamalagueta.com\/wp-content\/uploads\/2025\/02\/presentacion-cartel-malaga-300x225.webp 300w\" sizes=\"auto, (max-width: 1024px) 100vw, 1024px\" \/><\/div><\/div><div class=\"w-gallery-item\"><div class=\"w-gallery-item-img\"><img loading=\"lazy\" decoding=\"async\" width=\"1024\" height=\"767\" src=\"https:\/\/plazadetoroslamalagueta.com\/wp-content\/uploads\/2025\/02\/presentacion-del-cartel.webp\" class=\"attachment-large size-large\" alt=\"\" srcset=\"https:\/\/plazadetoroslamalagueta.com\/wp-content\/uploads\/2025\/02\/presentacion-del-cartel.webp 1024w, https:\/\/plazadetoroslamalagueta.com\/wp-content\/uploads\/2025\/02\/presentacion-del-cartel-300x225.webp 300w\" sizes=\"auto, (max-width: 1024px) 100vw, 1024px\" \/><\/div><\/div><div class=\"w-gallery-item\"><div class=\"w-gallery-item-img\"><img loading=\"lazy\" decoding=\"async\" width=\"1024\" height=\"768\" src=\"https:\/\/plazadetoroslamalagueta.com\/wp-content\/uploads\/2025\/02\/presentacion-cartel.webp\" class=\"attachment-large size-large\" alt=\"\" srcset=\"https:\/\/plazadetoroslamalagueta.com\/wp-content\/uploads\/2025\/02\/presentacion-cartel.webp 1024w, https:\/\/plazadetoroslamalagueta.com\/wp-content\/uploads\/2025\/02\/presentacion-cartel-300x225.webp 300w\" sizes=\"auto, (max-width: 1024px) 100vw, 1024px\" \/><\/div><\/div><div class=\"w-gallery-item\"><div class=\"w-gallery-item-img\"><img loading=\"lazy\" decoding=\"async\" width=\"1024\" height=\"826\" src=\"https:\/\/plazadetoroslamalagueta.com\/wp-content\/uploads\/2025\/02\/Presentacion-cartel-2025-malaga-1024x826.webp\" class=\"attachment-large size-large\" alt=\"\" srcset=\"https:\/\/plazadetoroslamalagueta.com\/wp-content\/uploads\/2025\/02\/Presentacion-cartel-2025-malaga-1024x826.webp 1024w, https:\/\/plazadetoroslamalagueta.com\/wp-content\/uploads\/2025\/02\/Presentacion-cartel-2025-malaga-300x242.webp 300w, https:\/\/plazadetoroslamalagueta.com\/wp-content\/uploads\/2025\/02\/Presentacion-cartel-2025-malaga.webp 1240w\" sizes=\"auto, (max-width: 1024px) 100vw, 1024px\" \/><\/div><\/div><\/div><\/div><\/div><\/div><\/div><\/div><\/section>\n","protected":false},"excerpt":{"rendered":"Die Diputaci\u00f3n de M\u00e1laga pr\u00e4sentiert die k\u00fcnstlerische Inszenierung des Stierkampfes der Picassiana, das Werk von Pablo Alonso Herr\u00e1iz Der Maler Pablo Alonso Herr\u00e1iz hat das offizielle Plakat f\u00fcr die Corrida Picassiana 2025 vorgestellt, bei der er eine k\u00fcnstlerische Intervention auf den Tischen am Ring vornehmen wird, die an die verschiedenen Phasen des Meisters Pablo Picasso...","protected":false},"author":4,"featured_media":23686,"comment_status":"open","ping_status":"open","sticky":false,"template":"","format":"standard","meta":{"footnotes":""},"categories":[557],"tags":[],"class_list":["post-23694","post","type-post","status-publish","format-standard","has-post-thumbnail","hentry","category-uber-den-platz"],"yoast_head":"<!-- This site is optimized with the Yoast SEO plugin v27.4 - https:\/\/yoast.com\/product\/yoast-seo-wordpress\/ -->\n<title>Pr\u00e4sentation des Posters Picassiana 2025 | Stierkampfarena Malaga<\/title>\n<meta name=\"description\" content=\"Nachrichten | Pr\u00e4sentation des neuen Plakats f\u00fcr den Stierkampf Picassiana 2025 in M\u00e1laga. Entdecken Sie das Plakat und kaufen Sie Ihre Tickets\" \/>\n<meta name=\"robots\" content=\"index, follow, max-snippet:-1, max-image-preview:large, max-video-preview:-1\" \/>\n<link rel=\"canonical\" href=\"https:\/\/plazadetoroslamalagueta.com\/de\/praesentation-poster-picassiana-2025\/\" \/>\n<meta property=\"og:locale\" content=\"de_DE\" \/>\n<meta property=\"og:type\" content=\"article\" \/>\n<meta property=\"og:title\" content=\"Pr\u00e4sentation des Posters Picassiana 2025 | Stierkampfarena Malaga\" \/>\n<meta property=\"og:description\" content=\"Nachrichten | Pr\u00e4sentation des neuen Plakats f\u00fcr den Stierkampf Picassiana 2025 in M\u00e1laga. Entdecken Sie das Plakat und kaufen Sie Ihre Tickets\" \/>\n<meta property=\"og:url\" content=\"https:\/\/plazadetoroslamalagueta.com\/de\/praesentation-poster-picassiana-2025\/\" \/>\n<meta property=\"og:site_name\" content=\"Plaza de Toros La Malagueta\" \/>\n<meta property=\"article:published_time\" content=\"2025-02-17T09:28:49+00:00\" \/>\n<meta property=\"article:modified_time\" content=\"2025-02-17T09:31:16+00:00\" \/>\n<meta property=\"og:image\" content=\"https:\/\/plazadetoroslamalagueta.com\/wp-content\/uploads\/2025\/02\/Presentacion-cartel-2025-malaga.webp\" \/>\n\t<meta property=\"og:image:width\" content=\"1240\" \/>\n\t<meta property=\"og:image:height\" content=\"1000\" \/>\n\t<meta property=\"og:image:type\" content=\"image\/webp\" \/>\n<meta name=\"author\" content=\"Marketing\" \/>\n<meta name=\"twitter:card\" content=\"summary_large_image\" \/>\n<meta name=\"twitter:label1\" content=\"Verfasst von\" \/>\n\t<meta name=\"twitter:data1\" content=\"Marketing\" \/>\n\t<meta name=\"twitter:label2\" content=\"Gesch\u00e4tzte Lesezeit\" \/>\n\t<meta name=\"twitter:data2\" content=\"3\u00a0Minuten\" \/>\n<script type=\"application\/ld+json\" class=\"yoast-schema-graph\">{\"@context\":\"https:\\\/\\\/schema.org\",\"@graph\":[{\"@type\":\"Article\",\"@id\":\"https:\\\/\\\/plazadetoroslamalagueta.com\\\/de\\\/praesentation-poster-picassiana-2025\\\/#article\",\"isPartOf\":{\"@id\":\"https:\\\/\\\/plazadetoroslamalagueta.com\\\/de\\\/praesentation-poster-picassiana-2025\\\/\"},\"author\":{\"name\":\"Marketing\",\"@id\":\"https:\\\/\\\/plazadetoroslamalagueta.com\\\/de\\\/#\\\/schema\\\/person\\\/38da8099bb302a43fd2c5eaec4713c5e\"},\"headline\":\"Pr\u00e4sentation Poster picassiana 2025\",\"datePublished\":\"2025-02-17T09:28:49+00:00\",\"dateModified\":\"2025-02-17T09:31:16+00:00\",\"mainEntityOfPage\":{\"@id\":\"https:\\\/\\\/plazadetoroslamalagueta.com\\\/de\\\/praesentation-poster-picassiana-2025\\\/\"},\"wordCount\":517,\"commentCount\":0,\"publisher\":{\"@id\":\"https:\\\/\\\/plazadetoroslamalagueta.com\\\/de\\\/#organization\"},\"image\":{\"@id\":\"https:\\\/\\\/plazadetoroslamalagueta.com\\\/de\\\/praesentation-poster-picassiana-2025\\\/#primaryimage\"},\"thumbnailUrl\":\"https:\\\/\\\/plazadetoroslamalagueta.com\\\/wp-content\\\/uploads\\\/2025\\\/02\\\/Presentacion-cartel-2025-malaga.webp\",\"articleSection\":[\"\u00dcber den Platz\"],\"inLanguage\":\"de\",\"potentialAction\":[{\"@type\":\"CommentAction\",\"name\":\"Comment\",\"target\":[\"https:\\\/\\\/plazadetoroslamalagueta.com\\\/de\\\/praesentation-poster-picassiana-2025\\\/#respond\"]}]},{\"@type\":\"WebPage\",\"@id\":\"https:\\\/\\\/plazadetoroslamalagueta.com\\\/de\\\/praesentation-poster-picassiana-2025\\\/\",\"url\":\"https:\\\/\\\/plazadetoroslamalagueta.com\\\/de\\\/praesentation-poster-picassiana-2025\\\/\",\"name\":\"Pr\u00e4sentation des Posters Picassiana 2025 | Stierkampfarena Malaga\",\"isPartOf\":{\"@id\":\"https:\\\/\\\/plazadetoroslamalagueta.com\\\/de\\\/#website\"},\"primaryImageOfPage\":{\"@id\":\"https:\\\/\\\/plazadetoroslamalagueta.com\\\/de\\\/praesentation-poster-picassiana-2025\\\/#primaryimage\"},\"image\":{\"@id\":\"https:\\\/\\\/plazadetoroslamalagueta.com\\\/de\\\/praesentation-poster-picassiana-2025\\\/#primaryimage\"},\"thumbnailUrl\":\"https:\\\/\\\/plazadetoroslamalagueta.com\\\/wp-content\\\/uploads\\\/2025\\\/02\\\/Presentacion-cartel-2025-malaga.webp\",\"datePublished\":\"2025-02-17T09:28:49+00:00\",\"dateModified\":\"2025-02-17T09:31:16+00:00\",\"description\":\"Nachrichten | Pr\u00e4sentation des neuen Plakats f\u00fcr den Stierkampf Picassiana 2025 in M\u00e1laga. Entdecken Sie das Plakat und kaufen Sie Ihre Tickets\",\"breadcrumb\":{\"@id\":\"https:\\\/\\\/plazadetoroslamalagueta.com\\\/de\\\/praesentation-poster-picassiana-2025\\\/#breadcrumb\"},\"inLanguage\":\"de\",\"potentialAction\":[{\"@type\":\"ReadAction\",\"target\":[\"https:\\\/\\\/plazadetoroslamalagueta.com\\\/de\\\/praesentation-poster-picassiana-2025\\\/\"]}]},{\"@type\":\"ImageObject\",\"inLanguage\":\"de\",\"@id\":\"https:\\\/\\\/plazadetoroslamalagueta.com\\\/de\\\/praesentation-poster-picassiana-2025\\\/#primaryimage\",\"url\":\"https:\\\/\\\/plazadetoroslamalagueta.com\\\/wp-content\\\/uploads\\\/2025\\\/02\\\/Presentacion-cartel-2025-malaga.webp\",\"contentUrl\":\"https:\\\/\\\/plazadetoroslamalagueta.com\\\/wp-content\\\/uploads\\\/2025\\\/02\\\/Presentacion-cartel-2025-malaga.webp\",\"width\":1240,\"height\":1000},{\"@type\":\"BreadcrumbList\",\"@id\":\"https:\\\/\\\/plazadetoroslamalagueta.com\\\/de\\\/praesentation-poster-picassiana-2025\\\/#breadcrumb\",\"itemListElement\":[{\"@type\":\"ListItem\",\"position\":1,\"name\":\"Inicio\",\"item\":\"https:\\\/\\\/plazadetoroslamalagueta.com\\\/de\\\/\"},{\"@type\":\"ListItem\",\"position\":2,\"name\":\"Pr\u00e4sentation Poster picassiana 2025\"}]},{\"@type\":\"WebSite\",\"@id\":\"https:\\\/\\\/plazadetoroslamalagueta.com\\\/de\\\/#website\",\"url\":\"https:\\\/\\\/plazadetoroslamalagueta.com\\\/de\\\/\",\"name\":\"Plaza de Toros de la Malagueta\",\"description\":\"La Plaza de Toros de M\u00e1laga, de nombre La Malagueta, es un edificio reconocido Bien de Inter\u00e9s Cultural, que ofrece visitas tur\u00edsticas y corridas de toros y otros tipos de espect\u00e1culo durante todo el a\u00f1o.\",\"publisher\":{\"@id\":\"https:\\\/\\\/plazadetoroslamalagueta.com\\\/de\\\/#organization\"},\"alternateName\":\"Plaza de Toros M\u00e1laga\",\"potentialAction\":[{\"@type\":\"SearchAction\",\"target\":{\"@type\":\"EntryPoint\",\"urlTemplate\":\"https:\\\/\\\/plazadetoroslamalagueta.com\\\/de\\\/?s={search_term_string}\"},\"query-input\":{\"@type\":\"PropertyValueSpecification\",\"valueRequired\":true,\"valueName\":\"search_term_string\"}}],\"inLanguage\":\"de\"},{\"@type\":\"Organization\",\"@id\":\"https:\\\/\\\/plazadetoroslamalagueta.com\\\/de\\\/#organization\",\"name\":\"Plaza de Toros la Malagueta\",\"url\":\"https:\\\/\\\/plazadetoroslamalagueta.com\\\/de\\\/\",\"logo\":{\"@type\":\"ImageObject\",\"inLanguage\":\"de\",\"@id\":\"https:\\\/\\\/plazadetoroslamalagueta.com\\\/de\\\/#\\\/schema\\\/logo\\\/image\\\/\",\"url\":\"https:\\\/\\\/plazadetoroslamalagueta.com\\\/wp-content\\\/uploads\\\/2024\\\/02\\\/Logo-plaza-toros.webp\",\"contentUrl\":\"https:\\\/\\\/plazadetoroslamalagueta.com\\\/wp-content\\\/uploads\\\/2024\\\/02\\\/Logo-plaza-toros.webp\",\"width\":100,\"height\":100,\"caption\":\"Plaza de Toros la Malagueta\"},\"image\":{\"@id\":\"https:\\\/\\\/plazadetoroslamalagueta.com\\\/de\\\/#\\\/schema\\\/logo\\\/image\\\/\"}},{\"@type\":\"Person\",\"@id\":\"https:\\\/\\\/plazadetoroslamalagueta.com\\\/de\\\/#\\\/schema\\\/person\\\/38da8099bb302a43fd2c5eaec4713c5e\",\"name\":\"Marketing\",\"image\":{\"@type\":\"ImageObject\",\"inLanguage\":\"de\",\"@id\":\"https:\\\/\\\/secure.gravatar.com\\\/avatar\\\/2c03e1a8691cff42cdbffdaf0b1a4a8d0203aaa61e9a18db2956bd6c8b777fd6?s=96&d=mm&r=g\",\"url\":\"https:\\\/\\\/secure.gravatar.com\\\/avatar\\\/2c03e1a8691cff42cdbffdaf0b1a4a8d0203aaa61e9a18db2956bd6c8b777fd6?s=96&d=mm&r=g\",\"contentUrl\":\"https:\\\/\\\/secure.gravatar.com\\\/avatar\\\/2c03e1a8691cff42cdbffdaf0b1a4a8d0203aaa61e9a18db2956bd6c8b777fd6?s=96&d=mm&r=g\",\"caption\":\"Marketing\"},\"url\":\"https:\\\/\\\/plazadetoroslamalagueta.com\\\/de\\\/author\\\/marketing\\\/\"}]}<\/script>\n<!-- \/ Yoast SEO plugin. -->","yoast_head_json":{"title":"Pr\u00e4sentation des Posters Picassiana 2025 | Stierkampfarena Malaga","description":"Nachrichten | Pr\u00e4sentation des neuen Plakats f\u00fcr den Stierkampf Picassiana 2025 in M\u00e1laga. Entdecken Sie das Plakat und kaufen Sie Ihre Tickets","robots":{"index":"index","follow":"follow","max-snippet":"max-snippet:-1","max-image-preview":"max-image-preview:large","max-video-preview":"max-video-preview:-1"},"canonical":"https:\/\/plazadetoroslamalagueta.com\/de\/praesentation-poster-picassiana-2025\/","og_locale":"de_DE","og_type":"article","og_title":"Pr\u00e4sentation des Posters Picassiana 2025 | Stierkampfarena Malaga","og_description":"Nachrichten | Pr\u00e4sentation des neuen Plakats f\u00fcr den Stierkampf Picassiana 2025 in M\u00e1laga. Entdecken Sie das Plakat und kaufen Sie Ihre Tickets","og_url":"https:\/\/plazadetoroslamalagueta.com\/de\/praesentation-poster-picassiana-2025\/","og_site_name":"Plaza de Toros La Malagueta","article_published_time":"2025-02-17T09:28:49+00:00","article_modified_time":"2025-02-17T09:31:16+00:00","og_image":[{"width":1240,"height":1000,"url":"https:\/\/plazadetoroslamalagueta.com\/wp-content\/uploads\/2025\/02\/Presentacion-cartel-2025-malaga.webp","type":"image\/webp"}],"author":"Marketing","twitter_card":"summary_large_image","twitter_misc":{"Verfasst von":"Marketing","Gesch\u00e4tzte Lesezeit":"3\u00a0Minuten"},"schema":{"@context":"https:\/\/schema.org","@graph":[{"@type":"Article","@id":"https:\/\/plazadetoroslamalagueta.com\/de\/praesentation-poster-picassiana-2025\/#article","isPartOf":{"@id":"https:\/\/plazadetoroslamalagueta.com\/de\/praesentation-poster-picassiana-2025\/"},"author":{"name":"Marketing","@id":"https:\/\/plazadetoroslamalagueta.com\/de\/#\/schema\/person\/38da8099bb302a43fd2c5eaec4713c5e"},"headline":"Pr\u00e4sentation Poster picassiana 2025","datePublished":"2025-02-17T09:28:49+00:00","dateModified":"2025-02-17T09:31:16+00:00","mainEntityOfPage":{"@id":"https:\/\/plazadetoroslamalagueta.com\/de\/praesentation-poster-picassiana-2025\/"},"wordCount":517,"commentCount":0,"publisher":{"@id":"https:\/\/plazadetoroslamalagueta.com\/de\/#organization"},"image":{"@id":"https:\/\/plazadetoroslamalagueta.com\/de\/praesentation-poster-picassiana-2025\/#primaryimage"},"thumbnailUrl":"https:\/\/plazadetoroslamalagueta.com\/wp-content\/uploads\/2025\/02\/Presentacion-cartel-2025-malaga.webp","articleSection":["\u00dcber den Platz"],"inLanguage":"de","potentialAction":[{"@type":"CommentAction","name":"Comment","target":["https:\/\/plazadetoroslamalagueta.com\/de\/praesentation-poster-picassiana-2025\/#respond"]}]},{"@type":"WebPage","@id":"https:\/\/plazadetoroslamalagueta.com\/de\/praesentation-poster-picassiana-2025\/","url":"https:\/\/plazadetoroslamalagueta.com\/de\/praesentation-poster-picassiana-2025\/","name":"Pr\u00e4sentation des Posters Picassiana 2025 | Stierkampfarena Malaga","isPartOf":{"@id":"https:\/\/plazadetoroslamalagueta.com\/de\/#website"},"primaryImageOfPage":{"@id":"https:\/\/plazadetoroslamalagueta.com\/de\/praesentation-poster-picassiana-2025\/#primaryimage"},"image":{"@id":"https:\/\/plazadetoroslamalagueta.com\/de\/praesentation-poster-picassiana-2025\/#primaryimage"},"thumbnailUrl":"https:\/\/plazadetoroslamalagueta.com\/wp-content\/uploads\/2025\/02\/Presentacion-cartel-2025-malaga.webp","datePublished":"2025-02-17T09:28:49+00:00","dateModified":"2025-02-17T09:31:16+00:00","description":"Nachrichten | Pr\u00e4sentation des neuen Plakats f\u00fcr den Stierkampf Picassiana 2025 in M\u00e1laga. Entdecken Sie das Plakat und kaufen Sie Ihre Tickets","breadcrumb":{"@id":"https:\/\/plazadetoroslamalagueta.com\/de\/praesentation-poster-picassiana-2025\/#breadcrumb"},"inLanguage":"de","potentialAction":[{"@type":"ReadAction","target":["https:\/\/plazadetoroslamalagueta.com\/de\/praesentation-poster-picassiana-2025\/"]}]},{"@type":"ImageObject","inLanguage":"de","@id":"https:\/\/plazadetoroslamalagueta.com\/de\/praesentation-poster-picassiana-2025\/#primaryimage","url":"https:\/\/plazadetoroslamalagueta.com\/wp-content\/uploads\/2025\/02\/Presentacion-cartel-2025-malaga.webp","contentUrl":"https:\/\/plazadetoroslamalagueta.com\/wp-content\/uploads\/2025\/02\/Presentacion-cartel-2025-malaga.webp","width":1240,"height":1000},{"@type":"BreadcrumbList","@id":"https:\/\/plazadetoroslamalagueta.com\/de\/praesentation-poster-picassiana-2025\/#breadcrumb","itemListElement":[{"@type":"ListItem","position":1,"name":"Inicio","item":"https:\/\/plazadetoroslamalagueta.com\/de\/"},{"@type":"ListItem","position":2,"name":"Pr\u00e4sentation Poster picassiana 2025"}]},{"@type":"WebSite","@id":"https:\/\/plazadetoroslamalagueta.com\/de\/#website","url":"https:\/\/plazadetoroslamalagueta.com\/de\/","name":"Plaza de Toros de la Malagueta","description":"La Plaza de Toros de M\u00e1laga, de nombre La Malagueta, es un edificio reconocido Bien de Inter\u00e9s Cultural, que ofrece visitas tur\u00edsticas y corridas de toros y otros tipos de espect\u00e1culo durante todo el a\u00f1o.","publisher":{"@id":"https:\/\/plazadetoroslamalagueta.com\/de\/#organization"},"alternateName":"Plaza de Toros M\u00e1laga","potentialAction":[{"@type":"SearchAction","target":{"@type":"EntryPoint","urlTemplate":"https:\/\/plazadetoroslamalagueta.com\/de\/?s={search_term_string}"},"query-input":{"@type":"PropertyValueSpecification","valueRequired":true,"valueName":"search_term_string"}}],"inLanguage":"de"},{"@type":"Organization","@id":"https:\/\/plazadetoroslamalagueta.com\/de\/#organization","name":"Plaza de Toros la Malagueta","url":"https:\/\/plazadetoroslamalagueta.com\/de\/","logo":{"@type":"ImageObject","inLanguage":"de","@id":"https:\/\/plazadetoroslamalagueta.com\/de\/#\/schema\/logo\/image\/","url":"https:\/\/plazadetoroslamalagueta.com\/wp-content\/uploads\/2024\/02\/Logo-plaza-toros.webp","contentUrl":"https:\/\/plazadetoroslamalagueta.com\/wp-content\/uploads\/2024\/02\/Logo-plaza-toros.webp","width":100,"height":100,"caption":"Plaza de Toros la Malagueta"},"image":{"@id":"https:\/\/plazadetoroslamalagueta.com\/de\/#\/schema\/logo\/image\/"}},{"@type":"Person","@id":"https:\/\/plazadetoroslamalagueta.com\/de\/#\/schema\/person\/38da8099bb302a43fd2c5eaec4713c5e","name":"Marketing","image":{"@type":"ImageObject","inLanguage":"de","@id":"https:\/\/secure.gravatar.com\/avatar\/2c03e1a8691cff42cdbffdaf0b1a4a8d0203aaa61e9a18db2956bd6c8b777fd6?s=96&d=mm&r=g","url":"https:\/\/secure.gravatar.com\/avatar\/2c03e1a8691cff42cdbffdaf0b1a4a8d0203aaa61e9a18db2956bd6c8b777fd6?s=96&d=mm&r=g","contentUrl":"https:\/\/secure.gravatar.com\/avatar\/2c03e1a8691cff42cdbffdaf0b1a4a8d0203aaa61e9a18db2956bd6c8b777fd6?s=96&d=mm&r=g","caption":"Marketing"},"url":"https:\/\/plazadetoroslamalagueta.com\/de\/author\/marketing\/"}]}},"_links":{"self":[{"href":"https:\/\/plazadetoroslamalagueta.com\/de\/wp-json\/wp\/v2\/posts\/23694","targetHints":{"allow":["GET"]}}],"collection":[{"href":"https:\/\/plazadetoroslamalagueta.com\/de\/wp-json\/wp\/v2\/posts"}],"about":[{"href":"https:\/\/plazadetoroslamalagueta.com\/de\/wp-json\/wp\/v2\/types\/post"}],"author":[{"embeddable":true,"href":"https:\/\/plazadetoroslamalagueta.com\/de\/wp-json\/wp\/v2\/users\/4"}],"replies":[{"embeddable":true,"href":"https:\/\/plazadetoroslamalagueta.com\/de\/wp-json\/wp\/v2\/comments?post=23694"}],"version-history":[{"count":8,"href":"https:\/\/plazadetoroslamalagueta.com\/de\/wp-json\/wp\/v2\/posts\/23694\/revisions"}],"predecessor-version":[{"id":23726,"href":"https:\/\/plazadetoroslamalagueta.com\/de\/wp-json\/wp\/v2\/posts\/23694\/revisions\/23726"}],"wp:featuredmedia":[{"embeddable":true,"href":"https:\/\/plazadetoroslamalagueta.com\/de\/wp-json\/wp\/v2\/media\/23686"}],"wp:attachment":[{"href":"https:\/\/plazadetoroslamalagueta.com\/de\/wp-json\/wp\/v2\/media?parent=23694"}],"wp:term":[{"taxonomy":"category","embeddable":true,"href":"https:\/\/plazadetoroslamalagueta.com\/de\/wp-json\/wp\/v2\/categories?post=23694"},{"taxonomy":"post_tag","embeddable":true,"href":"https:\/\/plazadetoroslamalagueta.com\/de\/wp-json\/wp\/v2\/tags?post=23694"}],"curies":[{"name":"wp","href":"https:\/\/api.w.org\/{rel}","templated":true}]}}