{"id":22513,"date":"2018-03-06T14:18:00","date_gmt":"2018-03-06T13:18:00","guid":{"rendered":"https:\/\/plazadetoroslamalagueta.com\/kultur-und-stierkampftag-rund-um-picasso\/"},"modified":"2025-01-15T13:09:53","modified_gmt":"2025-01-15T12:09:53","slug":"kultur-und-stierkampftag-rund-um-picasso","status":"publish","type":"post","link":"https:\/\/plazadetoroslamalagueta.com\/de\/kultur-und-stierkampftag-rund-um-picasso\/","title":{"rendered":"Kultur- und Stierkampftag rund um Picasso"},"content":{"rendered":"&#13;\n<h1>Jornada Cultural y de Toreo de sal\u00f3n alrededor de Picasso<\/h1>&#13;\n<p>Das Unternehmen Lances de Futuro hat f\u00fcr Samstag, den 11. M\u00e4rz, eine kulturelle Aktivit\u00e4t f\u00fcr Kinder und Familien in La Malagueta rund um die Figur Picasso und den Stierkampf anl\u00e4sslich seines 50. Todestages und der Corrida Picassiana organisiert. Die Aktivit\u00e4t findet am 11. M\u00e4rz um 12.00 Uhr in der Stierkampfarena bei freiem Eintritt in Zusammenarbeit mit der Diputaci\u00f3n de M\u00e1laga statt. <br \/>Diese Aktivit\u00e4t besteht aus einem Stierkampf-Workshop, der von Profis geleitet wird, und einem Malwettbewerb, bei dem die Kinder den &#8222;Picasso-Stier&#8220; auf ihre eigene Art und Weise nachstellen.<br \/>Au\u00dferdem k\u00f6nnen die Kinder eine Ausstellung von Rejoneo-Pferden durch einen Rejoneador genie\u00dfen.<br \/>&#8222;Ein Tag der offenen T\u00fcr f\u00fcr die Kreativit\u00e4t, an dem die Kinder die Protagonisten sein werden und sich mit Umh\u00e4ngen, Kr\u00fccken und dem Pinsel ausprobieren k\u00f6nnen&#8220;, f\u00fcgt Garz\u00f3n hinzu.<\/p>\n<p>&nbsp;<\/p>\n<h3>Malwettbewerb f\u00fcr Kinder<\/h3>\n<p>Zu diesem Zweck wird das von Jos\u00e9 Mar\u00eda Garz\u00f3n geleitete Unternehmen in der Stierkampfarena von La Malagueta eine Reihe von Staffeleien, Pappen und wei\u00dfen Farben aufstellen, damit jeder Besucher einen Stier auf seine Pappe zeichnen kann.<br \/>&#8222;Wir wollen, dass es ein Fest der Kultur und des Stierkampfes mit dem zentralen Thema Picasso wird&#8220;, so Garz\u00f3n. Die besten Zeichnungen werden am 8. April in der Corrida Picassiana ausgestellt und zu den Preisen geh\u00f6ren Eintrittskarten f\u00fcr den Stierkampf in der Picassiana selbst und Dauerkartengeschenke. <\/p>\n<p>&nbsp;<\/p>\n<h3>Toreo de Sal\u00f3n Workshop mit Eduardo Davila Miura<\/h3>\n<p>Zus\u00e4tzlich zu dieser Aktivit\u00e4t findet in Zusammenarbeit mit dem Club de Aficionados Pr\u00e1cticos ein kostenloser Stierkampf-Workshop statt, an dem Amateure und die breite \u00d6ffentlichkeit jeden Alters teilnehmen k\u00f6nnen. Der Workshop wird von einem Team von Profis unter der Leitung des Stierk\u00e4mpfers Eduardo D\u00e1vila Miura durchgef\u00fchrt. <\/p>\n<p>Der Impresario von Lances de Futuro, Jos\u00e9 Mar\u00eda Garz\u00f3n, ermutigt alle Fans, Kinder und Familien, zu dieser Aktivit\u00e4t zu kommen, die Teil des Kulturprogramms von Lances de Futuro in M\u00e1laga ist.  <\/p>\n<blockquote>\n<p>&#8222;Wir werden einen wundersch\u00f6nen Tag erleben und die Teilnehmer werden ein einzigartiges Erlebnis haben&#8220;.<\/p>\n<\/blockquote>\n","protected":false},"excerpt":{"rendered":"<p>&#13; Jornada Cultural y de Toreo de sal\u00f3n alrededor de Picasso &#13; Das Unternehmen Lances de Futuro hat f\u00fcr Samstag, den 11. M\u00e4rz, eine kulturelle Aktivit\u00e4t f\u00fcr Kinder und Familien in La Malagueta rund um die Figur Picasso und den Stierkampf anl\u00e4sslich seines 50. Todestages und der Corrida Picassiana organisiert. Die Aktivit\u00e4t findet am 11&#8230;.<\/p>\n","protected":false},"author":5,"featured_media":22514,"comment_status":"closed","ping_status":"open","sticky":false,"template":"","format":"standard","meta":{"footnotes":""},"categories":[],"tags":[],"class_list":["post-22513","post","type-post","status-publish","format-standard","has-post-thumbnail","hentry"],"yoast_head":"<!-- This site is optimized with the Yoast SEO plugin v27.4 - https:\/\/yoast.com\/product\/yoast-seo-wordpress\/ -->\n<title>Kultur- und Stierkampftag rund um Picasso - Plaza de Toros La Malagueta<\/title>\n<meta name=\"robots\" content=\"index, follow, max-snippet:-1, max-image-preview:large, max-video-preview:-1\" \/>\n<link rel=\"canonical\" href=\"https:\/\/plazadetoroslamalagueta.com\/de\/kultur-und-stierkampftag-rund-um-picasso\/\" \/>\n<meta property=\"og:locale\" content=\"de_DE\" \/>\n<meta property=\"og:type\" content=\"article\" \/>\n<meta property=\"og:title\" content=\"Kultur- und Stierkampftag rund um Picasso - Plaza de Toros La Malagueta\" \/>\n<meta property=\"og:description\" content=\"&#013; Jornada Cultural y de Toreo de sal\u00f3n alrededor de Picasso &#013; Das Unternehmen Lances de Futuro hat f\u00fcr Samstag, den 11. M\u00e4rz, eine kulturelle Aktivit\u00e4t f\u00fcr Kinder und Familien in La Malagueta rund um die Figur Picasso und den Stierkampf anl\u00e4sslich seines 50. Todestages und der Corrida Picassiana organisiert. Die Aktivit\u00e4t findet am 11....\" \/>\n<meta property=\"og:url\" content=\"https:\/\/plazadetoroslamalagueta.com\/de\/kultur-und-stierkampftag-rund-um-picasso\/\" \/>\n<meta property=\"og:site_name\" content=\"Plaza de Toros La Malagueta\" \/>\n<meta property=\"article:published_time\" content=\"2018-03-06T13:18:00+00:00\" \/>\n<meta property=\"article:modified_time\" content=\"2025-01-15T12:09:53+00:00\" \/>\n<meta property=\"og:image\" content=\"https:\/\/plazadetoroslamalagueta.com\/wp-content\/uploads\/2018\/07\/lances-futuro-recuerda-picasso-malagueta-mas-pequenos_98.webp\" \/>\n\t<meta property=\"og:image:width\" content=\"1900\" \/>\n\t<meta property=\"og:image:height\" content=\"1069\" \/>\n\t<meta property=\"og:image:type\" content=\"image\/webp\" \/>\n<meta name=\"author\" content=\"FABIENNE MERIC\" \/>\n<meta name=\"twitter:card\" content=\"summary_large_image\" \/>\n<meta name=\"twitter:label1\" content=\"Verfasst von\" \/>\n\t<meta name=\"twitter:data1\" content=\"FABIENNE MERIC\" \/>\n\t<meta name=\"twitter:label2\" content=\"Gesch\u00e4tzte Lesezeit\" \/>\n\t<meta name=\"twitter:data2\" content=\"2\u00a0Minuten\" \/>\n<script type=\"application\/ld+json\" class=\"yoast-schema-graph\">{\"@context\":\"https:\\\/\\\/schema.org\",\"@graph\":[{\"@type\":\"Article\",\"@id\":\"https:\\\/\\\/plazadetoroslamalagueta.com\\\/de\\\/kultur-und-stierkampftag-rund-um-picasso\\\/#article\",\"isPartOf\":{\"@id\":\"https:\\\/\\\/plazadetoroslamalagueta.com\\\/de\\\/kultur-und-stierkampftag-rund-um-picasso\\\/\"},\"author\":{\"name\":\"FABIENNE MERIC\",\"@id\":\"https:\\\/\\\/plazadetoroslamalagueta.com\\\/de\\\/#\\\/schema\\\/person\\\/12a2a38ea126782b7d042cd27f306172\"},\"headline\":\"Kultur- und Stierkampftag rund um Picasso\",\"datePublished\":\"2018-03-06T13:18:00+00:00\",\"dateModified\":\"2025-01-15T12:09:53+00:00\",\"mainEntityOfPage\":{\"@id\":\"https:\\\/\\\/plazadetoroslamalagueta.com\\\/de\\\/kultur-und-stierkampftag-rund-um-picasso\\\/\"},\"wordCount\":367,\"publisher\":{\"@id\":\"https:\\\/\\\/plazadetoroslamalagueta.com\\\/de\\\/#organization\"},\"image\":{\"@id\":\"https:\\\/\\\/plazadetoroslamalagueta.com\\\/de\\\/kultur-und-stierkampftag-rund-um-picasso\\\/#primaryimage\"},\"thumbnailUrl\":\"https:\\\/\\\/plazadetoroslamalagueta.com\\\/wp-content\\\/uploads\\\/2018\\\/07\\\/lances-futuro-recuerda-picasso-malagueta-mas-pequenos_98.webp\",\"inLanguage\":\"de\"},{\"@type\":\"WebPage\",\"@id\":\"https:\\\/\\\/plazadetoroslamalagueta.com\\\/de\\\/kultur-und-stierkampftag-rund-um-picasso\\\/\",\"url\":\"https:\\\/\\\/plazadetoroslamalagueta.com\\\/de\\\/kultur-und-stierkampftag-rund-um-picasso\\\/\",\"name\":\"Kultur- und Stierkampftag rund um Picasso - Plaza de Toros La Malagueta\",\"isPartOf\":{\"@id\":\"https:\\\/\\\/plazadetoroslamalagueta.com\\\/de\\\/#website\"},\"primaryImageOfPage\":{\"@id\":\"https:\\\/\\\/plazadetoroslamalagueta.com\\\/de\\\/kultur-und-stierkampftag-rund-um-picasso\\\/#primaryimage\"},\"image\":{\"@id\":\"https:\\\/\\\/plazadetoroslamalagueta.com\\\/de\\\/kultur-und-stierkampftag-rund-um-picasso\\\/#primaryimage\"},\"thumbnailUrl\":\"https:\\\/\\\/plazadetoroslamalagueta.com\\\/wp-content\\\/uploads\\\/2018\\\/07\\\/lances-futuro-recuerda-picasso-malagueta-mas-pequenos_98.webp\",\"datePublished\":\"2018-03-06T13:18:00+00:00\",\"dateModified\":\"2025-01-15T12:09:53+00:00\",\"breadcrumb\":{\"@id\":\"https:\\\/\\\/plazadetoroslamalagueta.com\\\/de\\\/kultur-und-stierkampftag-rund-um-picasso\\\/#breadcrumb\"},\"inLanguage\":\"de\",\"potentialAction\":[{\"@type\":\"ReadAction\",\"target\":[\"https:\\\/\\\/plazadetoroslamalagueta.com\\\/de\\\/kultur-und-stierkampftag-rund-um-picasso\\\/\"]}]},{\"@type\":\"ImageObject\",\"inLanguage\":\"de\",\"@id\":\"https:\\\/\\\/plazadetoroslamalagueta.com\\\/de\\\/kultur-und-stierkampftag-rund-um-picasso\\\/#primaryimage\",\"url\":\"https:\\\/\\\/plazadetoroslamalagueta.com\\\/wp-content\\\/uploads\\\/2018\\\/07\\\/lances-futuro-recuerda-picasso-malagueta-mas-pequenos_98.webp\",\"contentUrl\":\"https:\\\/\\\/plazadetoroslamalagueta.com\\\/wp-content\\\/uploads\\\/2018\\\/07\\\/lances-futuro-recuerda-picasso-malagueta-mas-pequenos_98.webp\",\"width\":1900,\"height\":1069},{\"@type\":\"BreadcrumbList\",\"@id\":\"https:\\\/\\\/plazadetoroslamalagueta.com\\\/de\\\/kultur-und-stierkampftag-rund-um-picasso\\\/#breadcrumb\",\"itemListElement\":[{\"@type\":\"ListItem\",\"position\":1,\"name\":\"Inicio\",\"item\":\"https:\\\/\\\/plazadetoroslamalagueta.com\\\/de\\\/\"},{\"@type\":\"ListItem\",\"position\":2,\"name\":\"Kultur- und Stierkampftag rund um Picasso\"}]},{\"@type\":\"WebSite\",\"@id\":\"https:\\\/\\\/plazadetoroslamalagueta.com\\\/de\\\/#website\",\"url\":\"https:\\\/\\\/plazadetoroslamalagueta.com\\\/de\\\/\",\"name\":\"Plaza de Toros de la Malagueta\",\"description\":\"La Plaza de Toros de M\u00e1laga, de nombre La Malagueta, es un edificio reconocido Bien de Inter\u00e9s Cultural, que ofrece visitas tur\u00edsticas y corridas de toros y otros tipos de espect\u00e1culo durante todo el a\u00f1o.\",\"publisher\":{\"@id\":\"https:\\\/\\\/plazadetoroslamalagueta.com\\\/de\\\/#organization\"},\"alternateName\":\"Plaza de Toros M\u00e1laga\",\"potentialAction\":[{\"@type\":\"SearchAction\",\"target\":{\"@type\":\"EntryPoint\",\"urlTemplate\":\"https:\\\/\\\/plazadetoroslamalagueta.com\\\/de\\\/?s={search_term_string}\"},\"query-input\":{\"@type\":\"PropertyValueSpecification\",\"valueRequired\":true,\"valueName\":\"search_term_string\"}}],\"inLanguage\":\"de\"},{\"@type\":\"Organization\",\"@id\":\"https:\\\/\\\/plazadetoroslamalagueta.com\\\/de\\\/#organization\",\"name\":\"Plaza de Toros la Malagueta\",\"url\":\"https:\\\/\\\/plazadetoroslamalagueta.com\\\/de\\\/\",\"logo\":{\"@type\":\"ImageObject\",\"inLanguage\":\"de\",\"@id\":\"https:\\\/\\\/plazadetoroslamalagueta.com\\\/de\\\/#\\\/schema\\\/logo\\\/image\\\/\",\"url\":\"https:\\\/\\\/plazadetoroslamalagueta.com\\\/wp-content\\\/uploads\\\/2024\\\/02\\\/Logo-plaza-toros.webp\",\"contentUrl\":\"https:\\\/\\\/plazadetoroslamalagueta.com\\\/wp-content\\\/uploads\\\/2024\\\/02\\\/Logo-plaza-toros.webp\",\"width\":100,\"height\":100,\"caption\":\"Plaza de Toros la Malagueta\"},\"image\":{\"@id\":\"https:\\\/\\\/plazadetoroslamalagueta.com\\\/de\\\/#\\\/schema\\\/logo\\\/image\\\/\"}},{\"@type\":\"Person\",\"@id\":\"https:\\\/\\\/plazadetoroslamalagueta.com\\\/de\\\/#\\\/schema\\\/person\\\/12a2a38ea126782b7d042cd27f306172\",\"name\":\"FABIENNE MERIC\",\"image\":{\"@type\":\"ImageObject\",\"inLanguage\":\"de\",\"@id\":\"https:\\\/\\\/secure.gravatar.com\\\/avatar\\\/33043d735d9e796699c090524606b3e310ddadd56204a0d1511b992e9e864944?s=96&d=mm&r=g\",\"url\":\"https:\\\/\\\/secure.gravatar.com\\\/avatar\\\/33043d735d9e796699c090524606b3e310ddadd56204a0d1511b992e9e864944?s=96&d=mm&r=g\",\"contentUrl\":\"https:\\\/\\\/secure.gravatar.com\\\/avatar\\\/33043d735d9e796699c090524606b3e310ddadd56204a0d1511b992e9e864944?s=96&d=mm&r=g\",\"caption\":\"FABIENNE MERIC\"},\"url\":\"https:\\\/\\\/plazadetoroslamalagueta.com\\\/de\\\/author\\\/fabienne\\\/\"}]}<\/script>\n<!-- \/ Yoast SEO plugin. -->","yoast_head_json":{"title":"Kultur- und Stierkampftag rund um Picasso - Plaza de Toros La Malagueta","robots":{"index":"index","follow":"follow","max-snippet":"max-snippet:-1","max-image-preview":"max-image-preview:large","max-video-preview":"max-video-preview:-1"},"canonical":"https:\/\/plazadetoroslamalagueta.com\/de\/kultur-und-stierkampftag-rund-um-picasso\/","og_locale":"de_DE","og_type":"article","og_title":"Kultur- und Stierkampftag rund um Picasso - Plaza de Toros La Malagueta","og_description":"&#13; Jornada Cultural y de Toreo de sal\u00f3n alrededor de Picasso &#13; Das Unternehmen Lances de Futuro hat f\u00fcr Samstag, den 11. M\u00e4rz, eine kulturelle Aktivit\u00e4t f\u00fcr Kinder und Familien in La Malagueta rund um die Figur Picasso und den Stierkampf anl\u00e4sslich seines 50. Todestages und der Corrida Picassiana organisiert. Die Aktivit\u00e4t findet am 11....","og_url":"https:\/\/plazadetoroslamalagueta.com\/de\/kultur-und-stierkampftag-rund-um-picasso\/","og_site_name":"Plaza de Toros La Malagueta","article_published_time":"2018-03-06T13:18:00+00:00","article_modified_time":"2025-01-15T12:09:53+00:00","og_image":[{"width":1900,"height":1069,"url":"https:\/\/plazadetoroslamalagueta.com\/wp-content\/uploads\/2018\/07\/lances-futuro-recuerda-picasso-malagueta-mas-pequenos_98.webp","type":"image\/webp"}],"author":"FABIENNE MERIC","twitter_card":"summary_large_image","twitter_misc":{"Verfasst von":"FABIENNE MERIC","Gesch\u00e4tzte Lesezeit":"2\u00a0Minuten"},"schema":{"@context":"https:\/\/schema.org","@graph":[{"@type":"Article","@id":"https:\/\/plazadetoroslamalagueta.com\/de\/kultur-und-stierkampftag-rund-um-picasso\/#article","isPartOf":{"@id":"https:\/\/plazadetoroslamalagueta.com\/de\/kultur-und-stierkampftag-rund-um-picasso\/"},"author":{"name":"FABIENNE MERIC","@id":"https:\/\/plazadetoroslamalagueta.com\/de\/#\/schema\/person\/12a2a38ea126782b7d042cd27f306172"},"headline":"Kultur- und Stierkampftag rund um Picasso","datePublished":"2018-03-06T13:18:00+00:00","dateModified":"2025-01-15T12:09:53+00:00","mainEntityOfPage":{"@id":"https:\/\/plazadetoroslamalagueta.com\/de\/kultur-und-stierkampftag-rund-um-picasso\/"},"wordCount":367,"publisher":{"@id":"https:\/\/plazadetoroslamalagueta.com\/de\/#organization"},"image":{"@id":"https:\/\/plazadetoroslamalagueta.com\/de\/kultur-und-stierkampftag-rund-um-picasso\/#primaryimage"},"thumbnailUrl":"https:\/\/plazadetoroslamalagueta.com\/wp-content\/uploads\/2018\/07\/lances-futuro-recuerda-picasso-malagueta-mas-pequenos_98.webp","inLanguage":"de"},{"@type":"WebPage","@id":"https:\/\/plazadetoroslamalagueta.com\/de\/kultur-und-stierkampftag-rund-um-picasso\/","url":"https:\/\/plazadetoroslamalagueta.com\/de\/kultur-und-stierkampftag-rund-um-picasso\/","name":"Kultur- und Stierkampftag rund um Picasso - Plaza de Toros La Malagueta","isPartOf":{"@id":"https:\/\/plazadetoroslamalagueta.com\/de\/#website"},"primaryImageOfPage":{"@id":"https:\/\/plazadetoroslamalagueta.com\/de\/kultur-und-stierkampftag-rund-um-picasso\/#primaryimage"},"image":{"@id":"https:\/\/plazadetoroslamalagueta.com\/de\/kultur-und-stierkampftag-rund-um-picasso\/#primaryimage"},"thumbnailUrl":"https:\/\/plazadetoroslamalagueta.com\/wp-content\/uploads\/2018\/07\/lances-futuro-recuerda-picasso-malagueta-mas-pequenos_98.webp","datePublished":"2018-03-06T13:18:00+00:00","dateModified":"2025-01-15T12:09:53+00:00","breadcrumb":{"@id":"https:\/\/plazadetoroslamalagueta.com\/de\/kultur-und-stierkampftag-rund-um-picasso\/#breadcrumb"},"inLanguage":"de","potentialAction":[{"@type":"ReadAction","target":["https:\/\/plazadetoroslamalagueta.com\/de\/kultur-und-stierkampftag-rund-um-picasso\/"]}]},{"@type":"ImageObject","inLanguage":"de","@id":"https:\/\/plazadetoroslamalagueta.com\/de\/kultur-und-stierkampftag-rund-um-picasso\/#primaryimage","url":"https:\/\/plazadetoroslamalagueta.com\/wp-content\/uploads\/2018\/07\/lances-futuro-recuerda-picasso-malagueta-mas-pequenos_98.webp","contentUrl":"https:\/\/plazadetoroslamalagueta.com\/wp-content\/uploads\/2018\/07\/lances-futuro-recuerda-picasso-malagueta-mas-pequenos_98.webp","width":1900,"height":1069},{"@type":"BreadcrumbList","@id":"https:\/\/plazadetoroslamalagueta.com\/de\/kultur-und-stierkampftag-rund-um-picasso\/#breadcrumb","itemListElement":[{"@type":"ListItem","position":1,"name":"Inicio","item":"https:\/\/plazadetoroslamalagueta.com\/de\/"},{"@type":"ListItem","position":2,"name":"Kultur- und Stierkampftag rund um Picasso"}]},{"@type":"WebSite","@id":"https:\/\/plazadetoroslamalagueta.com\/de\/#website","url":"https:\/\/plazadetoroslamalagueta.com\/de\/","name":"Plaza de Toros de la Malagueta","description":"La Plaza de Toros de M\u00e1laga, de nombre La Malagueta, es un edificio reconocido Bien de Inter\u00e9s Cultural, que ofrece visitas tur\u00edsticas y corridas de toros y otros tipos de espect\u00e1culo durante todo el a\u00f1o.","publisher":{"@id":"https:\/\/plazadetoroslamalagueta.com\/de\/#organization"},"alternateName":"Plaza de Toros M\u00e1laga","potentialAction":[{"@type":"SearchAction","target":{"@type":"EntryPoint","urlTemplate":"https:\/\/plazadetoroslamalagueta.com\/de\/?s={search_term_string}"},"query-input":{"@type":"PropertyValueSpecification","valueRequired":true,"valueName":"search_term_string"}}],"inLanguage":"de"},{"@type":"Organization","@id":"https:\/\/plazadetoroslamalagueta.com\/de\/#organization","name":"Plaza de Toros la Malagueta","url":"https:\/\/plazadetoroslamalagueta.com\/de\/","logo":{"@type":"ImageObject","inLanguage":"de","@id":"https:\/\/plazadetoroslamalagueta.com\/de\/#\/schema\/logo\/image\/","url":"https:\/\/plazadetoroslamalagueta.com\/wp-content\/uploads\/2024\/02\/Logo-plaza-toros.webp","contentUrl":"https:\/\/plazadetoroslamalagueta.com\/wp-content\/uploads\/2024\/02\/Logo-plaza-toros.webp","width":100,"height":100,"caption":"Plaza de Toros la Malagueta"},"image":{"@id":"https:\/\/plazadetoroslamalagueta.com\/de\/#\/schema\/logo\/image\/"}},{"@type":"Person","@id":"https:\/\/plazadetoroslamalagueta.com\/de\/#\/schema\/person\/12a2a38ea126782b7d042cd27f306172","name":"FABIENNE MERIC","image":{"@type":"ImageObject","inLanguage":"de","@id":"https:\/\/secure.gravatar.com\/avatar\/33043d735d9e796699c090524606b3e310ddadd56204a0d1511b992e9e864944?s=96&d=mm&r=g","url":"https:\/\/secure.gravatar.com\/avatar\/33043d735d9e796699c090524606b3e310ddadd56204a0d1511b992e9e864944?s=96&d=mm&r=g","contentUrl":"https:\/\/secure.gravatar.com\/avatar\/33043d735d9e796699c090524606b3e310ddadd56204a0d1511b992e9e864944?s=96&d=mm&r=g","caption":"FABIENNE MERIC"},"url":"https:\/\/plazadetoroslamalagueta.com\/de\/author\/fabienne\/"}]}},"_links":{"self":[{"href":"https:\/\/plazadetoroslamalagueta.com\/de\/wp-json\/wp\/v2\/posts\/22513","targetHints":{"allow":["GET"]}}],"collection":[{"href":"https:\/\/plazadetoroslamalagueta.com\/de\/wp-json\/wp\/v2\/posts"}],"about":[{"href":"https:\/\/plazadetoroslamalagueta.com\/de\/wp-json\/wp\/v2\/types\/post"}],"author":[{"embeddable":true,"href":"https:\/\/plazadetoroslamalagueta.com\/de\/wp-json\/wp\/v2\/users\/5"}],"replies":[{"embeddable":true,"href":"https:\/\/plazadetoroslamalagueta.com\/de\/wp-json\/wp\/v2\/comments?post=22513"}],"version-history":[{"count":1,"href":"https:\/\/plazadetoroslamalagueta.com\/de\/wp-json\/wp\/v2\/posts\/22513\/revisions"}],"predecessor-version":[{"id":22515,"href":"https:\/\/plazadetoroslamalagueta.com\/de\/wp-json\/wp\/v2\/posts\/22513\/revisions\/22515"}],"wp:featuredmedia":[{"embeddable":true,"href":"https:\/\/plazadetoroslamalagueta.com\/de\/wp-json\/wp\/v2\/media\/22514"}],"wp:attachment":[{"href":"https:\/\/plazadetoroslamalagueta.com\/de\/wp-json\/wp\/v2\/media?parent=22513"}],"wp:term":[{"taxonomy":"category","embeddable":true,"href":"https:\/\/plazadetoroslamalagueta.com\/de\/wp-json\/wp\/v2\/categories?post=22513"},{"taxonomy":"post_tag","embeddable":true,"href":"https:\/\/plazadetoroslamalagueta.com\/de\/wp-json\/wp\/v2\/tags?post=22513"}],"curies":[{"name":"wp","href":"https:\/\/api.w.org\/{rel}","templated":true}]}}