{"id":22452,"date":"2023-05-24T13:14:22","date_gmt":"2023-05-24T11:14:22","guid":{"rendered":"https:\/\/plazadetoroslamalagueta.com\/die-geschichte-der-stierkampfarena-von-malaga-ein-kulturelles-erbe\/"},"modified":"2025-01-15T13:09:50","modified_gmt":"2025-01-15T12:09:50","slug":"die-geschichte-der-stierkampfarena-von-malaga-ein-kulturelles-erbe","status":"publish","type":"post","link":"https:\/\/plazadetoroslamalagueta.com\/de\/die-geschichte-der-stierkampfarena-von-malaga-ein-kulturelles-erbe\/","title":{"rendered":"Die Geschichte der Stierkampfarena von M\u00e1laga: Ein kulturelles Erbe"},"content":{"rendered":"<section class=\"l-section wpb_row height_medium\"><div class=\"l-section-h i-cf\"><div class=\"g-cols vc_row via_grid cols_1 laptops-cols_inherit tablets-cols_inherit mobiles-cols_1 valign_top type_default stacking_default\"><div class=\"wpb_column vc_column_container\"><div class=\"vc_column-inner\"><div class=\"wpb_text_column\"><div class=\"wpb_wrapper\"><h1>Die Geschichte der Stierkampfarena von M\u00e1laga: Ein kulturelles Erbe<\/h1>\n<p>Die Stierkampfarena von M\u00e1laga ist ein Symbol des Stierkampfes und ein historisches Wahrzeichen der Stadt. Dieses imposante Bauwerk ist mehr als zwei Jahrhunderte alt, war Zeuge unz\u00e4hliger Stierk\u00e4mpfe und ist zu einem festen Bestandteil der Kultur und Tradition M\u00e1lagas geworden.<\/p>\n<\/div><\/div><div class=\"w-image align_none\"><div class=\"w-image-h\"><img decoding=\"async\" width=\"1024\" height=\"576\" src=\"https:\/\/plazadetoroslamalagueta.com\/wp-content\/uploads\/2023\/03\/Diseno-sin-titulo-1024x576.jpeg\" class=\"attachment-large size-large\" alt=\"\" loading=\"lazy\" srcset=\"https:\/\/plazadetoroslamalagueta.com\/wp-content\/uploads\/2023\/03\/Diseno-sin-titulo-1024x576.jpeg 1024w, https:\/\/plazadetoroslamalagueta.com\/wp-content\/uploads\/2023\/03\/Diseno-sin-titulo-300x169.jpeg 300w, https:\/\/plazadetoroslamalagueta.com\/wp-content\/uploads\/2023\/03\/Diseno-sin-titulo-768x432.jpeg 768w, https:\/\/plazadetoroslamalagueta.com\/wp-content\/uploads\/2023\/03\/Diseno-sin-titulo-958x539.jpeg 958w, https:\/\/plazadetoroslamalagueta.com\/wp-content\/uploads\/2023\/03\/Diseno-sin-titulo.jpeg 1200w\" sizes=\"auto, (max-width: 1024px) 100vw, 1024px\" \/><\/div><\/div><\/div><\/div><\/div><\/div><\/section><section class=\"l-section wpb_row height_medium\"><div class=\"l-section-h i-cf\"><div class=\"g-cols vc_row via_grid cols_1 laptops-cols_inherit tablets-cols_inherit mobiles-cols_1 valign_top type_default stacking_default\"><div class=\"wpb_column vc_column_container\"><div class=\"vc_column-inner\"><div class=\"wpb_text_column\"><div class=\"wpb_wrapper\"><p>Die <strong>1876 erbaute<\/strong> Stierkampfarena von M\u00e1laga ist ein architektonisches Juwel, das die Pracht der damaligen Zeit widerspiegelt. Sie <strong>wurde von dem Architekten Joaqu\u00edn Rucoba entworfen<\/strong>. Ihr Neo-Mud\u00e9jar-Stil und ihre verzierte Fassade zeugen von der Liebe der Stadt zum Stierkampf. Seit ihrer Einweihung war die Stierkampfarena Zeuge historischer Momente, legend\u00e4rer Zusammenst\u00f6\u00dfe zwischen Stierk\u00e4mpfern und des Jubels leidenschaftlicher Menschenmassen. Die Stierkampfarena von M\u00e1laga <strong>war Zeuge gro\u00dfer Pers\u00f6nlichkeiten des Stierkampfes<\/strong>, die in der Arena ihre Spuren hinterlassen haben. <strong>Meister wie Antonio Ordo\u00f1ez, El Cordob\u00e9s und Paco Camino<\/strong> haben die Fans mit ihrem K\u00f6nnen und ihrer Tapferkeit auf dieser symboltr\u00e4chtigen B\u00fchne beeindruckt. Jeder Stierkampf ist ein Spektakel voller Emotionen und Kunst, und die Stierkampfarena von M\u00e1laga ist der perfekte Rahmen f\u00fcr diese denkw\u00fcrdigen Momente. Im Laufe der Jahre wurde die Stierkampfarena <strong>renoviert und restauriert, um ihren historischen Charakter zu bewahren und gleichzeitig moderne Sicherheitsstandards und Vorschriften zu erf\u00fcllen<\/strong>. Die Kombination aus reicher Geschichte und moderner Infrastruktur macht sie zu einem Treffpunkt f\u00fcr Stierkampfliebhaber jeden Alters. Auch heute noch ist<strong> die Stierkampfarena von M\u00e1laga eine kulturelle Referenz und ein Treffpunkt f\u00fcr Stierkampfbegeisterte aus aller Welt<\/strong>. W\u00e4hrend der Stierkampfsaison erwacht die Stierkampfarena durch die Leidenschaft und Spannung der Stierk\u00e4mpfe zum Leben und zieht Touristen und Einheimische gleicherma\u00dfen an. Es ist ein Ort, an dem Tradition und Kunst zu einem einzigartigen und authentischen Erlebnis verschmelzen.<\/p>\n<\/div><\/div><\/div><\/div><\/div><\/div><\/section><section class=\"l-section wpb_row height_medium\"><div class=\"l-section-h i-cf\"><div class=\"g-cols vc_row via_grid cols_1 laptops-cols_inherit tablets-cols_inherit mobiles-cols_1 valign_top type_default stacking_default\"><div class=\"wpb_column vc_column_container\"><div class=\"vc_column-inner\"><div class=\"w-image align_none\"><div class=\"w-image-h\"><img decoding=\"async\" width=\"1024\" height=\"768\" src=\"https:\/\/plazadetoroslamalagueta.com\/wp-content\/uploads\/2023\/05\/IMG_2683-1024x768.jpg\" class=\"attachment-large size-large\" alt=\"corrida de toros en la plaza de toros malagueta\" loading=\"lazy\" srcset=\"https:\/\/plazadetoroslamalagueta.com\/wp-content\/uploads\/2023\/05\/IMG_2683-1024x768.jpg 1024w, https:\/\/plazadetoroslamalagueta.com\/wp-content\/uploads\/2023\/05\/IMG_2683-300x225.jpg 300w, https:\/\/plazadetoroslamalagueta.com\/wp-content\/uploads\/2023\/05\/IMG_2683-768x576.jpg 768w, https:\/\/plazadetoroslamalagueta.com\/wp-content\/uploads\/2023\/05\/IMG_2683-1536x1152.jpg 1536w, https:\/\/plazadetoroslamalagueta.com\/wp-content\/uploads\/2023\/05\/IMG_2683-958x719.jpg 958w, https:\/\/plazadetoroslamalagueta.com\/wp-content\/uploads\/2023\/05\/IMG_2683-1320x990.jpg 1320w, https:\/\/plazadetoroslamalagueta.com\/wp-content\/uploads\/2023\/05\/IMG_2683.jpg 2016w\" sizes=\"auto, (max-width: 1024px) 100vw, 1024px\" \/><\/div><\/div><\/div><\/div><\/div><\/div><\/section><section class=\"l-section wpb_row height_medium\"><div class=\"l-section-h i-cf\"><div class=\"g-cols vc_row via_grid cols_1 laptops-cols_inherit tablets-cols_inherit mobiles-cols_1 valign_top type_default stacking_default\"><div class=\"wpb_column vc_column_container\"><div class=\"vc_column-inner\"><div class=\"wpb_text_column\"><div class=\"wpb_wrapper\"><p><strong>Die Stierkampfarena in M\u00e1laga ist viel mehr als ein einfaches Bauwerk<\/strong>, sie ist ein Symbol f\u00fcr die kulturellen Wurzeln des Stierkampfes in der Stadt. Ihre reiche Geschichte und ihr Einfluss auf die Kultur M\u00e1lagas machen sie zu einem besonderen Ort, an dem die Vergangenheit auf die Gegenwart trifft und die Tradition des Stierkampfes lebendig gehalten wird. <strong>Wenn Sie die Stierkampfarena in M\u00e1laga besuchen, tauchen Sie in ein historisches und kulturelles Erbe<\/strong> ein, das Liebhaber des Stierkampfes nach wie vor begeistert und all diejenigen in seinen Bann zieht, die die Leidenschaft und Kunst des Stierkampfes zu sch\u00e4tzen wissen.<\/p>\n<\/div><\/div><\/div><\/div><\/div><\/div><\/section>\n","protected":false},"excerpt":{"rendered":"Die Geschichte der Stierkampfarena von M\u00e1laga: Ein kulturelles Erbe Die Stierkampfarena von M\u00e1laga ist ein Symbol des Stierkampfes und ein historisches Wahrzeichen der Stadt. Dieses imposante Bauwerk ist mehr als zwei Jahrhunderte alt, war Zeuge unz\u00e4hliger Stierk\u00e4mpfe und ist zu einem festen Bestandteil der Kultur und Tradition M\u00e1lagas geworden. Die 1876 erbaute Stierkampfarena von M\u00e1laga...","protected":false},"author":4,"featured_media":22454,"comment_status":"open","ping_status":"open","sticky":false,"template":"","format":"standard","meta":{"footnotes":""},"categories":[557],"tags":[],"class_list":["post-22452","post","type-post","status-publish","format-standard","has-post-thumbnail","hentry","category-uber-den-platz"],"yoast_head":"<!-- This site is optimized with the Yoast SEO plugin v27.4 - https:\/\/yoast.com\/product\/yoast-seo-wordpress\/ -->\n<title>\u25b7 Geschichte der Stierkampfarena M\u00e1laga | La Malagueta<\/title>\n<meta name=\"description\" content=\"Entdecken Sie die Geschichte der Stierkampfarena von M\u00e1laga sowie die kuriosesten Fakten und die ber\u00fchmtesten Stierk\u00e4mpfer, die sie durchlaufen haben.\" \/>\n<meta name=\"robots\" content=\"index, follow, max-snippet:-1, max-image-preview:large, max-video-preview:-1\" \/>\n<link rel=\"canonical\" href=\"https:\/\/plazadetoroslamalagueta.com\/de\/die-geschichte-der-stierkampfarena-von-malaga-ein-kulturelles-erbe\/\" \/>\n<meta property=\"og:locale\" content=\"de_DE\" \/>\n<meta property=\"og:type\" content=\"article\" \/>\n<meta property=\"og:title\" content=\"\u25b7 Geschichte der Stierkampfarena M\u00e1laga | La Malagueta\" \/>\n<meta property=\"og:description\" content=\"Entdecken Sie die Geschichte der Stierkampfarena von M\u00e1laga sowie die kuriosesten Fakten und die ber\u00fchmtesten Stierk\u00e4mpfer, die sie durchlaufen haben.\" \/>\n<meta property=\"og:url\" content=\"https:\/\/plazadetoroslamalagueta.com\/de\/die-geschichte-der-stierkampfarena-von-malaga-ein-kulturelles-erbe\/\" \/>\n<meta property=\"og:site_name\" content=\"Plaza de Toros La Malagueta\" \/>\n<meta property=\"article:published_time\" content=\"2023-05-24T11:14:22+00:00\" \/>\n<meta property=\"article:modified_time\" content=\"2025-01-15T12:09:50+00:00\" \/>\n<meta property=\"og:image\" content=\"https:\/\/plazadetoroslamalagueta.com\/wp-content\/uploads\/2023\/03\/Diseno-sin-titulo.jpeg\" \/>\n\t<meta property=\"og:image:width\" content=\"1200\" \/>\n\t<meta property=\"og:image:height\" content=\"675\" \/>\n\t<meta property=\"og:image:type\" content=\"image\/jpeg\" \/>\n<meta name=\"author\" content=\"Marketing\" \/>\n<meta name=\"twitter:card\" content=\"summary_large_image\" \/>\n<meta name=\"twitter:label1\" content=\"Verfasst von\" \/>\n\t<meta name=\"twitter:data1\" content=\"Marketing\" \/>\n\t<meta name=\"twitter:label2\" content=\"Gesch\u00e4tzte Lesezeit\" \/>\n\t<meta name=\"twitter:data2\" content=\"2\u00a0Minuten\" \/>\n<script type=\"application\/ld+json\" class=\"yoast-schema-graph\">{\"@context\":\"https:\\\/\\\/schema.org\",\"@graph\":[{\"@type\":\"Article\",\"@id\":\"https:\\\/\\\/plazadetoroslamalagueta.com\\\/de\\\/die-geschichte-der-stierkampfarena-von-malaga-ein-kulturelles-erbe\\\/#article\",\"isPartOf\":{\"@id\":\"https:\\\/\\\/plazadetoroslamalagueta.com\\\/de\\\/die-geschichte-der-stierkampfarena-von-malaga-ein-kulturelles-erbe\\\/\"},\"author\":{\"name\":\"Marketing\",\"@id\":\"https:\\\/\\\/plazadetoroslamalagueta.com\\\/de\\\/#\\\/schema\\\/person\\\/38da8099bb302a43fd2c5eaec4713c5e\"},\"headline\":\"Die Geschichte der Stierkampfarena von M\u00e1laga: Ein kulturelles Erbe\",\"datePublished\":\"2023-05-24T11:14:22+00:00\",\"dateModified\":\"2025-01-15T12:09:50+00:00\",\"mainEntityOfPage\":{\"@id\":\"https:\\\/\\\/plazadetoroslamalagueta.com\\\/de\\\/die-geschichte-der-stierkampfarena-von-malaga-ein-kulturelles-erbe\\\/\"},\"wordCount\":466,\"commentCount\":0,\"publisher\":{\"@id\":\"https:\\\/\\\/plazadetoroslamalagueta.com\\\/de\\\/#organization\"},\"image\":{\"@id\":\"https:\\\/\\\/plazadetoroslamalagueta.com\\\/de\\\/die-geschichte-der-stierkampfarena-von-malaga-ein-kulturelles-erbe\\\/#primaryimage\"},\"thumbnailUrl\":\"https:\\\/\\\/plazadetoroslamalagueta.com\\\/wp-content\\\/uploads\\\/2023\\\/03\\\/Diseno-sin-titulo.jpeg\",\"articleSection\":[\"\u00dcber den Platz\"],\"inLanguage\":\"de\",\"potentialAction\":[{\"@type\":\"CommentAction\",\"name\":\"Comment\",\"target\":[\"https:\\\/\\\/plazadetoroslamalagueta.com\\\/de\\\/die-geschichte-der-stierkampfarena-von-malaga-ein-kulturelles-erbe\\\/#respond\"]}]},{\"@type\":\"WebPage\",\"@id\":\"https:\\\/\\\/plazadetoroslamalagueta.com\\\/de\\\/die-geschichte-der-stierkampfarena-von-malaga-ein-kulturelles-erbe\\\/\",\"url\":\"https:\\\/\\\/plazadetoroslamalagueta.com\\\/de\\\/die-geschichte-der-stierkampfarena-von-malaga-ein-kulturelles-erbe\\\/\",\"name\":\"\u25b7 Geschichte der Stierkampfarena M\u00e1laga | La Malagueta\",\"isPartOf\":{\"@id\":\"https:\\\/\\\/plazadetoroslamalagueta.com\\\/de\\\/#website\"},\"primaryImageOfPage\":{\"@id\":\"https:\\\/\\\/plazadetoroslamalagueta.com\\\/de\\\/die-geschichte-der-stierkampfarena-von-malaga-ein-kulturelles-erbe\\\/#primaryimage\"},\"image\":{\"@id\":\"https:\\\/\\\/plazadetoroslamalagueta.com\\\/de\\\/die-geschichte-der-stierkampfarena-von-malaga-ein-kulturelles-erbe\\\/#primaryimage\"},\"thumbnailUrl\":\"https:\\\/\\\/plazadetoroslamalagueta.com\\\/wp-content\\\/uploads\\\/2023\\\/03\\\/Diseno-sin-titulo.jpeg\",\"datePublished\":\"2023-05-24T11:14:22+00:00\",\"dateModified\":\"2025-01-15T12:09:50+00:00\",\"description\":\"Entdecken Sie die Geschichte der Stierkampfarena von M\u00e1laga sowie die kuriosesten Fakten und die ber\u00fchmtesten Stierk\u00e4mpfer, die sie durchlaufen haben.\",\"breadcrumb\":{\"@id\":\"https:\\\/\\\/plazadetoroslamalagueta.com\\\/de\\\/die-geschichte-der-stierkampfarena-von-malaga-ein-kulturelles-erbe\\\/#breadcrumb\"},\"inLanguage\":\"de\",\"potentialAction\":[{\"@type\":\"ReadAction\",\"target\":[\"https:\\\/\\\/plazadetoroslamalagueta.com\\\/de\\\/die-geschichte-der-stierkampfarena-von-malaga-ein-kulturelles-erbe\\\/\"]}]},{\"@type\":\"ImageObject\",\"inLanguage\":\"de\",\"@id\":\"https:\\\/\\\/plazadetoroslamalagueta.com\\\/de\\\/die-geschichte-der-stierkampfarena-von-malaga-ein-kulturelles-erbe\\\/#primaryimage\",\"url\":\"https:\\\/\\\/plazadetoroslamalagueta.com\\\/wp-content\\\/uploads\\\/2023\\\/03\\\/Diseno-sin-titulo.jpeg\",\"contentUrl\":\"https:\\\/\\\/plazadetoroslamalagueta.com\\\/wp-content\\\/uploads\\\/2023\\\/03\\\/Diseno-sin-titulo.jpeg\",\"width\":1200,\"height\":675},{\"@type\":\"BreadcrumbList\",\"@id\":\"https:\\\/\\\/plazadetoroslamalagueta.com\\\/de\\\/die-geschichte-der-stierkampfarena-von-malaga-ein-kulturelles-erbe\\\/#breadcrumb\",\"itemListElement\":[{\"@type\":\"ListItem\",\"position\":1,\"name\":\"Inicio\",\"item\":\"https:\\\/\\\/plazadetoroslamalagueta.com\\\/de\\\/\"},{\"@type\":\"ListItem\",\"position\":2,\"name\":\"Die Geschichte der Stierkampfarena von M\u00e1laga: Ein kulturelles Erbe\"}]},{\"@type\":\"WebSite\",\"@id\":\"https:\\\/\\\/plazadetoroslamalagueta.com\\\/de\\\/#website\",\"url\":\"https:\\\/\\\/plazadetoroslamalagueta.com\\\/de\\\/\",\"name\":\"Plaza de Toros de la Malagueta\",\"description\":\"La Plaza de Toros de M\u00e1laga, de nombre La Malagueta, es un edificio reconocido Bien de Inter\u00e9s Cultural, que ofrece visitas tur\u00edsticas y corridas de toros y otros tipos de espect\u00e1culo durante todo el a\u00f1o.\",\"publisher\":{\"@id\":\"https:\\\/\\\/plazadetoroslamalagueta.com\\\/de\\\/#organization\"},\"alternateName\":\"Plaza de Toros M\u00e1laga\",\"potentialAction\":[{\"@type\":\"SearchAction\",\"target\":{\"@type\":\"EntryPoint\",\"urlTemplate\":\"https:\\\/\\\/plazadetoroslamalagueta.com\\\/de\\\/?s={search_term_string}\"},\"query-input\":{\"@type\":\"PropertyValueSpecification\",\"valueRequired\":true,\"valueName\":\"search_term_string\"}}],\"inLanguage\":\"de\"},{\"@type\":\"Organization\",\"@id\":\"https:\\\/\\\/plazadetoroslamalagueta.com\\\/de\\\/#organization\",\"name\":\"Plaza de Toros la Malagueta\",\"url\":\"https:\\\/\\\/plazadetoroslamalagueta.com\\\/de\\\/\",\"logo\":{\"@type\":\"ImageObject\",\"inLanguage\":\"de\",\"@id\":\"https:\\\/\\\/plazadetoroslamalagueta.com\\\/de\\\/#\\\/schema\\\/logo\\\/image\\\/\",\"url\":\"https:\\\/\\\/plazadetoroslamalagueta.com\\\/wp-content\\\/uploads\\\/2024\\\/02\\\/Logo-plaza-toros.webp\",\"contentUrl\":\"https:\\\/\\\/plazadetoroslamalagueta.com\\\/wp-content\\\/uploads\\\/2024\\\/02\\\/Logo-plaza-toros.webp\",\"width\":100,\"height\":100,\"caption\":\"Plaza de Toros la Malagueta\"},\"image\":{\"@id\":\"https:\\\/\\\/plazadetoroslamalagueta.com\\\/de\\\/#\\\/schema\\\/logo\\\/image\\\/\"}},{\"@type\":\"Person\",\"@id\":\"https:\\\/\\\/plazadetoroslamalagueta.com\\\/de\\\/#\\\/schema\\\/person\\\/38da8099bb302a43fd2c5eaec4713c5e\",\"name\":\"Marketing\",\"image\":{\"@type\":\"ImageObject\",\"inLanguage\":\"de\",\"@id\":\"https:\\\/\\\/secure.gravatar.com\\\/avatar\\\/2c03e1a8691cff42cdbffdaf0b1a4a8d0203aaa61e9a18db2956bd6c8b777fd6?s=96&d=mm&r=g\",\"url\":\"https:\\\/\\\/secure.gravatar.com\\\/avatar\\\/2c03e1a8691cff42cdbffdaf0b1a4a8d0203aaa61e9a18db2956bd6c8b777fd6?s=96&d=mm&r=g\",\"contentUrl\":\"https:\\\/\\\/secure.gravatar.com\\\/avatar\\\/2c03e1a8691cff42cdbffdaf0b1a4a8d0203aaa61e9a18db2956bd6c8b777fd6?s=96&d=mm&r=g\",\"caption\":\"Marketing\"},\"url\":\"https:\\\/\\\/plazadetoroslamalagueta.com\\\/de\\\/author\\\/marketing\\\/\"}]}<\/script>\n<!-- \/ Yoast SEO plugin. -->","yoast_head_json":{"title":"\u25b7 Geschichte der Stierkampfarena M\u00e1laga | La Malagueta","description":"Entdecken Sie die Geschichte der Stierkampfarena von M\u00e1laga sowie die kuriosesten Fakten und die ber\u00fchmtesten Stierk\u00e4mpfer, die sie durchlaufen haben.","robots":{"index":"index","follow":"follow","max-snippet":"max-snippet:-1","max-image-preview":"max-image-preview:large","max-video-preview":"max-video-preview:-1"},"canonical":"https:\/\/plazadetoroslamalagueta.com\/de\/die-geschichte-der-stierkampfarena-von-malaga-ein-kulturelles-erbe\/","og_locale":"de_DE","og_type":"article","og_title":"\u25b7 Geschichte der Stierkampfarena M\u00e1laga | La Malagueta","og_description":"Entdecken Sie die Geschichte der Stierkampfarena von M\u00e1laga sowie die kuriosesten Fakten und die ber\u00fchmtesten Stierk\u00e4mpfer, die sie durchlaufen haben.","og_url":"https:\/\/plazadetoroslamalagueta.com\/de\/die-geschichte-der-stierkampfarena-von-malaga-ein-kulturelles-erbe\/","og_site_name":"Plaza de Toros La Malagueta","article_published_time":"2023-05-24T11:14:22+00:00","article_modified_time":"2025-01-15T12:09:50+00:00","og_image":[{"width":1200,"height":675,"url":"https:\/\/plazadetoroslamalagueta.com\/wp-content\/uploads\/2023\/03\/Diseno-sin-titulo.jpeg","type":"image\/jpeg"}],"author":"Marketing","twitter_card":"summary_large_image","twitter_misc":{"Verfasst von":"Marketing","Gesch\u00e4tzte Lesezeit":"2\u00a0Minuten"},"schema":{"@context":"https:\/\/schema.org","@graph":[{"@type":"Article","@id":"https:\/\/plazadetoroslamalagueta.com\/de\/die-geschichte-der-stierkampfarena-von-malaga-ein-kulturelles-erbe\/#article","isPartOf":{"@id":"https:\/\/plazadetoroslamalagueta.com\/de\/die-geschichte-der-stierkampfarena-von-malaga-ein-kulturelles-erbe\/"},"author":{"name":"Marketing","@id":"https:\/\/plazadetoroslamalagueta.com\/de\/#\/schema\/person\/38da8099bb302a43fd2c5eaec4713c5e"},"headline":"Die Geschichte der Stierkampfarena von M\u00e1laga: Ein kulturelles Erbe","datePublished":"2023-05-24T11:14:22+00:00","dateModified":"2025-01-15T12:09:50+00:00","mainEntityOfPage":{"@id":"https:\/\/plazadetoroslamalagueta.com\/de\/die-geschichte-der-stierkampfarena-von-malaga-ein-kulturelles-erbe\/"},"wordCount":466,"commentCount":0,"publisher":{"@id":"https:\/\/plazadetoroslamalagueta.com\/de\/#organization"},"image":{"@id":"https:\/\/plazadetoroslamalagueta.com\/de\/die-geschichte-der-stierkampfarena-von-malaga-ein-kulturelles-erbe\/#primaryimage"},"thumbnailUrl":"https:\/\/plazadetoroslamalagueta.com\/wp-content\/uploads\/2023\/03\/Diseno-sin-titulo.jpeg","articleSection":["\u00dcber den Platz"],"inLanguage":"de","potentialAction":[{"@type":"CommentAction","name":"Comment","target":["https:\/\/plazadetoroslamalagueta.com\/de\/die-geschichte-der-stierkampfarena-von-malaga-ein-kulturelles-erbe\/#respond"]}]},{"@type":"WebPage","@id":"https:\/\/plazadetoroslamalagueta.com\/de\/die-geschichte-der-stierkampfarena-von-malaga-ein-kulturelles-erbe\/","url":"https:\/\/plazadetoroslamalagueta.com\/de\/die-geschichte-der-stierkampfarena-von-malaga-ein-kulturelles-erbe\/","name":"\u25b7 Geschichte der Stierkampfarena M\u00e1laga | La Malagueta","isPartOf":{"@id":"https:\/\/plazadetoroslamalagueta.com\/de\/#website"},"primaryImageOfPage":{"@id":"https:\/\/plazadetoroslamalagueta.com\/de\/die-geschichte-der-stierkampfarena-von-malaga-ein-kulturelles-erbe\/#primaryimage"},"image":{"@id":"https:\/\/plazadetoroslamalagueta.com\/de\/die-geschichte-der-stierkampfarena-von-malaga-ein-kulturelles-erbe\/#primaryimage"},"thumbnailUrl":"https:\/\/plazadetoroslamalagueta.com\/wp-content\/uploads\/2023\/03\/Diseno-sin-titulo.jpeg","datePublished":"2023-05-24T11:14:22+00:00","dateModified":"2025-01-15T12:09:50+00:00","description":"Entdecken Sie die Geschichte der Stierkampfarena von M\u00e1laga sowie die kuriosesten Fakten und die ber\u00fchmtesten Stierk\u00e4mpfer, die sie durchlaufen haben.","breadcrumb":{"@id":"https:\/\/plazadetoroslamalagueta.com\/de\/die-geschichte-der-stierkampfarena-von-malaga-ein-kulturelles-erbe\/#breadcrumb"},"inLanguage":"de","potentialAction":[{"@type":"ReadAction","target":["https:\/\/plazadetoroslamalagueta.com\/de\/die-geschichte-der-stierkampfarena-von-malaga-ein-kulturelles-erbe\/"]}]},{"@type":"ImageObject","inLanguage":"de","@id":"https:\/\/plazadetoroslamalagueta.com\/de\/die-geschichte-der-stierkampfarena-von-malaga-ein-kulturelles-erbe\/#primaryimage","url":"https:\/\/plazadetoroslamalagueta.com\/wp-content\/uploads\/2023\/03\/Diseno-sin-titulo.jpeg","contentUrl":"https:\/\/plazadetoroslamalagueta.com\/wp-content\/uploads\/2023\/03\/Diseno-sin-titulo.jpeg","width":1200,"height":675},{"@type":"BreadcrumbList","@id":"https:\/\/plazadetoroslamalagueta.com\/de\/die-geschichte-der-stierkampfarena-von-malaga-ein-kulturelles-erbe\/#breadcrumb","itemListElement":[{"@type":"ListItem","position":1,"name":"Inicio","item":"https:\/\/plazadetoroslamalagueta.com\/de\/"},{"@type":"ListItem","position":2,"name":"Die Geschichte der Stierkampfarena von M\u00e1laga: Ein kulturelles Erbe"}]},{"@type":"WebSite","@id":"https:\/\/plazadetoroslamalagueta.com\/de\/#website","url":"https:\/\/plazadetoroslamalagueta.com\/de\/","name":"Plaza de Toros de la Malagueta","description":"La Plaza de Toros de M\u00e1laga, de nombre La Malagueta, es un edificio reconocido Bien de Inter\u00e9s Cultural, que ofrece visitas tur\u00edsticas y corridas de toros y otros tipos de espect\u00e1culo durante todo el a\u00f1o.","publisher":{"@id":"https:\/\/plazadetoroslamalagueta.com\/de\/#organization"},"alternateName":"Plaza de Toros M\u00e1laga","potentialAction":[{"@type":"SearchAction","target":{"@type":"EntryPoint","urlTemplate":"https:\/\/plazadetoroslamalagueta.com\/de\/?s={search_term_string}"},"query-input":{"@type":"PropertyValueSpecification","valueRequired":true,"valueName":"search_term_string"}}],"inLanguage":"de"},{"@type":"Organization","@id":"https:\/\/plazadetoroslamalagueta.com\/de\/#organization","name":"Plaza de Toros la Malagueta","url":"https:\/\/plazadetoroslamalagueta.com\/de\/","logo":{"@type":"ImageObject","inLanguage":"de","@id":"https:\/\/plazadetoroslamalagueta.com\/de\/#\/schema\/logo\/image\/","url":"https:\/\/plazadetoroslamalagueta.com\/wp-content\/uploads\/2024\/02\/Logo-plaza-toros.webp","contentUrl":"https:\/\/plazadetoroslamalagueta.com\/wp-content\/uploads\/2024\/02\/Logo-plaza-toros.webp","width":100,"height":100,"caption":"Plaza de Toros la Malagueta"},"image":{"@id":"https:\/\/plazadetoroslamalagueta.com\/de\/#\/schema\/logo\/image\/"}},{"@type":"Person","@id":"https:\/\/plazadetoroslamalagueta.com\/de\/#\/schema\/person\/38da8099bb302a43fd2c5eaec4713c5e","name":"Marketing","image":{"@type":"ImageObject","inLanguage":"de","@id":"https:\/\/secure.gravatar.com\/avatar\/2c03e1a8691cff42cdbffdaf0b1a4a8d0203aaa61e9a18db2956bd6c8b777fd6?s=96&d=mm&r=g","url":"https:\/\/secure.gravatar.com\/avatar\/2c03e1a8691cff42cdbffdaf0b1a4a8d0203aaa61e9a18db2956bd6c8b777fd6?s=96&d=mm&r=g","contentUrl":"https:\/\/secure.gravatar.com\/avatar\/2c03e1a8691cff42cdbffdaf0b1a4a8d0203aaa61e9a18db2956bd6c8b777fd6?s=96&d=mm&r=g","caption":"Marketing"},"url":"https:\/\/plazadetoroslamalagueta.com\/de\/author\/marketing\/"}]}},"_links":{"self":[{"href":"https:\/\/plazadetoroslamalagueta.com\/de\/wp-json\/wp\/v2\/posts\/22452","targetHints":{"allow":["GET"]}}],"collection":[{"href":"https:\/\/plazadetoroslamalagueta.com\/de\/wp-json\/wp\/v2\/posts"}],"about":[{"href":"https:\/\/plazadetoroslamalagueta.com\/de\/wp-json\/wp\/v2\/types\/post"}],"author":[{"embeddable":true,"href":"https:\/\/plazadetoroslamalagueta.com\/de\/wp-json\/wp\/v2\/users\/4"}],"replies":[{"embeddable":true,"href":"https:\/\/plazadetoroslamalagueta.com\/de\/wp-json\/wp\/v2\/comments?post=22452"}],"version-history":[{"count":2,"href":"https:\/\/plazadetoroslamalagueta.com\/de\/wp-json\/wp\/v2\/posts\/22452\/revisions"}],"predecessor-version":[{"id":22459,"href":"https:\/\/plazadetoroslamalagueta.com\/de\/wp-json\/wp\/v2\/posts\/22452\/revisions\/22459"}],"wp:featuredmedia":[{"embeddable":true,"href":"https:\/\/plazadetoroslamalagueta.com\/de\/wp-json\/wp\/v2\/media\/22454"}],"wp:attachment":[{"href":"https:\/\/plazadetoroslamalagueta.com\/de\/wp-json\/wp\/v2\/media?parent=22452"}],"wp:term":[{"taxonomy":"category","embeddable":true,"href":"https:\/\/plazadetoroslamalagueta.com\/de\/wp-json\/wp\/v2\/categories?post=22452"},{"taxonomy":"post_tag","embeddable":true,"href":"https:\/\/plazadetoroslamalagueta.com\/de\/wp-json\/wp\/v2\/tags?post=22452"}],"curies":[{"name":"wp","href":"https:\/\/api.w.org\/{rel}","templated":true}]}}