{"id":22406,"date":"2023-11-15T11:27:00","date_gmt":"2023-11-15T10:27:00","guid":{"rendered":"https:\/\/plazadetoroslamalagueta.com\/die-stierkampfgala-verleiht-7-trophaeen-fuer-die-messe-malaga-2023\/"},"modified":"2025-01-15T13:09:44","modified_gmt":"2025-01-15T12:09:44","slug":"die-stierkampfgala-verleiht-7-trophaeen-fuer-die-messe-malaga-2023","status":"publish","type":"post","link":"https:\/\/plazadetoroslamalagueta.com\/de\/die-stierkampfgala-verleiht-7-trophaeen-fuer-die-messe-malaga-2023\/","title":{"rendered":"Die Stierkampfgala verleiht 7 Troph\u00e4en f\u00fcr die Messe Malaga 2023"},"content":{"rendered":"<section class=\"l-section wpb_row height_medium\"><div class=\"l-section-h i-cf\"><div class=\"g-cols vc_row via_grid cols_1 laptops-cols_inherit tablets-cols_inherit mobiles-cols_1 valign_top type_default stacking_default\"><div class=\"wpb_column vc_column_container\"><div class=\"vc_column-inner\"><div class=\"wpb_text_column\"><div class=\"wpb_wrapper\"><h1>Die Gala de la Tauromaqu\u00eda vergibt den Preis f\u00fcr die beste Stierkampfvorf\u00fchrung der Messe Malaga 2023.<\/h1>\n<p>Am vergangenen Dienstag, den 14. November, wurde der Stierk\u00e4mpfer aus M\u00e1laga, Sa\u00fal Jim\u00e9nez Fortes, mit dem Silbernen Estoque Award f\u00fcr seine gro\u00dfartige Leistung und den besten Stierkampf der letzten Feria de M\u00e1laga 2023 ausgezeichnet.<\/p>\n<\/div><\/div><div class=\"w-separator size_medium\"><\/div><div class=\"w-image align_none\"><div class=\"w-image-h\"><img decoding=\"async\" width=\"758\" height=\"531\" src=\"https:\/\/plazadetoroslamalagueta.com\/wp-content\/uploads\/2023\/11\/fortes-estoque-de-plata-malaga-2023.webp\" class=\"attachment-large size-large\" alt=\"\" loading=\"lazy\" srcset=\"https:\/\/plazadetoroslamalagueta.com\/wp-content\/uploads\/2023\/11\/fortes-estoque-de-plata-malaga-2023.webp 758w, https:\/\/plazadetoroslamalagueta.com\/wp-content\/uploads\/2023\/11\/fortes-estoque-de-plata-malaga-2023-300x210.webp 300w\" sizes=\"auto, (max-width: 758px) 100vw, 758px\" \/><\/div><\/div><\/div><\/div><\/div><\/div><\/section><section class=\"l-section wpb_row height_medium\"><div class=\"l-section-h i-cf\"><div class=\"g-cols vc_row via_grid cols_1 laptops-cols_inherit tablets-cols_inherit mobiles-cols_1 valign_top type_default stacking_default\"><div class=\"wpb_column vc_column_container\"><div class=\"vc_column-inner\"><div class=\"wpb_text_column\"><div class=\"wpb_wrapper\"><p>M\u00e1laga hat sich herausgeputzt, um die prestigetr\u00e4chtigsten Stierkampfpreise der Stadt an die herausragendsten Stierk\u00e4mpfer und Novilleros der letzten Feria de Agosto zu verleihen. Das <strong>Kulturzentrum Mar\u00eda Victoria Atencia <\/strong>war Gastgeber der <strong>Stierkampfgala von M\u00e1laga 2023<\/strong>, einer Initiative der Provinzregierung von M\u00e1laga, die von Borja Ortiz, dem Direktor des Zentrums f\u00fcr Stierkampfangelegenheiten, organisiert wurde und an der der Pr\u00e4sident der Provinzregierung von M\u00e1laga, Francisco Salado, sowie verschiedene Institutionen, Vereine und Gruppen der Stadt und der Provinz teilnahmen, um die Troph\u00e4en der letzten <strong>Stierkampfmesse <\/strong>in der <strong>Stierkampfarena von La Malagueta<\/strong> zu \u00fcberreichen. Die verschiedenen Vertreter, die f\u00fcr die Wahl des Gewinners zust\u00e4ndig sind, trafen sich am 31. August, kurz nach Ende der Stierkampfmesse, um die verschiedenen Leistungen der teilnehmenden Stierk\u00e4mpfer zu besprechen. <strong>Schlie\u00dflich wurde Saul Jimenez Fortes nach einem Konsens mit absoluter Mehrheit f\u00fcr seine Leistung in der Stierkampfarena <a href=\"https:\/\/plazadetoroslamalagueta.com\/de\/\">von M\u00e1laga<\/a> der Preis f\u00fcr die beste Faena der Feria verliehen.<\/strong> <\/p>\n<p><strong>Wer hat sie gew\u00e4hrt?<\/strong><\/p>\n<p>Die Auszeichnungen wurden von der Provinzinstitution in Zusammenarbeit mit dem Colegio de Veterinarios, der Pe\u00f1a Taurina de C\u00e1rtama (M\u00e1laga), der Uni\u00f3n Taurina de Abonados, der Stierkampfschule der Provinz und der Asociaci\u00f3n Juventud Taurina, die f\u00fcr die Verleihung der \u00fcbrigen Auszeichnungen verantwortlich waren, gef\u00f6rdert.<\/p>\n<h2>Fortes bekommt sein drittes Estoque<\/h2>\n<p>Der Torero aus M\u00e1laga hat den Hauptpreis nach f\u00fcnf Jahren wieder gewonnen (er gewann ihn auch 2016 und 2018) und reiht sich in die kurze Liste der Gewinner ein. Einige der Diestros, mit denen er den Ruhm teilt, sind Curro Romero, Joselito, Jos\u00e9 Tom\u00e1s, Enrique Ponce, Ni\u00f1o de la Capea, Miguel M\u00e1rquez, Javier Conde, Manzanares padre, El Juli, Antonio Ferrera, Salvador Cort\u00e9s, Rivera Ord\u00f3\u00f1ez, Jos\u00e9 Mar\u00eda Manzanares und Roca Rey. Bei dieser Gelegenheit gewann er den Preis dank der <strong>gro\u00dfartigen Leistung, die er am 16. August vor dem f\u00fcnften Stier der Daniel Ruiz Stierzucht zeigte.<\/strong> <\/p>\n<h2>Gewinner<\/h2>\n<p>Nach der Verleihung des Estoque de plata Antonio Ordo\u00f1ez wurden die restlichen Auszeichnungen des Abends vergeben. Die Stierkampfjugend zeichnete Jorge Molina als besten Novillero aus. Die Gewerkschaft der Abonnenten zeichnete den Matador Jos\u00e9 Garrido als Autor des besten Stosses der Messe aus und das Kollegium der Veterin\u00e4re w\u00e4hlte den Stier namens &#8222;Aislado&#8220; zum mutigsten Stier. Gleichzeitig wurden Guillermo Hermoso und Jorge Fuentes als die besten Rejoneadores bzw. Banderilleros ausgezeichnet. Zu guter Letzt zeichnete die Stierkampfschule der Provinz Sim\u00f3n Andreu als Sieger des Stierkampfschulwettbewerbs aus.   <\/p>\n<h2>Die Gala<\/h2>\n<p class=\"article-body__text \">Die Veranstaltung wurde von der Journalistin<strong> Noelia G\u00f3mez <\/strong>moderiert und es sprachen der Direktor f\u00fcr Stierkampfangelegenheiten<strong>, Borja Ortiz <\/strong>, sowie der Pr\u00e4sident der Fundaci\u00f3n del Toro de Lidia, <strong>Victorino Mart\u00edn<\/strong>. Auf institutioneller Ebene nahmen die stellvertretende B\u00fcrgermeisterin Teresa Porras, der Delegierte f\u00fcr Bildung der Junta de Andaluc\u00eda und der Pr\u00e4sident des Provinzrats <strong>Francisco Salado<\/strong> teil, der erkl\u00e4rte <em>: &#8222;Wir haben uns vorgenommen, <strong>das ganze Jahr \u00fcber \u00fcber den Stierkampf in M\u00e1laga zu sprechen<\/strong>, und aus diesem Grund werden wir verschiedene Veranstaltungen und Events f\u00f6rdern, die die Begeisterung f\u00fcr den Stierkampf sowohl in der Hauptstadt als auch in der Provinz anregen werden&#8220;, <\/em>darunter. <em>&#8230; das Stierkampf-Erlebniszentrum, das mit der neuesten Technologie ausgestattet sein wird und in der Stierkampfarena Malagueta die M\u00f6glichkeit bietet, durch Erlebnisse und Spiele in die nationale Fiesta einzutauchen.<\/em><\/p>\n<\/div><\/div><div class=\"w-separator size_medium\"><\/div><div class=\"w-image align_none\"><div class=\"w-image-h\"><img decoding=\"async\" width=\"1024\" height=\"768\" src=\"https:\/\/plazadetoroslamalagueta.com\/wp-content\/uploads\/2023\/11\/ganadores-premios-malaga-2023.webp\" class=\"attachment-large size-large\" alt=\"\" loading=\"lazy\" srcset=\"https:\/\/plazadetoroslamalagueta.com\/wp-content\/uploads\/2023\/11\/ganadores-premios-malaga-2023.webp 1024w, https:\/\/plazadetoroslamalagueta.com\/wp-content\/uploads\/2023\/11\/ganadores-premios-malaga-2023-300x225.webp 300w\" sizes=\"auto, (max-width: 1024px) 100vw, 1024px\" \/><\/div><\/div><\/div><\/div><\/div><\/div><\/section>\n","protected":false},"excerpt":{"rendered":"Die Gala de la Tauromaqu\u00eda vergibt den Preis f\u00fcr die beste Stierkampfvorf\u00fchrung der Messe Malaga 2023. Am vergangenen Dienstag, den 14. November, wurde der Stierk\u00e4mpfer aus M\u00e1laga, Sa\u00fal Jim\u00e9nez Fortes, mit dem Silbernen Estoque Award f\u00fcr seine gro\u00dfartige Leistung und den besten Stierkampf der letzten Feria de M\u00e1laga 2023 ausgezeichnet. M\u00e1laga hat sich herausgeputzt, um...","protected":false},"author":4,"featured_media":22408,"comment_status":"open","ping_status":"open","sticky":false,"template":"","format":"standard","meta":{"footnotes":""},"categories":[557],"tags":[],"class_list":["post-22406","post","type-post","status-publish","format-standard","has-post-thumbnail","hentry","category-uber-den-platz"],"yoast_head":"<!-- This site is optimized with the Yoast SEO plugin v27.4 - https:\/\/yoast.com\/product\/yoast-seo-wordpress\/ -->\n<title>Feierlichkeiten zur Stierkampfgala von Malaga 2023<\/title>\n<meta name=\"description\" content=\"Stierkampfmesse von M\u00e1laga 2023 Preisverleihung | Entdecken Sie die besten Gewinner in den verschiedenen Kategorien - Plaza de Toros M\u00e1laga\" \/>\n<meta name=\"robots\" content=\"index, follow, max-snippet:-1, max-image-preview:large, max-video-preview:-1\" \/>\n<link rel=\"canonical\" href=\"https:\/\/plazadetoroslamalagueta.com\/de\/die-stierkampfgala-verleiht-7-trophaeen-fuer-die-messe-malaga-2023\/\" \/>\n<meta property=\"og:locale\" content=\"de_DE\" \/>\n<meta property=\"og:type\" content=\"article\" \/>\n<meta property=\"og:title\" content=\"Feierlichkeiten zur Stierkampfgala von Malaga 2023\" \/>\n<meta property=\"og:description\" content=\"Stierkampfmesse von M\u00e1laga 2023 Preisverleihung | Entdecken Sie die besten Gewinner in den verschiedenen Kategorien - Plaza de Toros M\u00e1laga\" \/>\n<meta property=\"og:url\" content=\"https:\/\/plazadetoroslamalagueta.com\/de\/die-stierkampfgala-verleiht-7-trophaeen-fuer-die-messe-malaga-2023\/\" \/>\n<meta property=\"og:site_name\" content=\"Plaza de Toros La Malagueta\" \/>\n<meta property=\"article:published_time\" content=\"2023-11-15T10:27:00+00:00\" \/>\n<meta property=\"article:modified_time\" content=\"2025-01-15T12:09:44+00:00\" \/>\n<meta property=\"og:image\" content=\"https:\/\/plazadetoroslamalagueta.com\/wp-content\/uploads\/2023\/11\/fortes-estoque-de-plata-malaga-2023.webp\" \/>\n\t<meta property=\"og:image:width\" content=\"758\" \/>\n\t<meta property=\"og:image:height\" content=\"531\" \/>\n\t<meta property=\"og:image:type\" content=\"image\/webp\" \/>\n<meta name=\"author\" content=\"Marketing\" \/>\n<meta name=\"twitter:card\" content=\"summary_large_image\" \/>\n<meta name=\"twitter:label1\" content=\"Verfasst von\" \/>\n\t<meta name=\"twitter:data1\" content=\"Marketing\" \/>\n\t<meta name=\"twitter:label2\" content=\"Gesch\u00e4tzte Lesezeit\" \/>\n\t<meta name=\"twitter:data2\" content=\"3\u00a0Minuten\" \/>\n<script type=\"application\/ld+json\" class=\"yoast-schema-graph\">{\"@context\":\"https:\\\/\\\/schema.org\",\"@graph\":[{\"@type\":\"Article\",\"@id\":\"https:\\\/\\\/plazadetoroslamalagueta.com\\\/de\\\/die-stierkampfgala-verleiht-7-trophaeen-fuer-die-messe-malaga-2023\\\/#article\",\"isPartOf\":{\"@id\":\"https:\\\/\\\/plazadetoroslamalagueta.com\\\/de\\\/die-stierkampfgala-verleiht-7-trophaeen-fuer-die-messe-malaga-2023\\\/\"},\"author\":{\"name\":\"Marketing\",\"@id\":\"https:\\\/\\\/plazadetoroslamalagueta.com\\\/de\\\/#\\\/schema\\\/person\\\/38da8099bb302a43fd2c5eaec4713c5e\"},\"headline\":\"Die Stierkampfgala verleiht 7 Troph\u00e4en f\u00fcr die Messe Malaga 2023\",\"datePublished\":\"2023-11-15T10:27:00+00:00\",\"dateModified\":\"2025-01-15T12:09:44+00:00\",\"mainEntityOfPage\":{\"@id\":\"https:\\\/\\\/plazadetoroslamalagueta.com\\\/de\\\/die-stierkampfgala-verleiht-7-trophaeen-fuer-die-messe-malaga-2023\\\/\"},\"wordCount\":664,\"commentCount\":0,\"publisher\":{\"@id\":\"https:\\\/\\\/plazadetoroslamalagueta.com\\\/de\\\/#organization\"},\"image\":{\"@id\":\"https:\\\/\\\/plazadetoroslamalagueta.com\\\/de\\\/die-stierkampfgala-verleiht-7-trophaeen-fuer-die-messe-malaga-2023\\\/#primaryimage\"},\"thumbnailUrl\":\"https:\\\/\\\/plazadetoroslamalagueta.com\\\/wp-content\\\/uploads\\\/2023\\\/11\\\/fortes-estoque-de-plata-malaga-2023.webp\",\"articleSection\":[\"\u00dcber den Platz\"],\"inLanguage\":\"de\",\"potentialAction\":[{\"@type\":\"CommentAction\",\"name\":\"Comment\",\"target\":[\"https:\\\/\\\/plazadetoroslamalagueta.com\\\/de\\\/die-stierkampfgala-verleiht-7-trophaeen-fuer-die-messe-malaga-2023\\\/#respond\"]}]},{\"@type\":\"WebPage\",\"@id\":\"https:\\\/\\\/plazadetoroslamalagueta.com\\\/de\\\/die-stierkampfgala-verleiht-7-trophaeen-fuer-die-messe-malaga-2023\\\/\",\"url\":\"https:\\\/\\\/plazadetoroslamalagueta.com\\\/de\\\/die-stierkampfgala-verleiht-7-trophaeen-fuer-die-messe-malaga-2023\\\/\",\"name\":\"Feierlichkeiten zur Stierkampfgala von Malaga 2023\",\"isPartOf\":{\"@id\":\"https:\\\/\\\/plazadetoroslamalagueta.com\\\/de\\\/#website\"},\"primaryImageOfPage\":{\"@id\":\"https:\\\/\\\/plazadetoroslamalagueta.com\\\/de\\\/die-stierkampfgala-verleiht-7-trophaeen-fuer-die-messe-malaga-2023\\\/#primaryimage\"},\"image\":{\"@id\":\"https:\\\/\\\/plazadetoroslamalagueta.com\\\/de\\\/die-stierkampfgala-verleiht-7-trophaeen-fuer-die-messe-malaga-2023\\\/#primaryimage\"},\"thumbnailUrl\":\"https:\\\/\\\/plazadetoroslamalagueta.com\\\/wp-content\\\/uploads\\\/2023\\\/11\\\/fortes-estoque-de-plata-malaga-2023.webp\",\"datePublished\":\"2023-11-15T10:27:00+00:00\",\"dateModified\":\"2025-01-15T12:09:44+00:00\",\"description\":\"Stierkampfmesse von M\u00e1laga 2023 Preisverleihung | Entdecken Sie die besten Gewinner in den verschiedenen Kategorien - Plaza de Toros M\u00e1laga\",\"breadcrumb\":{\"@id\":\"https:\\\/\\\/plazadetoroslamalagueta.com\\\/de\\\/die-stierkampfgala-verleiht-7-trophaeen-fuer-die-messe-malaga-2023\\\/#breadcrumb\"},\"inLanguage\":\"de\",\"potentialAction\":[{\"@type\":\"ReadAction\",\"target\":[\"https:\\\/\\\/plazadetoroslamalagueta.com\\\/de\\\/die-stierkampfgala-verleiht-7-trophaeen-fuer-die-messe-malaga-2023\\\/\"]}]},{\"@type\":\"ImageObject\",\"inLanguage\":\"de\",\"@id\":\"https:\\\/\\\/plazadetoroslamalagueta.com\\\/de\\\/die-stierkampfgala-verleiht-7-trophaeen-fuer-die-messe-malaga-2023\\\/#primaryimage\",\"url\":\"https:\\\/\\\/plazadetoroslamalagueta.com\\\/wp-content\\\/uploads\\\/2023\\\/11\\\/fortes-estoque-de-plata-malaga-2023.webp\",\"contentUrl\":\"https:\\\/\\\/plazadetoroslamalagueta.com\\\/wp-content\\\/uploads\\\/2023\\\/11\\\/fortes-estoque-de-plata-malaga-2023.webp\",\"width\":758,\"height\":531},{\"@type\":\"BreadcrumbList\",\"@id\":\"https:\\\/\\\/plazadetoroslamalagueta.com\\\/de\\\/die-stierkampfgala-verleiht-7-trophaeen-fuer-die-messe-malaga-2023\\\/#breadcrumb\",\"itemListElement\":[{\"@type\":\"ListItem\",\"position\":1,\"name\":\"Inicio\",\"item\":\"https:\\\/\\\/plazadetoroslamalagueta.com\\\/de\\\/\"},{\"@type\":\"ListItem\",\"position\":2,\"name\":\"Die Stierkampfgala verleiht 7 Troph\u00e4en f\u00fcr die Messe Malaga 2023\"}]},{\"@type\":\"WebSite\",\"@id\":\"https:\\\/\\\/plazadetoroslamalagueta.com\\\/de\\\/#website\",\"url\":\"https:\\\/\\\/plazadetoroslamalagueta.com\\\/de\\\/\",\"name\":\"Plaza de Toros de la Malagueta\",\"description\":\"La Plaza de Toros de M\u00e1laga, de nombre La Malagueta, es un edificio reconocido Bien de Inter\u00e9s Cultural, que ofrece visitas tur\u00edsticas y corridas de toros y otros tipos de espect\u00e1culo durante todo el a\u00f1o.\",\"publisher\":{\"@id\":\"https:\\\/\\\/plazadetoroslamalagueta.com\\\/de\\\/#organization\"},\"alternateName\":\"Plaza de Toros M\u00e1laga\",\"potentialAction\":[{\"@type\":\"SearchAction\",\"target\":{\"@type\":\"EntryPoint\",\"urlTemplate\":\"https:\\\/\\\/plazadetoroslamalagueta.com\\\/de\\\/?s={search_term_string}\"},\"query-input\":{\"@type\":\"PropertyValueSpecification\",\"valueRequired\":true,\"valueName\":\"search_term_string\"}}],\"inLanguage\":\"de\"},{\"@type\":\"Organization\",\"@id\":\"https:\\\/\\\/plazadetoroslamalagueta.com\\\/de\\\/#organization\",\"name\":\"Plaza de Toros la Malagueta\",\"url\":\"https:\\\/\\\/plazadetoroslamalagueta.com\\\/de\\\/\",\"logo\":{\"@type\":\"ImageObject\",\"inLanguage\":\"de\",\"@id\":\"https:\\\/\\\/plazadetoroslamalagueta.com\\\/de\\\/#\\\/schema\\\/logo\\\/image\\\/\",\"url\":\"https:\\\/\\\/plazadetoroslamalagueta.com\\\/wp-content\\\/uploads\\\/2024\\\/02\\\/Logo-plaza-toros.webp\",\"contentUrl\":\"https:\\\/\\\/plazadetoroslamalagueta.com\\\/wp-content\\\/uploads\\\/2024\\\/02\\\/Logo-plaza-toros.webp\",\"width\":100,\"height\":100,\"caption\":\"Plaza de Toros la Malagueta\"},\"image\":{\"@id\":\"https:\\\/\\\/plazadetoroslamalagueta.com\\\/de\\\/#\\\/schema\\\/logo\\\/image\\\/\"}},{\"@type\":\"Person\",\"@id\":\"https:\\\/\\\/plazadetoroslamalagueta.com\\\/de\\\/#\\\/schema\\\/person\\\/38da8099bb302a43fd2c5eaec4713c5e\",\"name\":\"Marketing\",\"image\":{\"@type\":\"ImageObject\",\"inLanguage\":\"de\",\"@id\":\"https:\\\/\\\/secure.gravatar.com\\\/avatar\\\/2c03e1a8691cff42cdbffdaf0b1a4a8d0203aaa61e9a18db2956bd6c8b777fd6?s=96&d=mm&r=g\",\"url\":\"https:\\\/\\\/secure.gravatar.com\\\/avatar\\\/2c03e1a8691cff42cdbffdaf0b1a4a8d0203aaa61e9a18db2956bd6c8b777fd6?s=96&d=mm&r=g\",\"contentUrl\":\"https:\\\/\\\/secure.gravatar.com\\\/avatar\\\/2c03e1a8691cff42cdbffdaf0b1a4a8d0203aaa61e9a18db2956bd6c8b777fd6?s=96&d=mm&r=g\",\"caption\":\"Marketing\"},\"url\":\"https:\\\/\\\/plazadetoroslamalagueta.com\\\/de\\\/author\\\/marketing\\\/\"}]}<\/script>\n<!-- \/ Yoast SEO plugin. -->","yoast_head_json":{"title":"Feierlichkeiten zur Stierkampfgala von Malaga 2023","description":"Stierkampfmesse von M\u00e1laga 2023 Preisverleihung | Entdecken Sie die besten Gewinner in den verschiedenen Kategorien - Plaza de Toros M\u00e1laga","robots":{"index":"index","follow":"follow","max-snippet":"max-snippet:-1","max-image-preview":"max-image-preview:large","max-video-preview":"max-video-preview:-1"},"canonical":"https:\/\/plazadetoroslamalagueta.com\/de\/die-stierkampfgala-verleiht-7-trophaeen-fuer-die-messe-malaga-2023\/","og_locale":"de_DE","og_type":"article","og_title":"Feierlichkeiten zur Stierkampfgala von Malaga 2023","og_description":"Stierkampfmesse von M\u00e1laga 2023 Preisverleihung | Entdecken Sie die besten Gewinner in den verschiedenen Kategorien - Plaza de Toros M\u00e1laga","og_url":"https:\/\/plazadetoroslamalagueta.com\/de\/die-stierkampfgala-verleiht-7-trophaeen-fuer-die-messe-malaga-2023\/","og_site_name":"Plaza de Toros La Malagueta","article_published_time":"2023-11-15T10:27:00+00:00","article_modified_time":"2025-01-15T12:09:44+00:00","og_image":[{"width":758,"height":531,"url":"https:\/\/plazadetoroslamalagueta.com\/wp-content\/uploads\/2023\/11\/fortes-estoque-de-plata-malaga-2023.webp","type":"image\/webp"}],"author":"Marketing","twitter_card":"summary_large_image","twitter_misc":{"Verfasst von":"Marketing","Gesch\u00e4tzte Lesezeit":"3\u00a0Minuten"},"schema":{"@context":"https:\/\/schema.org","@graph":[{"@type":"Article","@id":"https:\/\/plazadetoroslamalagueta.com\/de\/die-stierkampfgala-verleiht-7-trophaeen-fuer-die-messe-malaga-2023\/#article","isPartOf":{"@id":"https:\/\/plazadetoroslamalagueta.com\/de\/die-stierkampfgala-verleiht-7-trophaeen-fuer-die-messe-malaga-2023\/"},"author":{"name":"Marketing","@id":"https:\/\/plazadetoroslamalagueta.com\/de\/#\/schema\/person\/38da8099bb302a43fd2c5eaec4713c5e"},"headline":"Die Stierkampfgala verleiht 7 Troph\u00e4en f\u00fcr die Messe Malaga 2023","datePublished":"2023-11-15T10:27:00+00:00","dateModified":"2025-01-15T12:09:44+00:00","mainEntityOfPage":{"@id":"https:\/\/plazadetoroslamalagueta.com\/de\/die-stierkampfgala-verleiht-7-trophaeen-fuer-die-messe-malaga-2023\/"},"wordCount":664,"commentCount":0,"publisher":{"@id":"https:\/\/plazadetoroslamalagueta.com\/de\/#organization"},"image":{"@id":"https:\/\/plazadetoroslamalagueta.com\/de\/die-stierkampfgala-verleiht-7-trophaeen-fuer-die-messe-malaga-2023\/#primaryimage"},"thumbnailUrl":"https:\/\/plazadetoroslamalagueta.com\/wp-content\/uploads\/2023\/11\/fortes-estoque-de-plata-malaga-2023.webp","articleSection":["\u00dcber den Platz"],"inLanguage":"de","potentialAction":[{"@type":"CommentAction","name":"Comment","target":["https:\/\/plazadetoroslamalagueta.com\/de\/die-stierkampfgala-verleiht-7-trophaeen-fuer-die-messe-malaga-2023\/#respond"]}]},{"@type":"WebPage","@id":"https:\/\/plazadetoroslamalagueta.com\/de\/die-stierkampfgala-verleiht-7-trophaeen-fuer-die-messe-malaga-2023\/","url":"https:\/\/plazadetoroslamalagueta.com\/de\/die-stierkampfgala-verleiht-7-trophaeen-fuer-die-messe-malaga-2023\/","name":"Feierlichkeiten zur Stierkampfgala von Malaga 2023","isPartOf":{"@id":"https:\/\/plazadetoroslamalagueta.com\/de\/#website"},"primaryImageOfPage":{"@id":"https:\/\/plazadetoroslamalagueta.com\/de\/die-stierkampfgala-verleiht-7-trophaeen-fuer-die-messe-malaga-2023\/#primaryimage"},"image":{"@id":"https:\/\/plazadetoroslamalagueta.com\/de\/die-stierkampfgala-verleiht-7-trophaeen-fuer-die-messe-malaga-2023\/#primaryimage"},"thumbnailUrl":"https:\/\/plazadetoroslamalagueta.com\/wp-content\/uploads\/2023\/11\/fortes-estoque-de-plata-malaga-2023.webp","datePublished":"2023-11-15T10:27:00+00:00","dateModified":"2025-01-15T12:09:44+00:00","description":"Stierkampfmesse von M\u00e1laga 2023 Preisverleihung | Entdecken Sie die besten Gewinner in den verschiedenen Kategorien - Plaza de Toros M\u00e1laga","breadcrumb":{"@id":"https:\/\/plazadetoroslamalagueta.com\/de\/die-stierkampfgala-verleiht-7-trophaeen-fuer-die-messe-malaga-2023\/#breadcrumb"},"inLanguage":"de","potentialAction":[{"@type":"ReadAction","target":["https:\/\/plazadetoroslamalagueta.com\/de\/die-stierkampfgala-verleiht-7-trophaeen-fuer-die-messe-malaga-2023\/"]}]},{"@type":"ImageObject","inLanguage":"de","@id":"https:\/\/plazadetoroslamalagueta.com\/de\/die-stierkampfgala-verleiht-7-trophaeen-fuer-die-messe-malaga-2023\/#primaryimage","url":"https:\/\/plazadetoroslamalagueta.com\/wp-content\/uploads\/2023\/11\/fortes-estoque-de-plata-malaga-2023.webp","contentUrl":"https:\/\/plazadetoroslamalagueta.com\/wp-content\/uploads\/2023\/11\/fortes-estoque-de-plata-malaga-2023.webp","width":758,"height":531},{"@type":"BreadcrumbList","@id":"https:\/\/plazadetoroslamalagueta.com\/de\/die-stierkampfgala-verleiht-7-trophaeen-fuer-die-messe-malaga-2023\/#breadcrumb","itemListElement":[{"@type":"ListItem","position":1,"name":"Inicio","item":"https:\/\/plazadetoroslamalagueta.com\/de\/"},{"@type":"ListItem","position":2,"name":"Die Stierkampfgala verleiht 7 Troph\u00e4en f\u00fcr die Messe Malaga 2023"}]},{"@type":"WebSite","@id":"https:\/\/plazadetoroslamalagueta.com\/de\/#website","url":"https:\/\/plazadetoroslamalagueta.com\/de\/","name":"Plaza de Toros de la Malagueta","description":"La Plaza de Toros de M\u00e1laga, de nombre La Malagueta, es un edificio reconocido Bien de Inter\u00e9s Cultural, que ofrece visitas tur\u00edsticas y corridas de toros y otros tipos de espect\u00e1culo durante todo el a\u00f1o.","publisher":{"@id":"https:\/\/plazadetoroslamalagueta.com\/de\/#organization"},"alternateName":"Plaza de Toros M\u00e1laga","potentialAction":[{"@type":"SearchAction","target":{"@type":"EntryPoint","urlTemplate":"https:\/\/plazadetoroslamalagueta.com\/de\/?s={search_term_string}"},"query-input":{"@type":"PropertyValueSpecification","valueRequired":true,"valueName":"search_term_string"}}],"inLanguage":"de"},{"@type":"Organization","@id":"https:\/\/plazadetoroslamalagueta.com\/de\/#organization","name":"Plaza de Toros la Malagueta","url":"https:\/\/plazadetoroslamalagueta.com\/de\/","logo":{"@type":"ImageObject","inLanguage":"de","@id":"https:\/\/plazadetoroslamalagueta.com\/de\/#\/schema\/logo\/image\/","url":"https:\/\/plazadetoroslamalagueta.com\/wp-content\/uploads\/2024\/02\/Logo-plaza-toros.webp","contentUrl":"https:\/\/plazadetoroslamalagueta.com\/wp-content\/uploads\/2024\/02\/Logo-plaza-toros.webp","width":100,"height":100,"caption":"Plaza de Toros la Malagueta"},"image":{"@id":"https:\/\/plazadetoroslamalagueta.com\/de\/#\/schema\/logo\/image\/"}},{"@type":"Person","@id":"https:\/\/plazadetoroslamalagueta.com\/de\/#\/schema\/person\/38da8099bb302a43fd2c5eaec4713c5e","name":"Marketing","image":{"@type":"ImageObject","inLanguage":"de","@id":"https:\/\/secure.gravatar.com\/avatar\/2c03e1a8691cff42cdbffdaf0b1a4a8d0203aaa61e9a18db2956bd6c8b777fd6?s=96&d=mm&r=g","url":"https:\/\/secure.gravatar.com\/avatar\/2c03e1a8691cff42cdbffdaf0b1a4a8d0203aaa61e9a18db2956bd6c8b777fd6?s=96&d=mm&r=g","contentUrl":"https:\/\/secure.gravatar.com\/avatar\/2c03e1a8691cff42cdbffdaf0b1a4a8d0203aaa61e9a18db2956bd6c8b777fd6?s=96&d=mm&r=g","caption":"Marketing"},"url":"https:\/\/plazadetoroslamalagueta.com\/de\/author\/marketing\/"}]}},"_links":{"self":[{"href":"https:\/\/plazadetoroslamalagueta.com\/de\/wp-json\/wp\/v2\/posts\/22406","targetHints":{"allow":["GET"]}}],"collection":[{"href":"https:\/\/plazadetoroslamalagueta.com\/de\/wp-json\/wp\/v2\/posts"}],"about":[{"href":"https:\/\/plazadetoroslamalagueta.com\/de\/wp-json\/wp\/v2\/types\/post"}],"author":[{"embeddable":true,"href":"https:\/\/plazadetoroslamalagueta.com\/de\/wp-json\/wp\/v2\/users\/4"}],"replies":[{"embeddable":true,"href":"https:\/\/plazadetoroslamalagueta.com\/de\/wp-json\/wp\/v2\/comments?post=22406"}],"version-history":[{"count":1,"href":"https:\/\/plazadetoroslamalagueta.com\/de\/wp-json\/wp\/v2\/posts\/22406\/revisions"}],"predecessor-version":[{"id":22419,"href":"https:\/\/plazadetoroslamalagueta.com\/de\/wp-json\/wp\/v2\/posts\/22406\/revisions\/22419"}],"wp:featuredmedia":[{"embeddable":true,"href":"https:\/\/plazadetoroslamalagueta.com\/de\/wp-json\/wp\/v2\/media\/22408"}],"wp:attachment":[{"href":"https:\/\/plazadetoroslamalagueta.com\/de\/wp-json\/wp\/v2\/media?parent=22406"}],"wp:term":[{"taxonomy":"category","embeddable":true,"href":"https:\/\/plazadetoroslamalagueta.com\/de\/wp-json\/wp\/v2\/categories?post=22406"},{"taxonomy":"post_tag","embeddable":true,"href":"https:\/\/plazadetoroslamalagueta.com\/de\/wp-json\/wp\/v2\/tags?post=22406"}],"curies":[{"name":"wp","href":"https:\/\/api.w.org\/{rel}","templated":true}]}}