{"id":22375,"date":"2024-06-13T16:53:47","date_gmt":"2024-06-13T14:53:47","guid":{"rendered":"https:\/\/plazadetoroslamalagueta.com\/praesentation-der-august-messe-2024\/"},"modified":"2025-01-15T13:09:44","modified_gmt":"2025-01-15T12:09:44","slug":"praesentation-der-august-messe-2024","status":"publish","type":"post","link":"https:\/\/plazadetoroslamalagueta.com\/de\/praesentation-der-august-messe-2024\/","title":{"rendered":"Pr\u00e4sentation der August-Messe 2024"},"content":{"rendered":"<section class=\"l-section wpb_row height_medium\"><div class=\"l-section-h i-cf\"><div class=\"g-cols vc_row via_grid cols_1 laptops-cols_inherit tablets-cols_inherit mobiles-cols_1 valign_top type_default stacking_default\"><div class=\"wpb_column vc_column_container\"><div class=\"vc_column-inner\">[vc_custom_heading source=&#8220;post_title&#8220; font_container=&#8220;tag:h1|text_align:left&#8220;]<div class=\"w-image align_none\"><div class=\"w-image-h\"><img decoding=\"async\" width=\"1024\" height=\"768\" src=\"https:\/\/plazadetoroslamalagueta.com\/wp-content\/uploads\/2024\/06\/presentacion-feria-agosto-1024x768.jpg\" class=\"attachment-large size-large\" alt=\"\" loading=\"lazy\" srcset=\"https:\/\/plazadetoroslamalagueta.com\/wp-content\/uploads\/2024\/06\/presentacion-feria-agosto-1024x768.jpg 1024w, https:\/\/plazadetoroslamalagueta.com\/wp-content\/uploads\/2024\/06\/presentacion-feria-agosto-300x225.jpg 300w, https:\/\/plazadetoroslamalagueta.com\/wp-content\/uploads\/2024\/06\/presentacion-feria-agosto.jpg 1100w\" sizes=\"auto, (max-width: 1024px) 100vw, 1024px\" \/><\/div><\/div><\/div><\/div><\/div><\/div><\/section><section class=\"l-section wpb_row height_medium\"><div class=\"l-section-h i-cf\"><div class=\"g-cols vc_row via_grid cols_1 laptops-cols_inherit tablets-cols_inherit mobiles-cols_1 valign_top type_default stacking_default\"><div class=\"wpb_column vc_column_container\"><div class=\"vc_column-inner\"><div class=\"wpb_text_column\"><div class=\"wpb_wrapper\"><p>Vom 14. bis 20. August findet die Stierkampfmesse Malaga 2024 statt, die eine Hommage an Francisco Rivera Paquirri zu seinem 40. Todestag mit der Teilnahme seines Sohnes Cayetano Rivera in der Picassiana sein wird, einer der f\u00fcnf geplanten Stierk\u00e4mpfe, zu denen auch ein Mann-gegen-Mann zwischen Roca Rey und Fortes und der Abschied von Enrique Ponce geh\u00f6ren.<br \/>\nAu\u00dferdem gibt es eine Novillada mit Picadores und einen Stierkampf mit Stierk\u00e4mpfern. Vom 21. bis 24. August findet der 17. internationale Wettbewerb der Stierkampfschulen von La Malagueta statt. Dies gab der Pr\u00e4sident der Provinzregierung von M\u00e1laga, Francisco Salado, gemeinsam mit der Stadtr\u00e4tin f\u00fcr Festlichkeiten der Stadt M\u00e1laga, Teresa Porras, der territorialen Delegierten f\u00fcr Justiz und lokale Verwaltung der Junta de Andaluc\u00eda, Teresa Pardo, und dem Unternehmer von Lances de Futuro, Jos\u00e9 Mar\u00eda Garz\u00f3n, w\u00e4hrend der Pr\u00e4sentationszeremonie im Saal Isabel Oyarz\u00e1bal der Provinzregierung bekannt, bei der auch einige der Teilnehmer der Messe, Vertreter der verschiedenen Stierkampfgruppen der Provinz und Fans anwesend waren. Im Mittelpunkt der Preisverleihung stand die Ehrung von Francisco Rivera Paquirri, einer historischen Figur des Stierkampfes, anl\u00e4sslich seines 40. Todestages in Pozoblanco. Aus diesem Grund war Cayetano Rivera, einer der S\u00f6hne des verstorbenen Paquirri, anwesend, und es wurden unver\u00f6ffentlichte Bilder aus der Filmoteca de Andaluc\u00eda (Andalusische Filmbibliothek) gezeigt, auf denen der Stierk\u00e4mpfer aus Barbate beim Stierkampf in der Stierkampfarena von M\u00e1laga zu sehen ist.<\/p>\n<p>Pers\u00f6nliche Freunde Paquirris, wie Francisco Ceballos und Antonio Hidalgo, \u00e4u\u00dferten sich ebenfalls zu ihren Erlebnissen und Erfahrungen mit Paquirri. Francisco Salado hob die Schwierigkeit hervor, die Plakate f\u00fcr diese Messe zusammenzustellen, &#8222;die alle Zutaten hat, um ein durchschlagender Erfolg zu werden, wie es im letzten Jahr der Fall war&#8220;. Der Impresario von Lances de Futuro, Jos\u00e9 Mar\u00eda Garz\u00f3n, betonte seinerseits, dass &#8222;wir eine Messe mit Stierkampfstars und jungen Stierkampftalenten konzipiert haben. Die Verabschiedung eines Stierk\u00e4mpfers vom Format eines Enrique Ponce, Protagonist gro\u00dfer Momente in La Malagueta; der Gewinner von San Isidro, Borja Jim\u00e9nez; der Offenbarungsstierk\u00e4mpfer in Las Ventas, David Galv\u00e1n, und die Gelegenheit f\u00fcr einen Stierk\u00e4mpfer aus M\u00e1laga, Orozco, im Stierkampf und zwei junge Novilleros im Stierkampf-Stierkampf&#8220;. &#8222;Eine Messe, bei der wir Juan Ortega haben, der den besten Stierkampf der Messe von Sevilla oder Morante durchgef\u00fchrt hat, soll im August in La Malagueta stattfinden&#8220;, sagte Garz\u00f3n. &#8222;Wir werden die Corrida Picassiana veranstalten, die an Ostern wegen des Regens nicht stattfinden konnte. Wir erwarten einen au\u00dfergew\u00f6hnlichen Stierkampf, bei dem die Stierkampfarena wie bei jeder Picassiana mit einer besonderen Dekoration von Pedro Sandoval, einem der bedeutendsten K\u00fcnstler der plastischen K\u00fcnste und des abstrakten Stils, geschm\u00fcckt sein wird, und das Symphonieorchester von M\u00e1laga wird dieses Ereignis musikalisch untermalen&#8220;. Garz\u00f3n hat den Aspekt der Viehzucht hervorgehoben, &#8222;eine Messe mit einer Vielzahl von Rassen und gro\u00dfen Rinderherden&#8220;. &#8222;Und als Kr\u00f6nung des Ganzen ein hochkar\u00e4tiges Mano a Mano mit der Spitzenfigur des Stierkampfes von Roca Rey und Fortes, dem siegreichen Stierk\u00e4mpfer von M\u00e1laga&#8220;, so der Gesch\u00e4ftsmann.<br \/>\n&#8222;Was die Preise angeht, so kostet ein Ticket im Schatten f\u00fcr Dauerkarteninhaber 50 Euro, w\u00e4hrend Sie auf den sonnigen Pl\u00e4tzen Karten ab 15 Euro kaufen k\u00f6nnen&#8220;, sagte Garz\u00f3n. Was die Hommage an Paquirri angeht, sagte Garz\u00f3n, dass &#8222;wir eine Stierkampfpers\u00f6nlichkeit wie Paquirri zum 40. Jahrestag seines Todes ehren wollten&#8220;.<\/p>\n<\/div><\/div><\/div><\/div><\/div><\/div><\/section><section class=\"l-section wpb_row height_medium\"><div class=\"l-section-h i-cf\"><div class=\"g-cols vc_row via_grid cols_1 laptops-cols_inherit tablets-cols_inherit mobiles-cols_1 valign_top type_default stacking_default\"><div class=\"wpb_column vc_column_container\"><div class=\"vc_column-inner\"><div class=\"wpb_text_column\"><div class=\"wpb_wrapper\"><p style=\"text-align: center;\">\n<table id=\"tablepress-1\" class=\"tablepress tablepress-id-1\">\n<thead>\n<tr class=\"row-1\">\n\t<th class=\"column-1\">Evento<\/th><th class=\"column-2\">D\u00eda<\/th><th class=\"column-3\">Toreros que participan<\/th>\n<\/tr>\n<\/thead>\n<tbody class=\"row-striping row-hover\">\n<tr class=\"row-2\">\n\t<td class=\"column-1\">Festival ben\u00e9fico<\/td><td class=\"column-2\">6 Junio<\/td><td class=\"column-3\">Por confirmar<\/td>\n<\/tr>\n<tr class=\"row-3\">\n\t<td class=\"column-1\">Corrida toros 150 aniversario<\/td><td class=\"column-2\">7 Junio<\/td><td class=\"column-3\">Por confirmar<\/td>\n<\/tr>\n<tr class=\"row-4\">\n\t<td class=\"column-1\">Concurso de recortes<\/td><td class=\"column-2\">13 Junio<\/td><td class=\"column-3\">Por confirmar<\/td>\n<\/tr>\n<tr class=\"row-5\">\n\t<td class=\"column-1\">Novilladas<\/td><td class=\"column-2\">14 Junio<\/td><td class=\"column-3\">Por confirmar<\/td>\n<\/tr>\n<\/tbody>\n<\/table>\n<!-- #tablepress-1 from cache --><\/p>\n<\/div><\/div><\/div><\/div><\/div><\/div><\/section>\n","protected":false},"excerpt":{"rendered":"[vc_custom_heading source=\"post_title\" font_container=\"tag:h1|text_align:left\"]Vom 14. bis 20. August findet die Stierkampfmesse Malaga 2024 statt, die eine Hommage an Francisco Rivera Paquirri zu seinem 40. Todestag mit der Teilnahme seines Sohnes Cayetano Rivera in der Picassiana sein wird, einer der f\u00fcnf geplanten Stierk\u00e4mpfe, zu denen auch ein Mann-gegen-Mann zwischen Roca Rey und Fortes und der Abschied von...","protected":false},"author":4,"featured_media":22376,"comment_status":"open","ping_status":"open","sticky":false,"template":"","format":"standard","meta":{"footnotes":""},"categories":[557],"tags":[],"class_list":["post-22375","post","type-post","status-publish","format-standard","has-post-thumbnail","hentry","category-uber-den-platz"],"yoast_head":"<!-- This site is optimized with the Yoast SEO plugin v27.4 - https:\/\/yoast.com\/product\/yoast-seo-wordpress\/ -->\n<title>Pr\u00e4sentation der Feria de Agosto 2024 : Stierkampfarena M\u00e1laga<\/title>\n<meta name=\"description\" content=\"Das neue Programm f\u00fcr das Stierkampf-Festival im August in der Stierkampfarena von Malagueta wurde bekannt gegeben. Entdecken Sie die teilnehmenden Stierk\u00e4mpfer!\" \/>\n<meta name=\"robots\" content=\"index, follow, max-snippet:-1, max-image-preview:large, max-video-preview:-1\" \/>\n<link rel=\"canonical\" href=\"https:\/\/plazadetoroslamalagueta.com\/de\/praesentation-der-august-messe-2024\/\" \/>\n<meta property=\"og:locale\" content=\"de_DE\" \/>\n<meta property=\"og:type\" content=\"article\" \/>\n<meta property=\"og:title\" content=\"Pr\u00e4sentation der Feria de Agosto 2024 : Stierkampfarena M\u00e1laga\" \/>\n<meta property=\"og:description\" content=\"Das neue Programm f\u00fcr das Stierkampf-Festival im August in der Stierkampfarena von Malagueta wurde bekannt gegeben. Entdecken Sie die teilnehmenden Stierk\u00e4mpfer!\" \/>\n<meta property=\"og:url\" content=\"https:\/\/plazadetoroslamalagueta.com\/de\/praesentation-der-august-messe-2024\/\" \/>\n<meta property=\"og:site_name\" content=\"Plaza de Toros La Malagueta\" \/>\n<meta property=\"article:published_time\" content=\"2024-06-13T14:53:47+00:00\" \/>\n<meta property=\"article:modified_time\" content=\"2025-01-15T12:09:44+00:00\" \/>\n<meta property=\"og:image\" content=\"https:\/\/plazadetoroslamalagueta.com\/wp-content\/uploads\/2024\/06\/presentacion-feria-agosto.jpg\" \/>\n\t<meta property=\"og:image:width\" content=\"1100\" \/>\n\t<meta property=\"og:image:height\" content=\"825\" \/>\n\t<meta property=\"og:image:type\" content=\"image\/jpeg\" \/>\n<meta name=\"author\" content=\"Marketing\" \/>\n<meta name=\"twitter:card\" content=\"summary_large_image\" \/>\n<meta name=\"twitter:label1\" content=\"Verfasst von\" \/>\n\t<meta name=\"twitter:data1\" content=\"Marketing\" \/>\n\t<meta name=\"twitter:label2\" content=\"Gesch\u00e4tzte Lesezeit\" \/>\n\t<meta name=\"twitter:data2\" content=\"3\u00a0Minuten\" \/>\n<script type=\"application\/ld+json\" class=\"yoast-schema-graph\">{\"@context\":\"https:\\\/\\\/schema.org\",\"@graph\":[{\"@type\":\"Article\",\"@id\":\"https:\\\/\\\/plazadetoroslamalagueta.com\\\/de\\\/praesentation-der-august-messe-2024\\\/#article\",\"isPartOf\":{\"@id\":\"https:\\\/\\\/plazadetoroslamalagueta.com\\\/de\\\/praesentation-der-august-messe-2024\\\/\"},\"author\":{\"name\":\"Marketing\",\"@id\":\"https:\\\/\\\/plazadetoroslamalagueta.com\\\/de\\\/#\\\/schema\\\/person\\\/38da8099bb302a43fd2c5eaec4713c5e\"},\"headline\":\"Pr\u00e4sentation der August-Messe 2024\",\"datePublished\":\"2024-06-13T14:53:47+00:00\",\"dateModified\":\"2025-01-15T12:09:44+00:00\",\"mainEntityOfPage\":{\"@id\":\"https:\\\/\\\/plazadetoroslamalagueta.com\\\/de\\\/praesentation-der-august-messe-2024\\\/\"},\"wordCount\":628,\"commentCount\":0,\"publisher\":{\"@id\":\"https:\\\/\\\/plazadetoroslamalagueta.com\\\/de\\\/#organization\"},\"image\":{\"@id\":\"https:\\\/\\\/plazadetoroslamalagueta.com\\\/de\\\/praesentation-der-august-messe-2024\\\/#primaryimage\"},\"thumbnailUrl\":\"https:\\\/\\\/plazadetoroslamalagueta.com\\\/wp-content\\\/uploads\\\/2024\\\/06\\\/presentacion-feria-agosto.jpg\",\"articleSection\":[\"\u00dcber den Platz\"],\"inLanguage\":\"de\",\"potentialAction\":[{\"@type\":\"CommentAction\",\"name\":\"Comment\",\"target\":[\"https:\\\/\\\/plazadetoroslamalagueta.com\\\/de\\\/praesentation-der-august-messe-2024\\\/#respond\"]}]},{\"@type\":\"WebPage\",\"@id\":\"https:\\\/\\\/plazadetoroslamalagueta.com\\\/de\\\/praesentation-der-august-messe-2024\\\/\",\"url\":\"https:\\\/\\\/plazadetoroslamalagueta.com\\\/de\\\/praesentation-der-august-messe-2024\\\/\",\"name\":\"Pr\u00e4sentation der Feria de Agosto 2024 : Stierkampfarena M\u00e1laga\",\"isPartOf\":{\"@id\":\"https:\\\/\\\/plazadetoroslamalagueta.com\\\/de\\\/#website\"},\"primaryImageOfPage\":{\"@id\":\"https:\\\/\\\/plazadetoroslamalagueta.com\\\/de\\\/praesentation-der-august-messe-2024\\\/#primaryimage\"},\"image\":{\"@id\":\"https:\\\/\\\/plazadetoroslamalagueta.com\\\/de\\\/praesentation-der-august-messe-2024\\\/#primaryimage\"},\"thumbnailUrl\":\"https:\\\/\\\/plazadetoroslamalagueta.com\\\/wp-content\\\/uploads\\\/2024\\\/06\\\/presentacion-feria-agosto.jpg\",\"datePublished\":\"2024-06-13T14:53:47+00:00\",\"dateModified\":\"2025-01-15T12:09:44+00:00\",\"description\":\"Das neue Programm f\u00fcr das Stierkampf-Festival im August in der Stierkampfarena von Malagueta wurde bekannt gegeben. Entdecken Sie die teilnehmenden Stierk\u00e4mpfer!\",\"breadcrumb\":{\"@id\":\"https:\\\/\\\/plazadetoroslamalagueta.com\\\/de\\\/praesentation-der-august-messe-2024\\\/#breadcrumb\"},\"inLanguage\":\"de\",\"potentialAction\":[{\"@type\":\"ReadAction\",\"target\":[\"https:\\\/\\\/plazadetoroslamalagueta.com\\\/de\\\/praesentation-der-august-messe-2024\\\/\"]}]},{\"@type\":\"ImageObject\",\"inLanguage\":\"de\",\"@id\":\"https:\\\/\\\/plazadetoroslamalagueta.com\\\/de\\\/praesentation-der-august-messe-2024\\\/#primaryimage\",\"url\":\"https:\\\/\\\/plazadetoroslamalagueta.com\\\/wp-content\\\/uploads\\\/2024\\\/06\\\/presentacion-feria-agosto.jpg\",\"contentUrl\":\"https:\\\/\\\/plazadetoroslamalagueta.com\\\/wp-content\\\/uploads\\\/2024\\\/06\\\/presentacion-feria-agosto.jpg\",\"width\":1100,\"height\":825},{\"@type\":\"BreadcrumbList\",\"@id\":\"https:\\\/\\\/plazadetoroslamalagueta.com\\\/de\\\/praesentation-der-august-messe-2024\\\/#breadcrumb\",\"itemListElement\":[{\"@type\":\"ListItem\",\"position\":1,\"name\":\"Inicio\",\"item\":\"https:\\\/\\\/plazadetoroslamalagueta.com\\\/de\\\/\"},{\"@type\":\"ListItem\",\"position\":2,\"name\":\"Pr\u00e4sentation der August-Messe 2024\"}]},{\"@type\":\"WebSite\",\"@id\":\"https:\\\/\\\/plazadetoroslamalagueta.com\\\/de\\\/#website\",\"url\":\"https:\\\/\\\/plazadetoroslamalagueta.com\\\/de\\\/\",\"name\":\"Plaza de Toros de la Malagueta\",\"description\":\"La Plaza de Toros de M\u00e1laga, de nombre La Malagueta, es un edificio reconocido Bien de Inter\u00e9s Cultural, que ofrece visitas tur\u00edsticas y corridas de toros y otros tipos de espect\u00e1culo durante todo el a\u00f1o.\",\"publisher\":{\"@id\":\"https:\\\/\\\/plazadetoroslamalagueta.com\\\/de\\\/#organization\"},\"alternateName\":\"Plaza de Toros M\u00e1laga\",\"potentialAction\":[{\"@type\":\"SearchAction\",\"target\":{\"@type\":\"EntryPoint\",\"urlTemplate\":\"https:\\\/\\\/plazadetoroslamalagueta.com\\\/de\\\/?s={search_term_string}\"},\"query-input\":{\"@type\":\"PropertyValueSpecification\",\"valueRequired\":true,\"valueName\":\"search_term_string\"}}],\"inLanguage\":\"de\"},{\"@type\":\"Organization\",\"@id\":\"https:\\\/\\\/plazadetoroslamalagueta.com\\\/de\\\/#organization\",\"name\":\"Plaza de Toros la Malagueta\",\"url\":\"https:\\\/\\\/plazadetoroslamalagueta.com\\\/de\\\/\",\"logo\":{\"@type\":\"ImageObject\",\"inLanguage\":\"de\",\"@id\":\"https:\\\/\\\/plazadetoroslamalagueta.com\\\/de\\\/#\\\/schema\\\/logo\\\/image\\\/\",\"url\":\"https:\\\/\\\/plazadetoroslamalagueta.com\\\/wp-content\\\/uploads\\\/2024\\\/02\\\/Logo-plaza-toros.webp\",\"contentUrl\":\"https:\\\/\\\/plazadetoroslamalagueta.com\\\/wp-content\\\/uploads\\\/2024\\\/02\\\/Logo-plaza-toros.webp\",\"width\":100,\"height\":100,\"caption\":\"Plaza de Toros la Malagueta\"},\"image\":{\"@id\":\"https:\\\/\\\/plazadetoroslamalagueta.com\\\/de\\\/#\\\/schema\\\/logo\\\/image\\\/\"}},{\"@type\":\"Person\",\"@id\":\"https:\\\/\\\/plazadetoroslamalagueta.com\\\/de\\\/#\\\/schema\\\/person\\\/38da8099bb302a43fd2c5eaec4713c5e\",\"name\":\"Marketing\",\"image\":{\"@type\":\"ImageObject\",\"inLanguage\":\"de\",\"@id\":\"https:\\\/\\\/secure.gravatar.com\\\/avatar\\\/2c03e1a8691cff42cdbffdaf0b1a4a8d0203aaa61e9a18db2956bd6c8b777fd6?s=96&d=mm&r=g\",\"url\":\"https:\\\/\\\/secure.gravatar.com\\\/avatar\\\/2c03e1a8691cff42cdbffdaf0b1a4a8d0203aaa61e9a18db2956bd6c8b777fd6?s=96&d=mm&r=g\",\"contentUrl\":\"https:\\\/\\\/secure.gravatar.com\\\/avatar\\\/2c03e1a8691cff42cdbffdaf0b1a4a8d0203aaa61e9a18db2956bd6c8b777fd6?s=96&d=mm&r=g\",\"caption\":\"Marketing\"},\"url\":\"https:\\\/\\\/plazadetoroslamalagueta.com\\\/de\\\/author\\\/marketing\\\/\"}]}<\/script>\n<!-- \/ Yoast SEO plugin. -->","yoast_head_json":{"title":"Pr\u00e4sentation der Feria de Agosto 2024 : Stierkampfarena M\u00e1laga","description":"Das neue Programm f\u00fcr das Stierkampf-Festival im August in der Stierkampfarena von Malagueta wurde bekannt gegeben. Entdecken Sie die teilnehmenden Stierk\u00e4mpfer!","robots":{"index":"index","follow":"follow","max-snippet":"max-snippet:-1","max-image-preview":"max-image-preview:large","max-video-preview":"max-video-preview:-1"},"canonical":"https:\/\/plazadetoroslamalagueta.com\/de\/praesentation-der-august-messe-2024\/","og_locale":"de_DE","og_type":"article","og_title":"Pr\u00e4sentation der Feria de Agosto 2024 : Stierkampfarena M\u00e1laga","og_description":"Das neue Programm f\u00fcr das Stierkampf-Festival im August in der Stierkampfarena von Malagueta wurde bekannt gegeben. Entdecken Sie die teilnehmenden Stierk\u00e4mpfer!","og_url":"https:\/\/plazadetoroslamalagueta.com\/de\/praesentation-der-august-messe-2024\/","og_site_name":"Plaza de Toros La Malagueta","article_published_time":"2024-06-13T14:53:47+00:00","article_modified_time":"2025-01-15T12:09:44+00:00","og_image":[{"width":1100,"height":825,"url":"https:\/\/plazadetoroslamalagueta.com\/wp-content\/uploads\/2024\/06\/presentacion-feria-agosto.jpg","type":"image\/jpeg"}],"author":"Marketing","twitter_card":"summary_large_image","twitter_misc":{"Verfasst von":"Marketing","Gesch\u00e4tzte Lesezeit":"3\u00a0Minuten"},"schema":{"@context":"https:\/\/schema.org","@graph":[{"@type":"Article","@id":"https:\/\/plazadetoroslamalagueta.com\/de\/praesentation-der-august-messe-2024\/#article","isPartOf":{"@id":"https:\/\/plazadetoroslamalagueta.com\/de\/praesentation-der-august-messe-2024\/"},"author":{"name":"Marketing","@id":"https:\/\/plazadetoroslamalagueta.com\/de\/#\/schema\/person\/38da8099bb302a43fd2c5eaec4713c5e"},"headline":"Pr\u00e4sentation der August-Messe 2024","datePublished":"2024-06-13T14:53:47+00:00","dateModified":"2025-01-15T12:09:44+00:00","mainEntityOfPage":{"@id":"https:\/\/plazadetoroslamalagueta.com\/de\/praesentation-der-august-messe-2024\/"},"wordCount":628,"commentCount":0,"publisher":{"@id":"https:\/\/plazadetoroslamalagueta.com\/de\/#organization"},"image":{"@id":"https:\/\/plazadetoroslamalagueta.com\/de\/praesentation-der-august-messe-2024\/#primaryimage"},"thumbnailUrl":"https:\/\/plazadetoroslamalagueta.com\/wp-content\/uploads\/2024\/06\/presentacion-feria-agosto.jpg","articleSection":["\u00dcber den Platz"],"inLanguage":"de","potentialAction":[{"@type":"CommentAction","name":"Comment","target":["https:\/\/plazadetoroslamalagueta.com\/de\/praesentation-der-august-messe-2024\/#respond"]}]},{"@type":"WebPage","@id":"https:\/\/plazadetoroslamalagueta.com\/de\/praesentation-der-august-messe-2024\/","url":"https:\/\/plazadetoroslamalagueta.com\/de\/praesentation-der-august-messe-2024\/","name":"Pr\u00e4sentation der Feria de Agosto 2024 : Stierkampfarena M\u00e1laga","isPartOf":{"@id":"https:\/\/plazadetoroslamalagueta.com\/de\/#website"},"primaryImageOfPage":{"@id":"https:\/\/plazadetoroslamalagueta.com\/de\/praesentation-der-august-messe-2024\/#primaryimage"},"image":{"@id":"https:\/\/plazadetoroslamalagueta.com\/de\/praesentation-der-august-messe-2024\/#primaryimage"},"thumbnailUrl":"https:\/\/plazadetoroslamalagueta.com\/wp-content\/uploads\/2024\/06\/presentacion-feria-agosto.jpg","datePublished":"2024-06-13T14:53:47+00:00","dateModified":"2025-01-15T12:09:44+00:00","description":"Das neue Programm f\u00fcr das Stierkampf-Festival im August in der Stierkampfarena von Malagueta wurde bekannt gegeben. Entdecken Sie die teilnehmenden Stierk\u00e4mpfer!","breadcrumb":{"@id":"https:\/\/plazadetoroslamalagueta.com\/de\/praesentation-der-august-messe-2024\/#breadcrumb"},"inLanguage":"de","potentialAction":[{"@type":"ReadAction","target":["https:\/\/plazadetoroslamalagueta.com\/de\/praesentation-der-august-messe-2024\/"]}]},{"@type":"ImageObject","inLanguage":"de","@id":"https:\/\/plazadetoroslamalagueta.com\/de\/praesentation-der-august-messe-2024\/#primaryimage","url":"https:\/\/plazadetoroslamalagueta.com\/wp-content\/uploads\/2024\/06\/presentacion-feria-agosto.jpg","contentUrl":"https:\/\/plazadetoroslamalagueta.com\/wp-content\/uploads\/2024\/06\/presentacion-feria-agosto.jpg","width":1100,"height":825},{"@type":"BreadcrumbList","@id":"https:\/\/plazadetoroslamalagueta.com\/de\/praesentation-der-august-messe-2024\/#breadcrumb","itemListElement":[{"@type":"ListItem","position":1,"name":"Inicio","item":"https:\/\/plazadetoroslamalagueta.com\/de\/"},{"@type":"ListItem","position":2,"name":"Pr\u00e4sentation der August-Messe 2024"}]},{"@type":"WebSite","@id":"https:\/\/plazadetoroslamalagueta.com\/de\/#website","url":"https:\/\/plazadetoroslamalagueta.com\/de\/","name":"Plaza de Toros de la Malagueta","description":"La Plaza de Toros de M\u00e1laga, de nombre La Malagueta, es un edificio reconocido Bien de Inter\u00e9s Cultural, que ofrece visitas tur\u00edsticas y corridas de toros y otros tipos de espect\u00e1culo durante todo el a\u00f1o.","publisher":{"@id":"https:\/\/plazadetoroslamalagueta.com\/de\/#organization"},"alternateName":"Plaza de Toros M\u00e1laga","potentialAction":[{"@type":"SearchAction","target":{"@type":"EntryPoint","urlTemplate":"https:\/\/plazadetoroslamalagueta.com\/de\/?s={search_term_string}"},"query-input":{"@type":"PropertyValueSpecification","valueRequired":true,"valueName":"search_term_string"}}],"inLanguage":"de"},{"@type":"Organization","@id":"https:\/\/plazadetoroslamalagueta.com\/de\/#organization","name":"Plaza de Toros la Malagueta","url":"https:\/\/plazadetoroslamalagueta.com\/de\/","logo":{"@type":"ImageObject","inLanguage":"de","@id":"https:\/\/plazadetoroslamalagueta.com\/de\/#\/schema\/logo\/image\/","url":"https:\/\/plazadetoroslamalagueta.com\/wp-content\/uploads\/2024\/02\/Logo-plaza-toros.webp","contentUrl":"https:\/\/plazadetoroslamalagueta.com\/wp-content\/uploads\/2024\/02\/Logo-plaza-toros.webp","width":100,"height":100,"caption":"Plaza de Toros la Malagueta"},"image":{"@id":"https:\/\/plazadetoroslamalagueta.com\/de\/#\/schema\/logo\/image\/"}},{"@type":"Person","@id":"https:\/\/plazadetoroslamalagueta.com\/de\/#\/schema\/person\/38da8099bb302a43fd2c5eaec4713c5e","name":"Marketing","image":{"@type":"ImageObject","inLanguage":"de","@id":"https:\/\/secure.gravatar.com\/avatar\/2c03e1a8691cff42cdbffdaf0b1a4a8d0203aaa61e9a18db2956bd6c8b777fd6?s=96&d=mm&r=g","url":"https:\/\/secure.gravatar.com\/avatar\/2c03e1a8691cff42cdbffdaf0b1a4a8d0203aaa61e9a18db2956bd6c8b777fd6?s=96&d=mm&r=g","contentUrl":"https:\/\/secure.gravatar.com\/avatar\/2c03e1a8691cff42cdbffdaf0b1a4a8d0203aaa61e9a18db2956bd6c8b777fd6?s=96&d=mm&r=g","caption":"Marketing"},"url":"https:\/\/plazadetoroslamalagueta.com\/de\/author\/marketing\/"}]}},"_links":{"self":[{"href":"https:\/\/plazadetoroslamalagueta.com\/de\/wp-json\/wp\/v2\/posts\/22375","targetHints":{"allow":["GET"]}}],"collection":[{"href":"https:\/\/plazadetoroslamalagueta.com\/de\/wp-json\/wp\/v2\/posts"}],"about":[{"href":"https:\/\/plazadetoroslamalagueta.com\/de\/wp-json\/wp\/v2\/types\/post"}],"author":[{"embeddable":true,"href":"https:\/\/plazadetoroslamalagueta.com\/de\/wp-json\/wp\/v2\/users\/4"}],"replies":[{"embeddable":true,"href":"https:\/\/plazadetoroslamalagueta.com\/de\/wp-json\/wp\/v2\/comments?post=22375"}],"version-history":[{"count":6,"href":"https:\/\/plazadetoroslamalagueta.com\/de\/wp-json\/wp\/v2\/posts\/22375\/revisions"}],"predecessor-version":[{"id":22418,"href":"https:\/\/plazadetoroslamalagueta.com\/de\/wp-json\/wp\/v2\/posts\/22375\/revisions\/22418"}],"wp:featuredmedia":[{"embeddable":true,"href":"https:\/\/plazadetoroslamalagueta.com\/de\/wp-json\/wp\/v2\/media\/22376"}],"wp:attachment":[{"href":"https:\/\/plazadetoroslamalagueta.com\/de\/wp-json\/wp\/v2\/media?parent=22375"}],"wp:term":[{"taxonomy":"category","embeddable":true,"href":"https:\/\/plazadetoroslamalagueta.com\/de\/wp-json\/wp\/v2\/categories?post=22375"},{"taxonomy":"post_tag","embeddable":true,"href":"https:\/\/plazadetoroslamalagueta.com\/de\/wp-json\/wp\/v2\/tags?post=22375"}],"curies":[{"name":"wp","href":"https:\/\/api.w.org\/{rel}","templated":true}]}}